{"id":91691,"date":"2023-07-31T17:37:04","date_gmt":"2023-07-31T20:37:04","guid":{"rendered":"https:\/\/www.centraldenoticias.com.ar\/?p=91691"},"modified":"2023-07-31T17:37:04","modified_gmt":"2023-07-31T20:37:04","slug":"la-policia-recupero-dos-bicicletas-en-olavarria-y-buscan-a-sus-duenos","status":"publish","type":"post","link":"https:\/\/cdnoticias.com\/index.php\/2023\/07\/31\/la-policia-recupero-dos-bicicletas-en-olavarria-y-buscan-a-sus-duenos\/","title":{"rendered":"La Polic\u00eda recuper\u00f3 dos bicicletas en Olavarr\u00eda y buscan a sus due\u00f1os"},"content":{"rendered":"<p>Uno de los hallazgos se dio en Calle 19 al 2900 y el segundo, en Rend\u00f3n al 4200.<\/p>\n<p><!--more--><\/p>\n<hr \/>\n<p>En sendos casos registrados en los \u00faltimos d\u00edas,<strong> la Polic\u00eda recuper\u00f3 dos bicicletas<\/strong> y buscan a sus due\u00f1os.<\/p>\n<p>&nbsp;<\/p>\n<p>El domingo, los efectivos fueron convocados a trav\u00e9s del 911 a <strong>Calle 19 al 2900<\/strong>. En el llamado se expuso que dos personas<strong> intentaban vender una bicicleta color azul.<\/strong><\/p>\n<p>&nbsp;<\/p>\n<p>Cuando el m\u00f3vil se present\u00f3 hallaron el rodado el cual <strong>fue abandonado por un menor de edad, quien se dio a la fuga<\/strong> al advertir el arribo del personal uniformado.<\/p>\n<p>&nbsp;<\/p>\n<blockquote><p>Se trata de una bicicleta color azul tipo mountain bike sin marca visible, con rodado 26 y 21 velocidades. Se solicit\u00f3 a quien resulte ser propietario que se dirija a la Comisar\u00eda Primera a los fines de realizar actuaciones para acreditar su propiedad. (foto de tapa)<\/p><\/blockquote>\n<p>&nbsp;<\/p>\n<p>Se iniciaron actuaciones por <strong>\u201caveriguaci\u00f3n de il\u00edcito\u201d<\/strong> con intervenci\u00f3n de la UFI N\u00ba 17 del Fuero Penal Juvenil de Azul.<\/p>\n<p>&nbsp;<\/p>\n<p><img data-recalc-dims=\"1\" loading=\"lazy\" decoding=\"async\" class=\"size-full wp-image-91693 aligncenter\" src=\"https:\/\/i0.wp.com\/cdnoticias.com\/wp-content\/uploads\/2023\/07\/rendon-4300-robo-de-bici-00.jpg?resize=800%2C446&#038;ssl=1\" alt=\"\" width=\"800\" height=\"446\" srcset=\"https:\/\/i0.wp.com\/cdnoticias.com\/wp-content\/uploads\/2023\/07\/rendon-4300-robo-de-bici-00.jpg?w=800&amp;ssl=1 800w, https:\/\/i0.wp.com\/cdnoticias.com\/wp-content\/uploads\/2023\/07\/rendon-4300-robo-de-bici-00.jpg?resize=300%2C167&amp;ssl=1 300w, https:\/\/i0.wp.com\/cdnoticias.com\/wp-content\/uploads\/2023\/07\/rendon-4300-robo-de-bici-00.jpg?resize=768%2C428&amp;ssl=1 768w\" sizes=\"auto, (max-width: 800px) 100vw, 800px\" \/><\/p>\n<p>&nbsp;<\/p>\n<p>Por otro lado, el s\u00e1bado el personal de Polic\u00eda Local se present\u00f3 en <strong>calle Rend\u00f3n entre Leal y Mu\u00f1oz<\/strong> a ra\u00edz de un llamado a trav\u00e9s del sistema de \u201cOjos en Alerta\u201d.<\/p>\n<p>&nbsp;<\/p>\n<blockquote><p>En ese sector fue recogida una bicicleta tipo mountain bike rodado 26 negra con vivos en color celeste marca \u201cOlmo\u201d, cambios marca Shimano y\u00a0 cuadro de aluminio n\u00b00777jl1705. (foto interior)<\/p><\/blockquote>\n<p>&nbsp;<\/p>\n<p>Desde la Comisar\u00eda Segunda <strong>se solicit\u00f3 a quien resulte propietario<\/strong> que <strong>concurra a la dependencia<\/strong> para proseguir con las actuaciones.<\/p>\n<p>&nbsp;<\/p>\n<p>Se inici\u00f3 un expediente penal por <strong>\u201challazgo\u201d<\/strong> con intervenci\u00f3n de la Ayudant\u00eda Fiscal de Autores Ignorados.<\/p>\n<p>&nbsp;<\/p>\n","protected":false},"excerpt":{"rendered":"<p>Uno de los hallazgos se dio en Calle 19 al 2900 y el segundo, en Rend\u00f3n al 4200.<\/p>\n","protected":false},"author":4,"featured_media":91692,"comment_status":"closed","ping_status":"closed","sticky":false,"template":"","format":"standard","meta":{"_jetpack_memberships_contains_paid_content":false,"footnotes":""},"categories":[14,1],"tags":[],"class_list":["post-91691","post","type-post","status-publish","format-standard","has-post-thumbnail","hentry","category-policiales","category-portada"],"jetpack_featured_media_url":"https:\/\/i0.wp.com\/cdnoticias.com\/wp-content\/uploads\/2023\/07\/averiguacion-de-ilicito-bicicleta-calle-19a.jpg?fit=800%2C445&ssl=1","jetpack_sharing_enabled":true,"_links":{"self":[{"href":"https:\/\/cdnoticias.com\/index.php\/wp-json\/wp\/v2\/posts\/91691","targetHints":{"allow":["GET"]}}],"collection":[{"href":"https:\/\/cdnoticias.com\/index.php\/wp-json\/wp\/v2\/posts"}],"about":[{"href":"https:\/\/cdnoticias.com\/index.php\/wp-json\/wp\/v2\/types\/post"}],"author":[{"embeddable":true,"href":"https:\/\/cdnoticias.com\/index.php\/wp-json\/wp\/v2\/users\/4"}],"replies":[{"embeddable":true,"href":"https:\/\/cdnoticias.com\/index.php\/wp-json\/wp\/v2\/comments?post=91691"}],"version-history":[{"count":0,"href":"https:\/\/cdnoticias.com\/index.php\/wp-json\/wp\/v2\/posts\/91691\/revisions"}],"wp:featuredmedia":[{"embeddable":true,"href":"https:\/\/cdnoticias.com\/index.php\/wp-json\/wp\/v2\/media\/91692"}],"wp:attachment":[{"href":"https:\/\/cdnoticias.com\/index.php\/wp-json\/wp\/v2\/media?parent=91691"}],"wp:term":[{"taxonomy":"category","embeddable":true,"href":"https:\/\/cdnoticias.com\/index.php\/wp-json\/wp\/v2\/categories?post=91691"},{"taxonomy":"post_tag","embeddable":true,"href":"https:\/\/cdnoticias.com\/index.php\/wp-json\/wp\/v2\/tags?post=91691"}],"curies":[{"name":"wp","href":"https:\/\/api.w.org\/{rel}","templated":true}]}}