{"id":91683,"date":"2023-08-01T09:48:26","date_gmt":"2023-08-01T12:48:26","guid":{"rendered":"https:\/\/www.centraldenoticias.com.ar\/?p=91683"},"modified":"2023-08-01T11:52:48","modified_gmt":"2023-08-01T14:52:48","slug":"eduardo-rodriguez-hay-que-tener-una-administracion-austera","status":"publish","type":"post","link":"https:\/\/cdnoticias.com\/index.php\/2023\/08\/01\/eduardo-rodriguez-hay-que-tener-una-administracion-austera\/","title":{"rendered":"Eduardo Rodr\u00edguez: \u201cHay que tener una administraci\u00f3n austera\u201d"},"content":{"rendered":"<p>El precandidato a intendente por UP habl\u00f3 con Central de Noticias sobre las principales propuestas del espacio. La interna y la promesa de reducir la planta de funcionarios municipales.<!--more--><\/p>\n<hr \/>\n<p>El <strong>precandidato a intendente por la Lista 4 Celeste y Blanca en Uni\u00f3n por la Patria, Eduardo Rodr\u00edguez<\/strong>, habl\u00f3 con <em>Central de Noticias<\/em> antes de la celebraci\u00f3n de las elecciones primarias 2023.<\/p>\n<p>&nbsp;<\/p>\n<p>Focaliz\u00f3 en la necesidad de una <strong>gesti\u00f3n municipal \u201caustera\u201d y \u201ceficiente\u201d.<\/strong> En ese sentido resalt\u00f3 el aumento de la planta municipal desde 2015 <strong>\u201cen m\u00e1s de 500 empleados\u201d<\/strong> y prometi\u00f3 que si ese elegido como jefe comunal reducir\u00e1 la <strong>planta de funcionarios.<\/strong><\/p>\n<p>&nbsp;<\/p>\n<p>Adem\u00e1s, habl\u00f3 sobre las expectativas de la interna en Uni\u00f3n por la Patria y los proyectos vinculados a distintas \u00e1reas.<\/p>\n<p>&nbsp;<\/p>\n<p><strong>-\u00bfPor qu\u00e9 sos candidato?<\/strong><\/p>\n<p>Hace muchos a\u00f1os que vengo trabajando en la gesti\u00f3n municipal, tengo un recorrido en la gesti\u00f3n de los medios con Jos\u00e9 (Eseverri), en la universidad, en el Concejo Deliberante. Esta es la primera vez que me postulo para candidato a intendente, un cargo por el cual siempre tuve mucho respeto, creo que hab\u00eda que tener una trayectoria, una experiencia, un recorrido que ameritara a presentarse o postularse ante los vecinos. Lo hago tambi\u00e9n porque creo que el municipio de Olavarr\u00eda tiene que volver a ser el motor del desarrollo, del progreso y porque tenemos que darle a los olavarrienses una nueva gesti\u00f3n municipal en diciembre, que vuelva a poner a Olavarr\u00eda en el coraz\u00f3n de la provincia de Buenos Aires.<\/p>\n<p>&nbsp;<\/p>\n<p><strong>-\u00bfCu\u00e1l es ese ese impulso que se necesita y que se puede dar desde una intendencia? <\/strong><\/p>\n<p>Primero ordenar las cuentas, generar una administraci\u00f3n austera, eficiente, que nos permita recuperar la capacidad de inversi\u00f3n p\u00fablica que tuvo hist\u00f3ricamente este municipio. En estos siete a\u00f1os y medio de gesti\u00f3n del actual intendente si algo hemos perdido es justamente eso. El recurso extraordinario que siempre tuvo el Municipio, que fue el impuesto a la piedra, hoy est\u00e1 financiando el d\u00e9ficit y el gasto corriente de la municipalidad. Entonces hoy el municipio en vez de alentar, fomentar, acompa\u00f1ar a nuestros vecinos, es en muchos casos un palo en la rueda, es en muchos casos una piedra en el camino y este municipio tiene que estar al servicio de los vecinos y al servicio de los empresarios, de los comerciantes, de los industriales, de los productores que en realidad son el verdadero motor de esta ciudad. Ahora, si no ordenamos las cuentas, si no generamos una administraci\u00f3n eficiente, si no volvemos a recuperar esa capacidad de inversi\u00f3n p\u00fablica, el municipio no va a poder afrontar este desaf\u00edo que es darle a los olavarrienses las obras y los servicios que esta ciudad necesita para seguir creciendo.<\/p>\n<p>&nbsp;<\/p>\n<p><img data-recalc-dims=\"1\" loading=\"lazy\" decoding=\"async\" class=\"aligncenter size-full wp-image-91382\" src=\"https:\/\/i0.wp.com\/cdnoticias.com\/wp-content\/uploads\/2023\/07\/rodriguez-eduardo-04.jpg?resize=800%2C445&#038;ssl=1\" alt=\"\" width=\"800\" height=\"445\" srcset=\"https:\/\/i0.wp.com\/cdnoticias.com\/wp-content\/uploads\/2023\/07\/rodriguez-eduardo-04.jpg?w=800&amp;ssl=1 800w, https:\/\/i0.wp.com\/cdnoticias.com\/wp-content\/uploads\/2023\/07\/rodriguez-eduardo-04.jpg?resize=300%2C167&amp;ssl=1 300w, https:\/\/i0.wp.com\/cdnoticias.com\/wp-content\/uploads\/2023\/07\/rodriguez-eduardo-04.jpg?resize=768%2C427&amp;ssl=1 768w\" sizes=\"auto, (max-width: 800px) 100vw, 800px\" \/><\/p>\n<p>&nbsp;<\/p>\n<p><strong>-\u00bfA d\u00f3nde es que hay que ordenar las cuentas? \u00bfEs un problema de un \u00e1rea puntual?<\/strong><\/p>\n<p>El diagn\u00f3stico lo venimos haciendo cada vez que tratamos el presupuesto municipal, cada vez que tratamos sobre todo la Rendici\u00f3n de Cuentas. El ejecutado de este primer semestre da un d\u00e9ficit directo econ\u00f3mico por encima de los 700 millones de pesos y creo que hay decisiones pol\u00edticas que ha tomado el intendente que han impactado fuertemente sobre el presupuesto municipal. Por ejemplo, haber aumentado la planta de personal desde el 2015 a la fecha en m\u00e1s de 500 empleados: hoy la municipalidad cuenta con 2.630 empleados. Entendemos que una medida concreta que tenemos que tomar es congelar el ingreso del personal del municipio salvo que est\u00e9 fundado en razones de servicio.<\/p>\n<p>&nbsp;<\/p>\n<blockquote><p>La otra cosa que impacta tambi\u00e9n es que ha incrementado la planta de funcionarios pol\u00edticos. Nosotros tenemos un compromiso si nos toca asumir en diciembre, de designar un 25 o un 30 por ciento menos de funcionarios que acompa\u00f1en al intendente.<\/p><\/blockquote>\n<p>&nbsp;<\/p>\n<p>Hay que revisar el contrato m\u00e1s importante que tiene el municipio que es con Malvinas. Es un contrato que se firm\u00f3 sin pasar por el Concejo Deliberante, en una licitaci\u00f3n con \u00fanico oferente, con lo cual lo transform\u00f3 en una habitaci\u00f3n poco transparente a nuestro criterio, un servicio que se licit\u00f3 casi en las mismas condiciones que se licit\u00f3 hace diez a\u00f1os atr\u00e1s cuando la disposici\u00f3n final de los residuos ha cambiado y ha avanzado hacia el sistema de separaci\u00f3n en origen y reciclado que otras ciudades a\u00fan con la operaci\u00f3n de Malvinas lo han hecho m\u00e1s r\u00e1pido que nosotros. \u00a0Ese contrato en el marco de la ley, en el marco del contrato firmado, hay que revisarlo y sentarnos con la empresa. Tambi\u00e9n hay que revisar todo el sistema de compras del hospital municipal, compras que generalmente de insumos y medicamentos que est\u00e1n atados al precio d\u00f3lar y donde una buena administraci\u00f3n y un buen sistema de compras mejora much\u00edsimo obviamente el gasto en ese sector. Y tambi\u00e9n tenemos que sentarnos juntos con el Sindicato de Trabajadores Municipales a revisar qu\u00e9 servicios podemos afrontar que hoy quiz\u00e1s est\u00e9n tercerizados con el personal que ya ha sido incorporado a la planta del municipio.<\/p>\n<p>&nbsp;<\/p>\n<blockquote><p>Hay que tener una administraci\u00f3n austera, estar encima de la gesti\u00f3n y poder ordenar las cuentas de manera tal que podamos salir de esta situaci\u00f3n de desequilibrio y recuperar esa capacidad de inversi\u00f3n.<\/p><\/blockquote>\n<p>&nbsp;<\/p>\n<p><img data-recalc-dims=\"1\" loading=\"lazy\" decoding=\"async\" class=\"aligncenter size-full wp-image-91380\" src=\"https:\/\/i0.wp.com\/cdnoticias.com\/wp-content\/uploads\/2023\/07\/rodriguez-eduardo-02.jpg?resize=800%2C445&#038;ssl=1\" alt=\"\" width=\"800\" height=\"445\" srcset=\"https:\/\/i0.wp.com\/cdnoticias.com\/wp-content\/uploads\/2023\/07\/rodriguez-eduardo-02.jpg?w=800&amp;ssl=1 800w, https:\/\/i0.wp.com\/cdnoticias.com\/wp-content\/uploads\/2023\/07\/rodriguez-eduardo-02.jpg?resize=300%2C167&amp;ssl=1 300w, https:\/\/i0.wp.com\/cdnoticias.com\/wp-content\/uploads\/2023\/07\/rodriguez-eduardo-02.jpg?resize=768%2C427&amp;ssl=1 768w\" sizes=\"auto, (max-width: 800px) 100vw, 800px\" \/><\/p>\n<p>&nbsp;<\/p>\n<p><strong>-Cuando te refer\u00eds al tema de la cantidad de empleados y de los funcionarios \u00bfte parecen que los que est\u00e1n actualmente no trabajan bien?<\/strong><\/p>\n<p>No, yo lo que digo es que los funcionarios pol\u00edticos tienen que tener una dedicaci\u00f3n y un compromiso al cargo mucho mayor. Obviamente no se puede generalizar y tambi\u00e9n valoro el recurso humano de los trabajadores municipales, obviamente. Creo que hay que jerarquizar, hay que respetar los derechos laborales y jerarquizar sobre todo los recursos profesionales de salud que es una materia pendiente pero en general yo veo que la planta pol\u00edtica de funcionarios ha crecido enormemente y ese es mi compromiso de que si soy electo intendente en diciembre voy a designar un 25 o 30 por ciento menos de funcionarios pol\u00edticos y a los funcionarios pol\u00edticos s\u00ed les voy pedir la m\u00e1xima dedicaci\u00f3n al cargo. Esto es no solamente estar en el municipio, sino estar en la calle, estar donde se necesita cubrir la necesidad y la demanda de las personas, recorrer las actividades los fines de semana, tener presencia en el Hospital, en las unidades sanitarias, en todos los efectores que tiene el municipio, porque esa es la garant\u00eda de que el trabajo se haga y se haga bien.<\/p>\n<p>&nbsp;<\/p>\n<p><strong>-En tu trayectoria estuviste en el \u00e1rea de Desarrollo Social \u00bfCu\u00e1les son tus propuestas para esta \u00e1rea? <\/strong><\/p>\n<p>Nosotros dejamos en 2015 un modelo de gesti\u00f3n vinculado a los Servicios Territoriales municipales que a m\u00ed me interesa profundizar, sobre todo porque el planteo de los servicios territoriales municipales era afianzar en territorio la integraci\u00f3n de las distintas \u00e1reas del municipio para enfrentar las problem\u00e1ticas sociales y las problem\u00e1ticas de la familia. Esa visi\u00f3n creo que hay que profundizarla, nosotros estamos planteando construir un nuevo servicio territorial, el n\u00famero 3, en el predio donde funcionaba el Matadero Municipal, ampliar la cobertura de un programa muy bueno que tiene el municipio que es el de los jardines maternales municipales, el \u00faltimo que se construy\u00f3 fue en 2015, el Jard\u00edn Maternal Papa Francisco. Nosotros estamos planteando abrir dos nuevos servicios: en en el Servicio Municipal Territorial 3, todo el sector de Olavarr\u00eda que est\u00e1 entre 226 y Cuarteles; y en la localidad de Loma Negra.<\/p>\n<p>Hay que abordar un tema muy complejo como es el del consumo problem\u00e1tico o el problema de las adicciones, tenemos que volver a trabajar en la red social que tiene Olavarr\u00eda con pol\u00edticas de prevenci\u00f3n y de cuidado. Tambi\u00e9n queremos reforzar y ampliar el programa de ayuda de materiales de que es un programa que ha quedado bastante descontinuado y que nos permit\u00eda resolver los problemas de hacinamiento y de mejora de viviendas de muchas familias que no tienen la posibilidad de acceder a los materiales de construcci\u00f3n, a asesoramiento t\u00e9cnico, apoyo para construir. Y tambi\u00e9n queremos impulsar lo que es la ampliaci\u00f3n de la planta urbana y la efectiva puesta en marcha del cobro de la tasa de renta diferencial urbana que nos permita generar lotes en el banco de tierra para que aquellas familias que no tienen lotes con servicio puedan acceder a un lote y construir su vivienda.<\/p>\n<p>&nbsp;<\/p>\n<blockquote class=\"instagram-media\" style=\"background: #FFF; border: 0; border-radius: 3px; box-shadow: 0 0 1px 0 rgba(0,0,0,0.5),0 1px 10px 0 rgba(0,0,0,0.15); margin: 1px; max-width: 540px; min-width: 326px; padding: 0; width: calc(100% - 2px);\" data-instgrm-permalink=\"https:\/\/www.instagram.com\/reel\/CvZwY1Ngbja\/?utm_source=ig_embed&amp;utm_campaign=loading\" data-instgrm-version=\"14\">\n<div style=\"padding: 16px;\">\n<p>&nbsp;<\/p>\n<div style=\"display: flex; flex-direction: row; align-items: center;\">\n<div style=\"background-color: #f4f4f4; border-radius: 50%; flex-grow: 0; height: 40px; margin-right: 14px; width: 40px;\"><\/div>\n<div style=\"display: flex; flex-direction: column; flex-grow: 1; justify-content: center;\">\n<div style=\"background-color: #f4f4f4; border-radius: 4px; flex-grow: 0; height: 14px; margin-bottom: 6px; width: 100px;\"><\/div>\n<div style=\"background-color: #f4f4f4; border-radius: 4px; flex-grow: 0; height: 14px; width: 60px;\"><\/div>\n<\/div>\n<\/div>\n<div style=\"padding: 19% 0;\"><\/div>\n<div style=\"display: block; height: 50px; margin: 0 auto 12px; width: 50px;\"><\/div>\n<div style=\"padding-top: 8px;\">\n<div style=\"color: #3897f0; font-family: Arial,sans-serif; font-size: 14px; font-style: normal; font-weight: 550; line-height: 18px;\">Ver esta publicaci\u00f3n en Instagram<\/div>\n<\/div>\n<div style=\"padding: 12.5% 0;\"><\/div>\n<div style=\"display: flex; flex-direction: row; margin-bottom: 14px; align-items: center;\">\n<div>\n<div style=\"background-color: #f4f4f4; border-radius: 50%; height: 12.5px; width: 12.5px; transform: translateX(0px) translateY(7px);\"><\/div>\n<div style=\"background-color: #f4f4f4; height: 12.5px; transform: rotate(-45deg) translateX(3px) translateY(1px); width: 12.5px; flex-grow: 0; margin-right: 14px; margin-left: 2px;\"><\/div>\n<div style=\"background-color: #f4f4f4; border-radius: 50%; height: 12.5px; width: 12.5px; transform: translateX(9px) translateY(-18px);\"><\/div>\n<\/div>\n<div style=\"margin-left: 8px;\">\n<div style=\"background-color: #f4f4f4; border-radius: 50%; flex-grow: 0; height: 20px; width: 20px;\"><\/div>\n<div style=\"width: 0; height: 0; border-top: 2px solid transparent; border-left: 6px solid #f4f4f4; border-bottom: 2px solid transparent; transform: translateX(16px) translateY(-4px) rotate(30deg);\"><\/div>\n<\/div>\n<div style=\"margin-left: auto;\">\n<div style=\"width: 0px; border-top: 8px solid #F4F4F4; border-right: 8px solid transparent; transform: translateY(16px);\"><\/div>\n<div style=\"background-color: #f4f4f4; flex-grow: 0; height: 12px; width: 16px; transform: translateY(-4px);\"><\/div>\n<div style=\"width: 0; height: 0; border-top: 8px solid #F4F4F4; border-left: 8px solid transparent; transform: translateY(-4px) translateX(8px);\"><\/div>\n<\/div>\n<\/div>\n<div style=\"display: flex; flex-direction: column; flex-grow: 1; justify-content: center; margin-bottom: 24px;\">\n<div style=\"background-color: #f4f4f4; border-radius: 4px; flex-grow: 0; height: 14px; margin-bottom: 6px; width: 224px;\"><\/div>\n<div style=\"background-color: #f4f4f4; border-radius: 4px; flex-grow: 0; height: 14px; width: 144px;\"><\/div>\n<\/div>\n<p>&nbsp;<\/p>\n<p style=\"color: #c9c8cd; font-family: Arial,sans-serif; font-size: 14px; line-height: 17px; margin-bottom: 0; margin-top: 8px; overflow: hidden; padding: 8px 0 7px; text-align: center; text-overflow: ellipsis; white-space: nowrap;\"><a style=\"color: #c9c8cd; font-family: Arial,sans-serif; font-size: 14px; font-style: normal; font-weight: normal; line-height: 17px; text-decoration: none;\" href=\"https:\/\/www.instagram.com\/reel\/CvZwY1Ngbja\/?utm_source=ig_embed&amp;utm_campaign=loading\" target=\"_blank\" rel=\"noopener\">Una publicaci\u00f3n compartida por Central de Noticias Olavarr\u00eda (@cdnolavarria)<\/a><\/p>\n<\/div>\n<\/blockquote>\n<p><script async src=\"\/\/www.instagram.com\/embed.js\"><\/script><\/p>\n<p>&nbsp;<\/p>\n<p><strong>-\u00bfQu\u00e9 escenario nos muestra que haya una PASO en Olavarr\u00eda en Uni\u00f3n por la Patria y cu\u00e1les son tus fortalezas respecto a los otros precandidatos con los que est\u00e1s compitiendo?<\/strong><\/p>\n<p>Nosotros representamos desde que iniciamos este espacio a Sergio Massa que es el candidato a presidente. Con \u00e9l venimos trabajando desde hace a\u00f1os, conoce Olavarr\u00eda, conoce la provincia de Buenos Aires y tenemos una relaci\u00f3n personal con \u00e9l. Nosotros hemos planteado dentro de UP, que para que Olavarr\u00eda tenga un nuevo intendente y que tengamos una nueva gesti\u00f3n municipal, tenemos que abrir el espacio, tenemos que tener una propuesta y candidatos como los que estamos llevando adelante desde nuestra lista de concejales, que no solo puedan atraer el voto de los vecinos que est\u00e1n convencidos de Uni\u00f3n por la Patria sino que tambi\u00e9n pueda tener el voto de los vecinos que quieren un cambio de gesti\u00f3n a nivel local. Creo que adem\u00e1s expresamos la trayectoria, un recorrido, una experiencia en la gesti\u00f3n municipal, con candidatos como Ra\u00fal Kuhn, que encabeza la lista de concejales, de Eva Cura, de Carlos Bettiga y en mi caso.<\/p>\n<p>Obviamente si nos toca encabezar despu\u00e9s de las PASO esta fuerza pol\u00edtica, vamos a convocar no solo a las dos fuerzas que compiten en la interna sino tambi\u00e9n a otros sectores pol\u00edticos y si nos toca acompa\u00f1ar lo vamos a hacer porque nuestro compromiso es trabajar para que haya un nuevo intendente en Olavarr\u00eda.<\/p>\n<p>&nbsp;<\/p>\n<blockquote class=\"wp-embedded-content\" data-secret=\"qTGTDEdygp\"><p><a href=\"https:\/\/cdnoticias.com\/index.php\/2023\/07\/03\/eduardo-rodriguez-presento-la-lista-de-precandidatos-y-su-opcion-electoral-local\/\">Eduardo Rodr\u00edguez present\u00f3 la lista de precandidatos y su opci\u00f3n electoral local<\/a><\/p><\/blockquote>\n<p><iframe loading=\"lazy\" class=\"wp-embedded-content\" sandbox=\"allow-scripts\" security=\"restricted\" style=\"position: absolute; clip: rect(1px, 1px, 1px, 1px);\" title=\"&#8220;Eduardo Rodr\u00edguez present\u00f3 la lista de precandidatos y su opci\u00f3n electoral local&#8221; &#8212; Central de Noticias | Olavarr\u00eda\" src=\"https:\/\/cdnoticias.com\/index.php\/2023\/07\/03\/eduardo-rodriguez-presento-la-lista-de-precandidatos-y-su-opcion-electoral-local\/embed\/#?secret=jwJ8JpXwI5#?secret=qTGTDEdygp\" data-secret=\"qTGTDEdygp\" width=\"600\" height=\"338\" frameborder=\"0\" marginwidth=\"0\" marginheight=\"0\" scrolling=\"no\"><\/iframe><\/p>\n<p>&nbsp;<\/p>\n","protected":false},"excerpt":{"rendered":"<p>El precandidato a intendente por UP habl\u00f3 con Central de Noticias sobre las principales propuestas del espacio. La interna y<\/p>\n","protected":false},"author":5,"featured_media":91383,"comment_status":"closed","ping_status":"closed","sticky":false,"template":"","format":"standard","meta":{"_jetpack_memberships_contains_paid_content":false,"footnotes":""},"categories":[4,1],"tags":[],"class_list":["post-91683","post","type-post","status-publish","format-standard","has-post-thumbnail","hentry","category-politica","category-portada"],"jetpack_featured_media_url":"https:\/\/i0.wp.com\/cdnoticias.com\/wp-content\/uploads\/2023\/07\/rodriguez-eduardo-05.jpg?fit=800%2C445&ssl=1","jetpack_sharing_enabled":true,"_links":{"self":[{"href":"https:\/\/cdnoticias.com\/index.php\/wp-json\/wp\/v2\/posts\/91683","targetHints":{"allow":["GET"]}}],"collection":[{"href":"https:\/\/cdnoticias.com\/index.php\/wp-json\/wp\/v2\/posts"}],"about":[{"href":"https:\/\/cdnoticias.com\/index.php\/wp-json\/wp\/v2\/types\/post"}],"author":[{"embeddable":true,"href":"https:\/\/cdnoticias.com\/index.php\/wp-json\/wp\/v2\/users\/5"}],"replies":[{"embeddable":true,"href":"https:\/\/cdnoticias.com\/index.php\/wp-json\/wp\/v2\/comments?post=91683"}],"version-history":[{"count":0,"href":"https:\/\/cdnoticias.com\/index.php\/wp-json\/wp\/v2\/posts\/91683\/revisions"}],"wp:featuredmedia":[{"embeddable":true,"href":"https:\/\/cdnoticias.com\/index.php\/wp-json\/wp\/v2\/media\/91383"}],"wp:attachment":[{"href":"https:\/\/cdnoticias.com\/index.php\/wp-json\/wp\/v2\/media?parent=91683"}],"wp:term":[{"taxonomy":"category","embeddable":true,"href":"https:\/\/cdnoticias.com\/index.php\/wp-json\/wp\/v2\/categories?post=91683"},{"taxonomy":"post_tag","embeddable":true,"href":"https:\/\/cdnoticias.com\/index.php\/wp-json\/wp\/v2\/tags?post=91683"}],"curies":[{"name":"wp","href":"https:\/\/api.w.org\/{rel}","templated":true}]}}