{"id":91666,"date":"2023-08-01T17:00:13","date_gmt":"2023-08-01T20:00:13","guid":{"rendered":"https:\/\/www.centraldenoticias.com.ar\/?p=91666"},"modified":"2023-08-01T17:49:22","modified_gmt":"2023-08-01T20:49:22","slug":"emilio-vitale-ninguna-de-las-localidades-tiene-una-ordenanza-especifica","status":"publish","type":"post","link":"https:\/\/cdnoticias.com\/index.php\/2023\/08\/01\/emilio-vitale-ninguna-de-las-localidades-tiene-una-ordenanza-especifica\/","title":{"rendered":"Emilio Vitale: \u201cNinguna de las localidades tiene una ordenanza espec\u00edfica\u201d"},"content":{"rendered":"<p>Lo se\u00f1al\u00f3 el subsecretario de Gobierno en el marco de la ordenanza de zonificaci\u00f3n de Sierra Chica. El trabajo previo, la importancia del ordenamiento territorial y las particularidades de cada lugar.<!--more--><\/p>\n<hr \/>\n<p>El<strong> subsecretario de Gobierno, Emilio Vitale<\/strong>, habl\u00f3 con el <em>programa radial \u201cLevantate\u201d<\/em> sobre la ordenanza que busca el<a href=\"https:\/\/cdnoticias.com\/index.php\/2023\/07\/19\/se-presento-el-proyecto-de-zonificacion-y-ampliacion-de-la-planta-urbana-de-sierra-chica\/\" target=\"_blank\" rel=\"noopener\"> ordenamiento territorial de Sierra Chica.<\/a> El funcionario destac\u00f3 el trabajo que llev\u00f3 \u201cdos a\u00f1os de recorrida\u201d y que surgi\u00f3 en 2021 \u201cporque nos encontr\u00e1bamos que <strong>en las localidades no ten\u00edamos una normativa<\/strong>, algo que ordene o que determine en qu\u00e9 lugar erradicarse una actividad o un servicio o una empresa y qu\u00e9 no\u201d.<\/p>\n<p>&nbsp;<\/p>\n<p>Vitale asegur\u00f3 que esta situaci\u00f3n <strong>generaba \u201cconflictos vecinales\u201d<\/strong> al registrarse \u201cuna especie de anarqu\u00eda en el sentido de que pod\u00eda convivir una residencia, una casa de un vecino y al lado una industria, una empresa\u201d.<\/p>\n<p>&nbsp;<\/p>\n<p>En ese sentido, el subsecretario de Gobierno resalt\u00f3 el <strong>trabajo en conjunto<\/strong> entre la Secretar\u00eda de Mantenimiento y Obras P\u00fablicas a trav\u00e9s de las Direcciones de Catastro y de Planeamiento, la Secretar\u00eda de Desarrollo Econ\u00f3mico mediante la Subsecretar\u00eda de Modernizaci\u00f3n, Planificaci\u00f3n y Transparencia, la Direcci\u00f3n de Miner\u00eda y la Direcci\u00f3n de Desarrollo Sustentable, adem\u00e1s de la Secretar\u00eda y Subsecretar\u00eda de Gobierno, entre otras \u00e1reas.<\/p>\n<p>&nbsp;<\/p>\n<p><img data-recalc-dims=\"1\" loading=\"lazy\" decoding=\"async\" class=\"aligncenter size-full wp-image-29891\" src=\"https:\/\/i0.wp.com\/cdnoticias.com\/wp-content\/uploads\/2021\/08\/sierra-chica-00.jpg?resize=800%2C445&#038;ssl=1\" alt=\"\" width=\"800\" height=\"445\" srcset=\"https:\/\/i0.wp.com\/cdnoticias.com\/wp-content\/uploads\/2021\/08\/sierra-chica-00.jpg?w=800&amp;ssl=1 800w, https:\/\/i0.wp.com\/cdnoticias.com\/wp-content\/uploads\/2021\/08\/sierra-chica-00.jpg?resize=300%2C167&amp;ssl=1 300w, https:\/\/i0.wp.com\/cdnoticias.com\/wp-content\/uploads\/2021\/08\/sierra-chica-00.jpg?resize=768%2C427&amp;ssl=1 768w\" sizes=\"auto, (max-width: 800px) 100vw, 800px\" \/><\/p>\n<p>&nbsp;<\/p>\n<p>\u201cNos parec\u00eda que con este ordenamiento<strong> empezamos a pensar en la localidad hacia donde permitimos una expansi\u00f3n de la planta urbana<\/strong>, hacia donde determinamos zonas complementarias donde vos puedas permitir, con indicadores urban\u00edsticos obviamente, la erradicaci\u00f3n de empresas y que m\u00e1s all\u00e1 de los parques industriales, las localidades conserven las actividades econ\u00f3micas productivas dentro de su territorio\u201d.<\/p>\n<p>&nbsp;<\/p>\n<blockquote><p>El diagn\u00f3stico realizado llev\u00f3 a la creaci\u00f3n de esta ordenanza. \u201cNinguna de las localidades tiene una ordenanza espec\u00edfica. Y no pod\u00e9s aplicar la ordenanza de ordenamiento territorial de Olavarr\u00eda en la localidad porque tiene condiciones y caracter\u00edsticas distintas\u201d, se\u00f1al\u00f3 Vitale.<\/p><\/blockquote>\n<p>&nbsp;<\/p>\n<p>En el paso previo a que la ordenanza sea discutida en el Concejo Deliberante, se\u00f1al\u00f3 que \u201ca partir de ahora empieza el proceso de <strong>vincularlo hacia la comunidad<\/strong>, empezar a contarle a la comunidad de Sierra Chica de qu\u00e9 se trata esto\u201d.<\/p>\n<p>&nbsp;<\/p>\n<p><img data-recalc-dims=\"1\" loading=\"lazy\" decoding=\"async\" class=\"aligncenter size-full wp-image-90688\" src=\"https:\/\/i0.wp.com\/cdnoticias.com\/wp-content\/uploads\/2023\/07\/zonificacion-localidades-1.jpg?resize=800%2C445&#038;ssl=1\" alt=\"\" width=\"800\" height=\"445\" srcset=\"https:\/\/i0.wp.com\/cdnoticias.com\/wp-content\/uploads\/2023\/07\/zonificacion-localidades-1.jpg?w=800&amp;ssl=1 800w, https:\/\/i0.wp.com\/cdnoticias.com\/wp-content\/uploads\/2023\/07\/zonificacion-localidades-1.jpg?resize=300%2C167&amp;ssl=1 300w, https:\/\/i0.wp.com\/cdnoticias.com\/wp-content\/uploads\/2023\/07\/zonificacion-localidades-1.jpg?resize=768%2C427&amp;ssl=1 768w\" sizes=\"auto, (max-width: 800px) 100vw, 800px\" \/><\/p>\n<p>&nbsp;<\/p>\n<h2>Las caracter\u00edsticas de las localidades<\/h2>\n<p>&nbsp;<\/p>\n<p>\u201c<strong>No pod\u00edamos hacer una ordenanza para todas las localidades<\/strong> porque eran todas distintas en cantidad de poblaci\u00f3n, en estructura, en infraestructura, en los relieves y ten\u00e9s que constatar hasta reservas h\u00eddricas. Por ejemplo, en el caso de Sierra Chica hay un tramo del canal aliviador que se va a determinar como zona de reserva h\u00eddrica\u201d, agreg\u00f3.<\/p>\n<p>&nbsp;<\/p>\n<p>Entre los datos que se destacan del trabajo, se\u00f1al\u00f3 que en Sierra Chica \u201csi uno mira el corte de la planta urbana por ejemplo y las intervenciones que son los servicios <strong>nos sorprendi\u00f3 la red de gas.<\/strong> <strong>Est\u00e1 muy avanzada y muy desarrollada.<\/strong> Eso la verdad que es un dato llamativo y producto de ir y trabajar y cruzar planos uno empieza a vincularse con Camuzzi, con Coopelectric y ah\u00ed cruzas que servicios est\u00e1n y que no\u201d.<\/p>\n<p>&nbsp;<\/p>\n<p>Por otra parte, reconoci\u00f3 que la intenci\u00f3n es <strong>replicar este tipo de ordenanzas en el resto de las localidades.<\/strong> \u201cYa hicimos un relevamiento de Hinojo y lo tenemos tambi\u00e9n en trabajo, es un proceso m\u00e1s largo, es un trabajo de hormiga. Es un trabajo que hay que hacerlo a conciencia porque implica que vos est\u00e1s marcando un ordenamiento de ac\u00e1 para futuro\u201d.<\/p>\n<p>&nbsp;<\/p>\n<p>Como ejemplo de las <strong>particularidades de cada localidad,<\/strong> expres\u00f3 que \u201cen Hinojo ten\u00e9s el cruce de v\u00edas en el centro de la localidad. En Sierra Chica no lo ten\u00e9s, ah\u00ed ten\u00e9s macizo que va hacia arriba en lo que es el servicio penitenciario y toda la actividad minera cerca\u201d.<\/p>\n<p>&nbsp;<\/p>\n<blockquote><p>\u201cCada localidad tiene una fisionom\u00eda distinta. No podemos hacer una ordenanza general porque estar\u00edamos incurriendo en un error t\u00e9cnico\u201d.<\/p><\/blockquote>\n<p>&nbsp;<\/p>\n<p>\u201c<strong>No pod\u00e9s legislar para atr\u00e1s.<\/strong> Si vos determin\u00e1s una zonificaci\u00f3n por ejemplo de galpones o de industrias, cuando una industria es anterior a la ley vos no pod\u00e9s legislar para atr\u00e1s, hay un derecho adquirido. Ahora, si hay un cambio de raz\u00f3n social de esa empresa se aplica la nueva ley. Pero para dejarlo en claro, las empresas radicadas actualmente no son abordadas por esta organizaci\u00f3n, no le frenar\u00edamos la actividad\u201d, concluy\u00f3 Emilio Vitale.<\/p>\n<p>&nbsp;<\/p>\n<blockquote class=\"wp-embedded-content\" data-secret=\"hMcKqV5V9o\"><p><a href=\"https:\/\/cdnoticias.com\/index.php\/2023\/07\/25\/zonificacion-de-sierra-chica-esta-ordenanza-tiene-vision-de-futuro\/\">Zonificaci\u00f3n de Sierra Chica: \u201cEsta Ordenanza tiene visi\u00f3n de futuro\u201d<\/a><\/p><\/blockquote>\n<p><iframe loading=\"lazy\" class=\"wp-embedded-content\" sandbox=\"allow-scripts\" security=\"restricted\" style=\"position: absolute; clip: rect(1px, 1px, 1px, 1px);\" title=\"&#8220;Zonificaci\u00f3n de Sierra Chica: \u201cEsta Ordenanza tiene visi\u00f3n de futuro\u201d&#8221; &#8212; Central de Noticias | Olavarr\u00eda\" src=\"https:\/\/cdnoticias.com\/index.php\/2023\/07\/25\/zonificacion-de-sierra-chica-esta-ordenanza-tiene-vision-de-futuro\/embed\/#?secret=rbWIeW2VAs#?secret=hMcKqV5V9o\" data-secret=\"hMcKqV5V9o\" width=\"600\" height=\"338\" frameborder=\"0\" marginwidth=\"0\" marginheight=\"0\" scrolling=\"no\"><\/iframe><\/p>\n","protected":false},"excerpt":{"rendered":"<p>Lo se\u00f1al\u00f3 el subsecretario de Gobierno en el marco de la ordenanza de zonificaci\u00f3n de Sierra Chica. El trabajo previo,<\/p>\n","protected":false},"author":5,"featured_media":85915,"comment_status":"closed","ping_status":"closed","sticky":false,"template":"","format":"standard","meta":{"_jetpack_memberships_contains_paid_content":false,"footnotes":""},"categories":[5,1],"tags":[],"class_list":["post-91666","post","type-post","status-publish","format-standard","has-post-thumbnail","hentry","category-informacion-general","category-portada"],"jetpack_featured_media_url":"https:\/\/i0.wp.com\/cdnoticias.com\/wp-content\/uploads\/2023\/05\/emilio-vitale-00.jpg?fit=800%2C445&ssl=1","jetpack_sharing_enabled":true,"_links":{"self":[{"href":"https:\/\/cdnoticias.com\/index.php\/wp-json\/wp\/v2\/posts\/91666","targetHints":{"allow":["GET"]}}],"collection":[{"href":"https:\/\/cdnoticias.com\/index.php\/wp-json\/wp\/v2\/posts"}],"about":[{"href":"https:\/\/cdnoticias.com\/index.php\/wp-json\/wp\/v2\/types\/post"}],"author":[{"embeddable":true,"href":"https:\/\/cdnoticias.com\/index.php\/wp-json\/wp\/v2\/users\/5"}],"replies":[{"embeddable":true,"href":"https:\/\/cdnoticias.com\/index.php\/wp-json\/wp\/v2\/comments?post=91666"}],"version-history":[{"count":0,"href":"https:\/\/cdnoticias.com\/index.php\/wp-json\/wp\/v2\/posts\/91666\/revisions"}],"wp:featuredmedia":[{"embeddable":true,"href":"https:\/\/cdnoticias.com\/index.php\/wp-json\/wp\/v2\/media\/85915"}],"wp:attachment":[{"href":"https:\/\/cdnoticias.com\/index.php\/wp-json\/wp\/v2\/media?parent=91666"}],"wp:term":[{"taxonomy":"category","embeddable":true,"href":"https:\/\/cdnoticias.com\/index.php\/wp-json\/wp\/v2\/categories?post=91666"},{"taxonomy":"post_tag","embeddable":true,"href":"https:\/\/cdnoticias.com\/index.php\/wp-json\/wp\/v2\/tags?post=91666"}],"curies":[{"name":"wp","href":"https:\/\/api.w.org\/{rel}","templated":true}]}}