{"id":91648,"date":"2023-07-31T17:10:20","date_gmt":"2023-07-31T20:10:20","guid":{"rendered":"https:\/\/www.centraldenoticias.com.ar\/?p=91648"},"modified":"2023-07-31T17:10:25","modified_gmt":"2023-07-31T20:10:25","slug":"sergio-va-a-ser-un-presidente-que-va-a-escuchar-y-dialogar-con-todos","status":"publish","type":"post","link":"https:\/\/cdnoticias.com\/index.php\/2023\/07\/31\/sergio-va-a-ser-un-presidente-que-va-a-escuchar-y-dialogar-con-todos\/","title":{"rendered":"&#8220;Sergio va a ser un Presidente que va a escuchar y dialogar con todos&#8221;"},"content":{"rendered":"<p>Lo afirm\u00f3 la presidenta de la C\u00e1mara de Diputados, Cecilia Moreau luego del Encuentro de Mujeres y Diversidades en Merlo.<!--more--><\/p>\n<hr \/>\n<p>La presidenta de la C\u00e1mara de Diputados, Cecilia Moreau, dijo que &#8220;Sergio va a ser un Presidente que va a escuchar y dialogar con todos&#8221; y agreg\u00f3 que <strong>&#8220;tenemos que seguir trabajando todos y todas con ese objetivo porque es la mejor forma de mantener la unidad&#8221;<\/strong><\/p>\n<p>&nbsp;<\/p>\n<p>Adem\u00e1s, insisti\u00f3 en que &#8220;Sergio tiene una enorme capacidad de di\u00e1logo con todos, sabe escuchar y tomar decisiones r\u00e1pidas, conoce el Estado como ninguno sumado a una dedicaci\u00f3n de 24 horas los siete d\u00edas de la semana, con mucha experiencia para liderar equipos&#8221;.<\/p>\n<p>&nbsp;<\/p>\n<p>Moreau se manifest\u00f3 de tal manera luego del <strong>Encuentro de Mujeres y Diversidades realizado en el predio El Remanso, en el partido de Merlo<\/strong>, junto a la vicegobernadora bonaerense, Ver\u00f3nica Magario; las ministras de Gobierno bonaerense, Cristina \u00c1lvarez Rodr\u00edguez y la de Mujeres, Pol\u00edticas de G\u00e9nero y Diversidad Sexual de la Provincia, Estela D\u00edaz y la titular de AySA, Malena Galmarini.<\/p>\n<p>&nbsp;<\/p>\n<p>Asimismo, participaron la senadora nacional, Juliana Di Tullio; la intendenta de Merlo, Karina Men\u00e9ndez; la intendenta de Moreno, Mariel Fern\u00e1ndez y la secretaria de Desarrollo Econ\u00f3mico local, Roxana Monz\u00f3n.<\/p>\n<p>&nbsp;<\/p>\n<p>Del acto encabezado por el precandidato a Presidente de Uni\u00f3n por la Patria, Sergio Massa, estuvieron presentes el gobernador Axel Kicillof; el ministro del Interior, Eduardo De Pedro y el titular del Grupo Provincia, Gustavo Men\u00e9ndez.<\/p>\n","protected":false},"excerpt":{"rendered":"<p>Lo afirm\u00f3 la presidenta de la C\u00e1mara de Diputados, Cecilia Moreau luego del Encuentro de Mujeres y Diversidades en Merlo.<\/p>\n","protected":false},"author":5,"featured_media":91649,"comment_status":"closed","ping_status":"closed","sticky":false,"template":"","format":"standard","meta":{"_jetpack_memberships_contains_paid_content":false,"footnotes":""},"categories":[6,1],"tags":[],"class_list":["post-91648","post","type-post","status-publish","format-standard","has-post-thumbnail","hentry","category-nacionales","category-portada"],"jetpack_featured_media_url":"https:\/\/i0.wp.com\/cdnoticias.com\/wp-content\/uploads\/2023\/07\/cecilia-moreau.jpg?fit=800%2C445&ssl=1","jetpack_sharing_enabled":true,"_links":{"self":[{"href":"https:\/\/cdnoticias.com\/index.php\/wp-json\/wp\/v2\/posts\/91648","targetHints":{"allow":["GET"]}}],"collection":[{"href":"https:\/\/cdnoticias.com\/index.php\/wp-json\/wp\/v2\/posts"}],"about":[{"href":"https:\/\/cdnoticias.com\/index.php\/wp-json\/wp\/v2\/types\/post"}],"author":[{"embeddable":true,"href":"https:\/\/cdnoticias.com\/index.php\/wp-json\/wp\/v2\/users\/5"}],"replies":[{"embeddable":true,"href":"https:\/\/cdnoticias.com\/index.php\/wp-json\/wp\/v2\/comments?post=91648"}],"version-history":[{"count":0,"href":"https:\/\/cdnoticias.com\/index.php\/wp-json\/wp\/v2\/posts\/91648\/revisions"}],"wp:featuredmedia":[{"embeddable":true,"href":"https:\/\/cdnoticias.com\/index.php\/wp-json\/wp\/v2\/media\/91649"}],"wp:attachment":[{"href":"https:\/\/cdnoticias.com\/index.php\/wp-json\/wp\/v2\/media?parent=91648"}],"wp:term":[{"taxonomy":"category","embeddable":true,"href":"https:\/\/cdnoticias.com\/index.php\/wp-json\/wp\/v2\/categories?post=91648"},{"taxonomy":"post_tag","embeddable":true,"href":"https:\/\/cdnoticias.com\/index.php\/wp-json\/wp\/v2\/tags?post=91648"}],"curies":[{"name":"wp","href":"https:\/\/api.w.org\/{rel}","templated":true}]}}