{"id":91596,"date":"2023-07-29T15:25:49","date_gmt":"2023-07-30T14:30:10","guid":{"rendered":"https:\/\/www.centraldenoticias.com.ar\/?p=91596"},"modified":"2025-02-11T20:45:31","modified_gmt":"2025-02-11T23:45:31","slug":"termino-la-copa-de-invierno-festejaron-cadetes-y-el-fortin","status":"publish","type":"post","link":"https:\/\/cdnoticias.com\/index.php\/2023\/07\/29\/termino-la-copa-de-invierno-festejaron-cadetes-y-el-fortin\/","title":{"rendered":"Termin\u00f3 la \u201cCopa de Invierno\u201d: festejaron Cadetes y El Fort\u00edn"},"content":{"rendered":"<p>Lleg\u00f3 a su fin una nueva edici\u00f3n de la \u201cCopa de Invierno\u201d organizada por la Subcomisi\u00f3n de F\u00fatbol Menor del Club Estudiantes y los festejos fueron para Cadetes en dos categor\u00edas y El Fort\u00edn.<!--more--><\/p>\n<hr \/>\n<p>La 10\u00b0 edici\u00f3n de la competencia tradicional de las vacaciones de invierno lleg\u00f3 a su fin en el estadio principal del Parque Guerrero con la disputa de las tres finales.<\/p>\n<p>&nbsp;<\/p>\n<p>La \u201cCopa Christian B\u00e9ttiga\u201d puesta en juego para la categor\u00eda 2009 consagr\u00f3 a El Fort\u00edn y las \u201cCopa Ra\u00fal \u201cChueco\u201d Echeverr\u00eda\u201d para 2011 y la \u201cCopa Sim\u00f3n Vivas\u201d en 2010 fueron para Cadetes de Mar del Plata.<\/p>\n<p>&nbsp;<\/p>\n<p>[soliloquy id=&#8221;39338&#8243;]<\/p>\n<p>&nbsp;<\/p>\n<p>Los resultados:<\/p>\n<p>En 2009:<br \/>\nEl Fort\u00edn 2 \u2013 0 Racing<\/p>\n<p>En 2010:<br \/>\nCadetes 1 \u2013 0 Azul Athletic<\/p>\n<p>En 2011:<br \/>\nCadetes 1 \u2013 0 Azul Athletic<\/p>\n","protected":false},"excerpt":{"rendered":"<p>Lleg\u00f3 a su fin una nueva edici\u00f3n de la \u201cCopa de Invierno\u201d organizada por la Subcomisi\u00f3n de F\u00fatbol Menor del<\/p>\n","protected":false},"author":96739694,"featured_media":156634,"comment_status":"closed","ping_status":"closed","sticky":false,"template":"","format":"standard","meta":{"_jetpack_memberships_contains_paid_content":false,"footnotes":""},"categories":[35,40,1],"tags":[],"class_list":["post-91596","post","type-post","status-publish","format-standard","has-post-thumbnail","hentry","category-futbol","category-inferiores","category-portada"],"jetpack_featured_media_url":"https:\/\/i0.wp.com\/cdnoticias.com\/wp-content\/uploads\/2023\/07\/Photo_1690648739908.jpg?fit=1504%2C1004&ssl=1","jetpack_sharing_enabled":true,"_links":{"self":[{"href":"https:\/\/cdnoticias.com\/index.php\/wp-json\/wp\/v2\/posts\/91596","targetHints":{"allow":["GET"]}}],"collection":[{"href":"https:\/\/cdnoticias.com\/index.php\/wp-json\/wp\/v2\/posts"}],"about":[{"href":"https:\/\/cdnoticias.com\/index.php\/wp-json\/wp\/v2\/types\/post"}],"author":[{"embeddable":true,"href":"https:\/\/cdnoticias.com\/index.php\/wp-json\/wp\/v2\/users\/96739694"}],"replies":[{"embeddable":true,"href":"https:\/\/cdnoticias.com\/index.php\/wp-json\/wp\/v2\/comments?post=91596"}],"version-history":[{"count":0,"href":"https:\/\/cdnoticias.com\/index.php\/wp-json\/wp\/v2\/posts\/91596\/revisions"}],"wp:featuredmedia":[{"embeddable":true,"href":"https:\/\/cdnoticias.com\/index.php\/wp-json\/wp\/v2\/media\/156634"}],"wp:attachment":[{"href":"https:\/\/cdnoticias.com\/index.php\/wp-json\/wp\/v2\/media?parent=91596"}],"wp:term":[{"taxonomy":"category","embeddable":true,"href":"https:\/\/cdnoticias.com\/index.php\/wp-json\/wp\/v2\/categories?post=91596"},{"taxonomy":"post_tag","embeddable":true,"href":"https:\/\/cdnoticias.com\/index.php\/wp-json\/wp\/v2\/tags?post=91596"}],"curies":[{"name":"wp","href":"https:\/\/api.w.org\/{rel}","templated":true}]}}