{"id":91572,"date":"2023-07-29T19:00:32","date_gmt":"2023-07-29T22:00:32","guid":{"rendered":"https:\/\/www.centraldenoticias.com.ar\/?p=91572"},"modified":"2023-07-29T19:00:32","modified_gmt":"2023-07-29T22:00:32","slug":"el-intendente-galli-se-reunio-con-sociedades-de-fomento-y-juntas-vecinales","status":"publish","type":"post","link":"https:\/\/cdnoticias.com\/index.php\/2023\/07\/29\/el-intendente-galli-se-reunio-con-sociedades-de-fomento-y-juntas-vecinales\/","title":{"rendered":"El intendente Galli se reuni\u00f3 con Sociedades de Fomento y Juntas Vecinales"},"content":{"rendered":"<p>El encuentro se llev\u00f3 a cabo en la sede de la Sociedad de Fomento 10 de junio. Se mencionaron cuestiones vinculadas con la iluminaci\u00f3n, salud, seguridad y mantenimiento de espacios p\u00fablicos.<\/p>\n<p><!--more--><\/p>\n<hr \/>\n<p>Este jueves el <strong>intendente Ezequiel Galli<\/strong> encabez\u00f3 un nuevo encuentro con los l\u00edderes y referentes de distintas Sociedades de Fomento y Juntas Vecinales del Partido de Olavarr\u00eda. La actividad se llev\u00f3 a cabo en la sede de la<strong> Sociedad de Fomento 10 de junio<\/strong>, impulsada desde la oficina de la Direcci\u00f3n de Relaciones con la Comunidad.<\/p>\n<p>&nbsp;<\/p>\n<p>Se abordaron distintas inquietudes, planteos y problem\u00e1ticas, con el objetivo de &#8220;impulsar y tambi\u00e9n coordinar acciones concretas en beneficio de la comunidad&#8221;. Se mencionaron, por ejemplo, cuestiones vinculadas con la<strong> iluminaci\u00f3n, salud, seguridad y mantenimiento de espacios p\u00fablicos.<\/strong><\/p>\n<p>&nbsp;<\/p>\n<p>En ese marco el intendente municipal reconoci\u00f3 y valor\u00f3 el trabajo que se realizan desde instituciones intermedias. \u201cNosotros, como equipo de trabajo, interactuamos mucho con todos ustedes. <strong>Para nosotros es important\u00edsimo el trabajo social que hacen,<\/strong> ese compromiso en un momento donde la Argentina est\u00e1 pasando una crisis econ\u00f3mica y social importante me parece que es para destacar y valorar y agradecer\u201d, ponder\u00f3.<\/p>\n<p>&nbsp;<\/p>\n<p><img data-recalc-dims=\"1\" loading=\"lazy\" decoding=\"async\" class=\"aligncenter wp-image-91573 size-large\" src=\"https:\/\/i0.wp.com\/cdnoticias.com\/wp-content\/uploads\/2023\/07\/Reunion-Sociedad-de-Fomento-1-scaled-1.jpg?resize=800%2C534&#038;ssl=1\" alt=\"\" width=\"800\" height=\"534\" srcset=\"https:\/\/i0.wp.com\/cdnoticias.com\/wp-content\/uploads\/2023\/07\/Reunion-Sociedad-de-Fomento-1-scaled-1.jpg?resize=1024%2C684&amp;ssl=1 1024w, https:\/\/i0.wp.com\/cdnoticias.com\/wp-content\/uploads\/2023\/07\/Reunion-Sociedad-de-Fomento-1-scaled-1.jpg?resize=300%2C201&amp;ssl=1 300w, https:\/\/i0.wp.com\/cdnoticias.com\/wp-content\/uploads\/2023\/07\/Reunion-Sociedad-de-Fomento-1-scaled-1.jpg?resize=768%2C513&amp;ssl=1 768w, https:\/\/i0.wp.com\/cdnoticias.com\/wp-content\/uploads\/2023\/07\/Reunion-Sociedad-de-Fomento-1-scaled-1.jpg?resize=1536%2C1027&amp;ssl=1 1536w, https:\/\/i0.wp.com\/cdnoticias.com\/wp-content\/uploads\/2023\/07\/Reunion-Sociedad-de-Fomento-1-scaled-1.jpg?resize=2048%2C1369&amp;ssl=1 2048w, https:\/\/i0.wp.com\/cdnoticias.com\/wp-content\/uploads\/2023\/07\/Reunion-Sociedad-de-Fomento-1-scaled-1.jpg?resize=272%2C182&amp;ssl=1 272w, https:\/\/i0.wp.com\/cdnoticias.com\/wp-content\/uploads\/2023\/07\/Reunion-Sociedad-de-Fomento-1-scaled-1.jpg?w=1600&amp;ssl=1 1600w, https:\/\/i0.wp.com\/cdnoticias.com\/wp-content\/uploads\/2023\/07\/Reunion-Sociedad-de-Fomento-1-scaled-1.jpg?w=2400&amp;ssl=1 2400w\" sizes=\"auto, (max-width: 800px) 100vw, 800px\" \/><\/p>\n<p>&nbsp;<\/p>\n<p>Adem\u00e1s, valor\u00f3 tambi\u00e9n la concreci\u00f3n de estas instancias de di\u00e1logo, de encuentro, que propician un \u201cintercambio buscando siempre soluciones a los problemas\u201d.<\/p>\n<p>&nbsp;<\/p>\n<p>Tras la reuni\u00f3n Galli indic\u00f3 que \u201cescuchamos a los vecinos para <strong>conocer cu\u00e1les son las problem\u00e1ticas y poder ofrecer soluciones concretas.<\/strong> Quiero agradecer a las diferentes Sociedades de Fomento y Juntas vecinales por el encuentro que mantuvimos esta tarde. Desde diciembre de 2015 caminamos todos los puntos del Partido y escuchamos cu\u00e1les son las necesidades de los olavarrienses.\u00a0 El di\u00e1logo, el respeto y el consenso son las \u00fanicas maneras que entendemos para llevar adelante la gesti\u00f3n\u201d, complet\u00f3.<\/p>\n<p>&nbsp;<\/p>\n<p>Por su parte, el Secretario de Gobierno <strong>Hilario Galli<\/strong> manifest\u00f3 que \u201c<em>nuestra obligaci\u00f3n es brindarle soluciones a los vecinos y estas reuniones nos parecen una excelente oportunidad para acercar diversas \u00e1reas del Municipio para colaborar en diversos aspectos\u201d. <\/em>Por \u00faltimo, se acordaron reuniones particulares con funcionarios de distintas \u00e1reas del Municipio, para avanzar en las problem\u00e1ticas planteadas.<\/p>\n","protected":false},"excerpt":{"rendered":"<p>El encuentro se llev\u00f3 a cabo en la sede de la Sociedad de Fomento 10 de junio. Se mencionaron cuestiones<\/p>\n","protected":false},"author":6,"featured_media":91574,"comment_status":"closed","ping_status":"closed","sticky":false,"template":"","format":"standard","meta":{"_jetpack_memberships_contains_paid_content":false,"footnotes":""},"categories":[5,1],"tags":[],"class_list":["post-91572","post","type-post","status-publish","format-standard","has-post-thumbnail","hentry","category-informacion-general","category-portada"],"jetpack_featured_media_url":"https:\/\/i0.wp.com\/cdnoticias.com\/wp-content\/uploads\/2023\/07\/Reunion-Sociedad-de-Fomento-2-scaled-1.jpg?fit=2560%2C1711&ssl=1","jetpack_sharing_enabled":true,"_links":{"self":[{"href":"https:\/\/cdnoticias.com\/index.php\/wp-json\/wp\/v2\/posts\/91572","targetHints":{"allow":["GET"]}}],"collection":[{"href":"https:\/\/cdnoticias.com\/index.php\/wp-json\/wp\/v2\/posts"}],"about":[{"href":"https:\/\/cdnoticias.com\/index.php\/wp-json\/wp\/v2\/types\/post"}],"author":[{"embeddable":true,"href":"https:\/\/cdnoticias.com\/index.php\/wp-json\/wp\/v2\/users\/6"}],"replies":[{"embeddable":true,"href":"https:\/\/cdnoticias.com\/index.php\/wp-json\/wp\/v2\/comments?post=91572"}],"version-history":[{"count":0,"href":"https:\/\/cdnoticias.com\/index.php\/wp-json\/wp\/v2\/posts\/91572\/revisions"}],"wp:featuredmedia":[{"embeddable":true,"href":"https:\/\/cdnoticias.com\/index.php\/wp-json\/wp\/v2\/media\/91574"}],"wp:attachment":[{"href":"https:\/\/cdnoticias.com\/index.php\/wp-json\/wp\/v2\/media?parent=91572"}],"wp:term":[{"taxonomy":"category","embeddable":true,"href":"https:\/\/cdnoticias.com\/index.php\/wp-json\/wp\/v2\/categories?post=91572"},{"taxonomy":"post_tag","embeddable":true,"href":"https:\/\/cdnoticias.com\/index.php\/wp-json\/wp\/v2\/tags?post=91572"}],"curies":[{"name":"wp","href":"https:\/\/api.w.org\/{rel}","templated":true}]}}