{"id":91559,"date":"2023-07-30T18:14:28","date_gmt":"2023-07-30T21:14:28","guid":{"rendered":"https:\/\/www.centraldenoticias.com.ar\/?p=91559"},"modified":"2023-07-30T18:14:28","modified_gmt":"2023-07-30T21:14:28","slug":"se-coloco-una-nueva-estrella-amarilla-en-la-ruta-nacional-226","status":"publish","type":"post","link":"https:\/\/cdnoticias.com\/index.php\/2023\/07\/30\/se-coloco-una-nueva-estrella-amarilla-en-la-ruta-nacional-226\/","title":{"rendered":"Se coloc\u00f3 una nueva estrella amarilla en la ruta nacional 226"},"content":{"rendered":"<p>Espec\u00edficamente, fue en el kil\u00f3metro 320 de la Ruta Nacional 226. All\u00ed, el pasado 17 de mayo falleci\u00f3 en un siniestro vial Roc\u00edo Ayel\u00e9n Prevostini Vera a los 17 a\u00f1os.<!--more--><\/p>\n<hr \/>\n<p>Este s\u00e1bado, se coloc\u00f3 la <strong>Estrella Amarilla N\u00ba 168<\/strong> en el kil\u00f3metro 320 de la Ruta Nacional 226.<\/p>\n<p>&nbsp;<\/p>\n<p>All\u00ed, el <strong>pasado 17 de mayo perdi\u00f3 tr\u00e1gicamente su vida Roc\u00edo Ayel\u00e9n Prevostini Vera a los 17 a\u00f1os<\/strong>, tras protagonizar un siniestro vial que involucr\u00f3 a un cami\u00f3n. Fue un emotivo acto, en el cual acompa\u00f1aron una gran cantidad de familiares y allegados a Roc\u00edo.<\/p>\n<p>&nbsp;<\/p>\n<p><img data-recalc-dims=\"1\" loading=\"lazy\" decoding=\"async\" class=\"aligncenter wp-image-91560 size-full\" src=\"https:\/\/i0.wp.com\/cdnoticias.com\/wp-content\/uploads\/2023\/07\/IMG-20230729-WA0016-e1690661564557.jpg?resize=800%2C685&#038;ssl=1\" alt=\"\" width=\"800\" height=\"685\" srcset=\"https:\/\/i0.wp.com\/cdnoticias.com\/wp-content\/uploads\/2023\/07\/IMG-20230729-WA0016-e1690661564557.jpg?w=960&amp;ssl=1 960w, https:\/\/i0.wp.com\/cdnoticias.com\/wp-content\/uploads\/2023\/07\/IMG-20230729-WA0016-e1690661564557.jpg?resize=300%2C257&amp;ssl=1 300w, https:\/\/i0.wp.com\/cdnoticias.com\/wp-content\/uploads\/2023\/07\/IMG-20230729-WA0016-e1690661564557.jpg?resize=768%2C658&amp;ssl=1 768w\" sizes=\"auto, (max-width: 800px) 100vw, 800px\" \/><\/p>\n<p>&nbsp;<\/p>\n<p>Luego de este evento, tambi\u00e9n se visit\u00f3 el kil\u00f3metro 366 de la misma ruta donde hab\u00edan pintado, el 8 de diciembre de 2018, la<strong> Estrella N\u00ba 145.<\/strong><\/p>\n<p>&nbsp;<\/p>\n<p>En el lugar hab\u00eda fallecido Leonardo Gabriel Falco (Le\u00edto) a los 19 a\u00f1os, cuando viajaba como acompa\u00f1ante en un veh\u00edculo que despist\u00f3 de la cinta asf\u00e1ltica e impact\u00f3 contra el guarda rail.<\/p>\n<p>&nbsp;<\/p>\n<p><img data-recalc-dims=\"1\" loading=\"lazy\" decoding=\"async\" class=\"aligncenter wp-image-91562 size-large\" src=\"https:\/\/i0.wp.com\/cdnoticias.com\/wp-content\/uploads\/2023\/07\/IMG-20230729-WA0026.jpg?resize=800%2C600&#038;ssl=1\" alt=\"\" width=\"800\" height=\"600\" srcset=\"https:\/\/i0.wp.com\/cdnoticias.com\/wp-content\/uploads\/2023\/07\/IMG-20230729-WA0026.jpg?resize=1024%2C768&amp;ssl=1 1024w, https:\/\/i0.wp.com\/cdnoticias.com\/wp-content\/uploads\/2023\/07\/IMG-20230729-WA0026.jpg?resize=300%2C225&amp;ssl=1 300w, https:\/\/i0.wp.com\/cdnoticias.com\/wp-content\/uploads\/2023\/07\/IMG-20230729-WA0026.jpg?resize=768%2C576&amp;ssl=1 768w, https:\/\/i0.wp.com\/cdnoticias.com\/wp-content\/uploads\/2023\/07\/IMG-20230729-WA0026.jpg?resize=1536%2C1152&amp;ssl=1 1536w, https:\/\/i0.wp.com\/cdnoticias.com\/wp-content\/uploads\/2023\/07\/IMG-20230729-WA0026.jpg?w=1600&amp;ssl=1 1600w\" sizes=\"auto, (max-width: 800px) 100vw, 800px\" \/><\/p>\n","protected":false},"excerpt":{"rendered":"<p>Espec\u00edficamente, fue en el kil\u00f3metro 320 de la Ruta Nacional 226. All\u00ed, el pasado 17 de mayo falleci\u00f3 en un<\/p>\n","protected":false},"author":6,"featured_media":91561,"comment_status":"closed","ping_status":"closed","sticky":false,"template":"","format":"standard","meta":{"_jetpack_memberships_contains_paid_content":false,"footnotes":""},"categories":[5,1],"tags":[],"class_list":["post-91559","post","type-post","status-publish","format-standard","has-post-thumbnail","hentry","category-informacion-general","category-portada"],"jetpack_featured_media_url":"https:\/\/i0.wp.com\/cdnoticias.com\/wp-content\/uploads\/2023\/07\/IMG-20230729-WA0022.jpg?fit=1280%2C960&ssl=1","jetpack_sharing_enabled":true,"_links":{"self":[{"href":"https:\/\/cdnoticias.com\/index.php\/wp-json\/wp\/v2\/posts\/91559","targetHints":{"allow":["GET"]}}],"collection":[{"href":"https:\/\/cdnoticias.com\/index.php\/wp-json\/wp\/v2\/posts"}],"about":[{"href":"https:\/\/cdnoticias.com\/index.php\/wp-json\/wp\/v2\/types\/post"}],"author":[{"embeddable":true,"href":"https:\/\/cdnoticias.com\/index.php\/wp-json\/wp\/v2\/users\/6"}],"replies":[{"embeddable":true,"href":"https:\/\/cdnoticias.com\/index.php\/wp-json\/wp\/v2\/comments?post=91559"}],"version-history":[{"count":0,"href":"https:\/\/cdnoticias.com\/index.php\/wp-json\/wp\/v2\/posts\/91559\/revisions"}],"wp:featuredmedia":[{"embeddable":true,"href":"https:\/\/cdnoticias.com\/index.php\/wp-json\/wp\/v2\/media\/91561"}],"wp:attachment":[{"href":"https:\/\/cdnoticias.com\/index.php\/wp-json\/wp\/v2\/media?parent=91559"}],"wp:term":[{"taxonomy":"category","embeddable":true,"href":"https:\/\/cdnoticias.com\/index.php\/wp-json\/wp\/v2\/categories?post=91559"},{"taxonomy":"post_tag","embeddable":true,"href":"https:\/\/cdnoticias.com\/index.php\/wp-json\/wp\/v2\/tags?post=91559"}],"curies":[{"name":"wp","href":"https:\/\/api.w.org\/{rel}","templated":true}]}}