{"id":91476,"date":"2023-07-28T21:33:40","date_gmt":"2023-07-29T00:33:40","guid":{"rendered":"https:\/\/www.centraldenoticias.com.ar\/?p=91476"},"modified":"2023-07-28T22:43:54","modified_gmt":"2023-07-29T01:43:54","slug":"en-busqueda-de-la-ciudad-de-las-oportunidades-hernan-parra-presento-sus-propuestas","status":"publish","type":"post","link":"https:\/\/cdnoticias.com\/index.php\/2023\/07\/28\/en-busqueda-de-la-ciudad-de-las-oportunidades-hernan-parra-presento-sus-propuestas\/","title":{"rendered":"En b\u00fasqueda de \u201cla ciudad de las oportunidades\u201d Hern\u00e1n Parra present\u00f3 sus propuestas"},"content":{"rendered":"<p>Fue en la tarde de este viernes junto a precandidatos e integrantes de su espacio \u201cOlavarr\u00eda al Frente\u201d. Con eje en Desarrollo Econ\u00f3mico, Salud y Vivienda, todo estar\u00e1 centrado en aumentar al 4% el Impuesto a la Piedra.<!--more--><\/p>\n<hr \/>\n<p>Este viernes por la tarde, el <strong>precandidato a Intendente Hern\u00e1n Parra present\u00f3 sus propuestas<\/strong> junto a integrantes de su espacio &#8220;Olavarr\u00eda al Frente&#8221;.<\/p>\n<p>&nbsp;<\/p>\n<p>Estuvieron presentes Soledad Rodr\u00edguez, referente de Red Puentes, Manuela Cos, profesora de filosof\u00eda, Sergio \u201cTano\u201d Milesi, director regional de ARBA, Adriana Capuano, ex presidenta del PJ, actualmente en la Direcci\u00f3n de Adultos Mayores del Ministerio de Salud de la Naci\u00f3n, Valeria Mil\u00eda, licenciada en relaciones internacionales y ex delegada de Loma Negra y Diego Lurbe, ex subsecretario de Cultura.<\/p>\n<p>&nbsp;<\/p>\n<p><em><strong>&#8220;No es f\u00e1cil formar un equipo con un objetivo tan grande que es gobernar la ciudad. Lo hemos podido hacer con un gran grupo de personas que form\u00f3 una idea y se transform\u00f3 en un proyecto, en un equipo de trabajo y tambi\u00e9n de amigos. Empezamos a recorrer la ciudad y en cada lugar que fui hemos dialogado con las personas. En ese marco hemos pensado en el desarrollo de un Estado promotor<\/strong><\/em>&#8221; cont\u00f3 Parra.<\/p>\n<p>&nbsp;<\/p>\n<blockquote><p>Por su parte, Sergio \u201cTano\u201d Milesi, director regional de ARBA destac\u00f3 que Hern\u00e1n &#8220;quiere y pretende que nuestra querida Olavarr\u00eda se transforme\u00a0en la ciudad de las oportunidades, del trabajo y de los servicios p\u00fablicos de calidad para todos y todas los habitantes de nuestra querida ciudad. Fundamentalmente para que llegue a los barrios m\u00e1s olvidados y para que llegue a las localidades, que tambi\u00e9n est\u00e1n bastante olvidadas&#8221;.<\/p><\/blockquote>\n<p>&nbsp;<\/p>\n<p><img data-recalc-dims=\"1\" loading=\"lazy\" decoding=\"async\" class=\"aligncenter wp-image-91479 size-full\" src=\"https:\/\/i0.wp.com\/cdnoticias.com\/wp-content\/uploads\/2023\/07\/presentacion-propuestas-parra.jpg?resize=800%2C446&#038;ssl=1\" alt=\"\" width=\"800\" height=\"446\" srcset=\"https:\/\/i0.wp.com\/cdnoticias.com\/wp-content\/uploads\/2023\/07\/presentacion-propuestas-parra.jpg?w=1072&amp;ssl=1 1072w, https:\/\/i0.wp.com\/cdnoticias.com\/wp-content\/uploads\/2023\/07\/presentacion-propuestas-parra.jpg?resize=300%2C167&amp;ssl=1 300w, https:\/\/i0.wp.com\/cdnoticias.com\/wp-content\/uploads\/2023\/07\/presentacion-propuestas-parra.jpg?resize=1024%2C570&amp;ssl=1 1024w, https:\/\/i0.wp.com\/cdnoticias.com\/wp-content\/uploads\/2023\/07\/presentacion-propuestas-parra.jpg?resize=768%2C428&amp;ssl=1 768w, https:\/\/i0.wp.com\/cdnoticias.com\/wp-content\/uploads\/2023\/07\/presentacion-propuestas-parra.jpg?resize=800%2C445&amp;ssl=1 800w\" sizes=\"auto, (max-width: 800px) 100vw, 800px\" \/><\/p>\n<p>&nbsp;<\/p>\n<p><strong>Impuesto a la piedra\u00a0<\/strong><\/p>\n<p>&nbsp;<\/p>\n<p>&#8220;En ese sentido delineamos una propuesta seria, razonable y fundada sobre tres ejes rectores que b\u00e1sicamente es lo que hoy est\u00e1 m\u00e1s demandando la gente, que est\u00e1n demandando nuestros ciudadanos y que adem\u00e1s Olavarr\u00eda tiene ese potencial para generarlo. Esos tres ejes rectores est\u00e1n basados en el <strong>Desarrollo Econ\u00f3mico obviamente, en la Salud y en la Vivienda y el H\u00e1bitat<\/strong>, que son de alguna manera tres cuestiones que en algunos casos <strong>no funcionan como tendr\u00edan que funcionar en Olavarr\u00eda<\/strong> y en otros casos no se est\u00e1 aprovechando el potencial que nuestra querida ciudad posee&#8221; remarc\u00f3 Milesi.<\/p>\n<p>&nbsp;<\/p>\n<p>&#8220;Todos conocemos que tenemos una recaudaci\u00f3n excepcional a trav\u00e9s de un impuesto que es el denominado impuesto a la piedra, que tiene que ver con nuestra riqueza natural, que tiene que ver con los yacimientos fundamentalmente de piedra caliza con los que cuenta Olavarr\u00eda, que tiene que ver con dos de las grandes cementeras de nuestro pa\u00eds que explotan nuestros suelos. Ese impuesto a la piedra es un impuesto que en el resto de las provincias fundamentalmente las mineras, en el caso de C\u00f3rdoba, en el caso de San Juan, lo cobra y lo percibe totalmente la provincia y luego lo coparticipa el resto&#8221; agreg\u00f3.<\/p>\n<p>&nbsp;<\/p>\n<p>&#8220;En el caso de nuestra ciudad y por un gran precursor de aquellas \u00e9pocas y alguien que pens\u00f3 en algo que nosotros ojal\u00e1 podamos asimilar, que fue el senador Lara, pens\u00f3 en un plan de desarrollo para Olavarr\u00eda y le dio los recursos a la ciudad a trav\u00e9s del famoso impuesto a la piedra, mal llamado de esta manera porque es un derecho de explotaci\u00f3n de canteras, que era aproximadamente un 4% de la facturaci\u00f3n de las empresas que explotaban la miner\u00eda en Olavarr\u00eda. Eso a partir de all\u00ed se transform\u00f3 en un baluarte fundamental y diferencial de todos los municipios de Olavarr\u00eda con respecto al resto de los municipios de la provincia de Buenos Aires&#8221;<\/p>\n<p>&nbsp;<\/p>\n<p>&#8220;Quiero recordarles que era aproximadamente un 4% de los montos de facturaci\u00f3n de las empresas y se aplicaba totalmente a lo que era el desarrollo de las ciudades, el desarrollo de infraestructura, obra p\u00fablica, todos y cada uno de los gastos que no ten\u00edan nada que ver con un gasto corriente, con un gasto operativo, un gasto superfluo del Municipio, sino que iba en el desarrollo de las localidades y el desarrollo de nuestra propia ciudad&#8221; sostuvo Milesi.<\/p>\n<p>&nbsp;<\/p>\n<p><img data-recalc-dims=\"1\" loading=\"lazy\" decoding=\"async\" class=\"aligncenter wp-image-91478 size-full\" src=\"https:\/\/i0.wp.com\/cdnoticias.com\/wp-content\/uploads\/2023\/07\/milesi-propuesta.jpg?resize=800%2C446&#038;ssl=1\" alt=\"\" width=\"800\" height=\"446\" srcset=\"https:\/\/i0.wp.com\/cdnoticias.com\/wp-content\/uploads\/2023\/07\/milesi-propuesta.jpg?w=1072&amp;ssl=1 1072w, https:\/\/i0.wp.com\/cdnoticias.com\/wp-content\/uploads\/2023\/07\/milesi-propuesta.jpg?resize=300%2C167&amp;ssl=1 300w, https:\/\/i0.wp.com\/cdnoticias.com\/wp-content\/uploads\/2023\/07\/milesi-propuesta.jpg?resize=1024%2C570&amp;ssl=1 1024w, https:\/\/i0.wp.com\/cdnoticias.com\/wp-content\/uploads\/2023\/07\/milesi-propuesta.jpg?resize=768%2C428&amp;ssl=1 768w, https:\/\/i0.wp.com\/cdnoticias.com\/wp-content\/uploads\/2023\/07\/milesi-propuesta.jpg?resize=800%2C445&amp;ssl=1 800w\" sizes=\"auto, (max-width: 800px) 100vw, 800px\" \/><\/p>\n<p>&nbsp;<\/p>\n<blockquote><p>&#8220;Hoy con el impuesto a la piedra en Olavarr\u00eda se puede llegar a recaudar m\u00e1s o menos aproximadamente alrededor de los cinco mil millones de pesos, pero que primero no se est\u00e1 cobrando c\u00f3mo se debe porque se est\u00e1 cobrando el 3%. Nosotros ahora hemos propuesto como eje central de nuestra de nuestra futura gesti\u00f3n retomar el 4%, que significa nada m\u00e1s y nada menos que contar el t\u00e9rmino de dinero con m\u00e1s de una mitad m\u00e1s de coparticipaci\u00f3n&#8221;.<\/p><\/blockquote>\n<p>&nbsp;<\/p>\n<p>&#8220;Nosotros tenemos que calcular y <strong>saber con qu\u00e9 fondos vamos a a manejar nuestra gesti\u00f3n<\/strong> y fundamentalmente poder cumplimentar todas y cada una de los de los requerimientos, que los vecinos fueron manifestando en esta suerte de recorrida y que eso no sea malgastado. En ese sentido vamos a proponer como primera medida sugerir y presentar en el Concejo Deliberante el aumento del 4% nuevamente y que gradualmente no se utilice m\u00e1s en gasto corriente. Es un salto de calidad fundamental para Olavarr\u00eda&#8221;.<\/p>\n<p>&nbsp;<\/p>\n<p><em><strong>&#8220;Es muy f\u00e1cil para cualquier candidato prometer distintas obras, pero la primera pregunta que surge es de d\u00f3nde van a salir esos recursos. Hern\u00e1n es la \u00fanica alternativa real en\u00a0Olavarr\u00eda que hoy no s\u00f3lo se propone lo pol\u00edtico sino que plantea un plan desde Olavarr\u00eda para afuera y no esperando que ni la provincia ni la naci\u00f3n nos vengan a auxiliar en cuanto a necesidad de fondos, obras e infraestructura que nosotros estamos hoy en condiciones de poder llevar a cabo planes propios, desarrollo propio que no lo tiene ninguna otra ciudad<\/strong><\/em>&#8221; cerr\u00f3 Milesi.<\/p>\n<p>&nbsp;<\/p>\n<p>A la par, Adriana Capuano, directora de Adultos Mayores del Ministerio de Salud de la Naci\u00f3n, por su parte expres\u00f3 que &#8220;estoy muy orgullosa de poder hacer un aporte en este equipo para cambiar la realidad de Olavarr\u00eda. <strong>Creemos que la diferencia de nuestro candidato es que tiene decisi\u00f3n pol\u00edtica para hacerlo&#8221;.<\/strong><\/p>\n<p>&nbsp;<\/p>\n<blockquote><p>En cuanto a materia de salud, resalt\u00f3 que &#8220;sabemos que para una comunidad estar enfermo y ser pobre se convierte en una tragedia. El sistema de salud esta enfermo. Queremos que se ampl\u00eden los horarios de atenci\u00f3n y que est\u00e9 centrado en la persona, con perspectiva de g\u00e9nero, de derechos humanos. Tenemos dos prioridades: la primera tiene que ver con el acceso libre y gratuito a la salud. Para nosotros eso es una prioridad absoluta. Queremos terminar con la suplica de los ciudadanos olavarrienses para conseguir un carnet y ser atendidos gratuitamente en el Hospital&#8221;.<\/p><\/blockquote>\n<p>&nbsp;<\/p>\n<p><em><strong>&#8220;Hern\u00e1n se compromete a que aquellas personas en Olavarr\u00eda que no tengan obra social por cuestiones socioecon\u00f3micas sean atendidas en forma gratuita en nuestro Hospital Municipal<\/strong><\/em>&#8221; subray\u00f3 Capuano.<\/p>\n<p>&nbsp;<\/p>\n<p>La segunda propuesta est\u00e1 destinada al <em>&#8220;envejecimiento poblacional<\/em>&#8220;: &#8220;<strong>No he encontrado\u00a0pol\u00edticas que indaguen si el transporte est\u00e1 adecuado, c\u00f3mo son los lugares de recreaci\u00f3n, si las veredas son transitables, si en los servicios de salud son respetuosos con el trato. Tiene que ser una ciudad para todas las edades. Adem\u00e1s queremos crear residencias para personas mayores. Buscamos una ciudad que sea inclusiva para todas las edades&#8221;<\/strong> subray\u00f3 Capuano.<\/p>\n<p>&nbsp;<\/p>\n<p><img data-recalc-dims=\"1\" loading=\"lazy\" decoding=\"async\" class=\"aligncenter wp-image-91477 size-full\" src=\"https:\/\/i0.wp.com\/cdnoticias.com\/wp-content\/uploads\/2023\/07\/cos-puentes-propuestas.jpg?resize=800%2C446&#038;ssl=1\" alt=\"\" width=\"800\" height=\"446\" srcset=\"https:\/\/i0.wp.com\/cdnoticias.com\/wp-content\/uploads\/2023\/07\/cos-puentes-propuestas.jpg?w=1072&amp;ssl=1 1072w, https:\/\/i0.wp.com\/cdnoticias.com\/wp-content\/uploads\/2023\/07\/cos-puentes-propuestas.jpg?resize=300%2C167&amp;ssl=1 300w, https:\/\/i0.wp.com\/cdnoticias.com\/wp-content\/uploads\/2023\/07\/cos-puentes-propuestas.jpg?resize=1024%2C570&amp;ssl=1 1024w, https:\/\/i0.wp.com\/cdnoticias.com\/wp-content\/uploads\/2023\/07\/cos-puentes-propuestas.jpg?resize=768%2C428&amp;ssl=1 768w, https:\/\/i0.wp.com\/cdnoticias.com\/wp-content\/uploads\/2023\/07\/cos-puentes-propuestas.jpg?resize=800%2C445&amp;ssl=1 800w\" sizes=\"auto, (max-width: 800px) 100vw, 800px\" \/><\/p>\n<p>&nbsp;<\/p>\n<p>Por \u00faltimo, Hern\u00e1n Parra se refiri\u00f3 a <strong>materia de viviendas<\/strong> y remarc\u00f3 que &#8220;es un reclamo transversal de todas las recorridas&#8221; a la par que agreg\u00f3: &#8220;Una de las propuestas es dinamizar lo que es la ampliaci\u00f3n de la planta urbana a trav\u00e9s de la convalidaci\u00f3n de la ordenanza que hoy tiene y que no ha sido aprovechado para que pasillos de tierra puedan subdividirse y que lotes con servicios pasen a la \u00f3rbita del estado municipal y que puedan ser entregados en el registro en un informe de demanda habitacional a los vecinos&#8221;.<\/p>\n<p>&nbsp;<\/p>\n<p>&#8220;Por otro lado creemos indispensable volver a tener macizos de tierra para que el d\u00eda que el estado aplique pol\u00edticas de construcci\u00f3n de barrios nosotros tengamos esos macizos disponibles con servicios y que puedan ser aplicados esos fondos tanto sean de naci\u00f3n como de provincia para la construcci\u00f3n de barrios. Por otro lado vamos a acompa\u00f1ar el sistema de autoconstrucci\u00f3n a aquellas personas que no tengan recibo de sueldo y necesiten indispensablemente tener su casa&#8221; complet\u00f3 Parra.<\/p>\n<p>&nbsp;<\/p>\n<blockquote><p>&#8220;Tambi\u00e9n vamos a articular con los gremios la construcci\u00f3n de barrios en este momento se est\u00e1 haciendo un barrio a trav\u00e9s de un gremio de 100 viviendas. Creemos que eso hay que replicarlo con mayor potencia. Vamos a trabajar en la construcci\u00f3n de barrios para las fuerzas, servicios penitenciarios, la polic\u00eda, la polic\u00eda federal, los bomberos. Es muy importante ese tema. Y otro tema que vamos a incorporar en la demanda habitacional pero lo que es soluciones habitacionales. Este caso es que alguna casa que ya est\u00e1 construida, el estado acompa\u00f1e la construcci\u00f3n de un anexo que muchas veces es una pieza y cocina para que una familia numerosa pueda vivir en forma m\u00e1s digna y pueda dar soluci\u00f3n a ese problema&#8221;.<\/p><\/blockquote>\n<p>&nbsp;<\/p>\n<p><em><strong>&#8220;Claramente en la actualidad no ha sido por parte del estado local respondido de acuerdo a la demanda que tiene. Vemos una cantidad de casas \u00ednfimas construidas en ocho a\u00f1os pr\u00e1cticamente de la gesti\u00f3n de Galli y de baja calidad. Por supuesto que nos pone contenta las personas que la reciben pero claramente sentimos que un Municipio rico con 126.000 habitantes, con una demanda habitacional tan pero tan importante no es suficiente lo que se ha hecho<\/strong><\/em>&#8221; cerr\u00f3 el precandidato a Intendente.<\/p>\n<p>&nbsp;<\/p>\n<p><strong>Propuestas en Cultura y Seguridad<\/strong><\/p>\n<p>&nbsp;<\/p>\n<p>Diego Lurbe, ex subsecretario de Cultura expres\u00f3 que &#8220;<strong>queremos recuperar la ciudad cultural que fuimos hace no tanto tiempo y que fue una construcci\u00f3n colectiva de muchos a\u00f1os<\/strong>. No fue solamente de una gesti\u00f3n, sino que hubo muchos actores que a trav\u00e9s de muchos a\u00f1os construyeron y pudieron aportar a que nuestra ciudad fuera destacada a nivel, no solamente local, sino a nivel regional, provincial y nacional. En su momento me toc\u00f3 participar de un gobierno que tuvo la convicci\u00f3n, tuvo la decisi\u00f3n de tener a la cultura dentro de su agenda pol\u00edtica, dentro de la pol\u00edtica cultural. <strong>Hablando con Hern\u00e1n estamos convencidos de que eso tiene que estar as\u00ed, que la cultura tiene que formar parte de la agenda del Intendente&#8221;.<\/strong><\/p>\n<p>&nbsp;<\/p>\n<blockquote><p>&#8220;Yo creo que la cultura no se la debe medir como un costo-beneficio, como un gasto, sino que justamente la cultura tiene que ser financiada y acompa\u00f1ada por un Estado presente en un mont\u00f3n de situaciones. En Olavarr\u00eda tenemos la suerte de contar con una innumerable cantidad de actores culturales de diferentes pr\u00e1cticas que en realidad han sido un poco, si se quiere, dejados o soltados la mano por parte del Estado a la hora de poder financiar sus proyectos. Creo que la cultura no solamente es una cuesti\u00f3n de diversi\u00f3n, creo que tambi\u00e9n forma parte de la cuesti\u00f3n de salud, el hecho de que la gente pueda inculcarse hacia un ciudadano feliz, hacia un ciudadano que pueda distraer su mente de nuestras cuestiones cotidianas&#8221; agreg\u00f3 Lurbe.<\/p><\/blockquote>\n<p>&nbsp;<\/p>\n<p><em><strong>&#8220;Es elemental recuperar esa esencia cultural que tuvo Olavarr\u00eda y volver a construir, porque construir es muy complejo y destruir es muy f\u00e1cil. Yo creo que la destrucci\u00f3n de la cultura local fue muy sencilla y tenemos que recuperar esos espacio<\/strong><\/em>s&#8221; cerr\u00f3 el director de la Orquesta Sinf\u00f3nica de Olavarr\u00eda.<\/p>\n<p>&nbsp;<\/p>\n<p><img data-recalc-dims=\"1\" loading=\"lazy\" decoding=\"async\" class=\"aligncenter wp-image-91482 size-full\" src=\"https:\/\/i0.wp.com\/cdnoticias.com\/wp-content\/uploads\/2023\/07\/diegolurbe-propuesta1.jpg?resize=800%2C445&#038;ssl=1\" alt=\"\" width=\"800\" height=\"445\" srcset=\"https:\/\/i0.wp.com\/cdnoticias.com\/wp-content\/uploads\/2023\/07\/diegolurbe-propuesta1.jpg?w=1152&amp;ssl=1 1152w, https:\/\/i0.wp.com\/cdnoticias.com\/wp-content\/uploads\/2023\/07\/diegolurbe-propuesta1.jpg?resize=300%2C167&amp;ssl=1 300w, https:\/\/i0.wp.com\/cdnoticias.com\/wp-content\/uploads\/2023\/07\/diegolurbe-propuesta1.jpg?resize=1024%2C570&amp;ssl=1 1024w, https:\/\/i0.wp.com\/cdnoticias.com\/wp-content\/uploads\/2023\/07\/diegolurbe-propuesta1.jpg?resize=768%2C427&amp;ssl=1 768w, https:\/\/i0.wp.com\/cdnoticias.com\/wp-content\/uploads\/2023\/07\/diegolurbe-propuesta1.jpg?resize=800%2C445&amp;ssl=1 800w\" sizes=\"auto, (max-width: 800px) 100vw, 800px\" \/><\/p>\n<p>&nbsp;<\/p>\n<p>Para cerrar, Parra remarc\u00f3 las p<strong>ropuestas en seguridad,<\/strong> entre ellas, crear una comisar\u00eda tercera y &#8220;c<strong>apacitar al personal porque tenemos un centro de monitoreo que en la actualidad lo que hace es mirar las c\u00e1maras despu\u00e9s de que pasan los delitos. Nosotros sentimos que el centro est\u00e1 para evitar los delitos. Los ciudadanos no quieren que les cuente qui\u00e9n les rob\u00f3 y a qu\u00e9 hora. Quieren que no les roben, b\u00e1sicamente.<\/strong> Tenemos un mapa caliente del delito donde claramente se puede ver donde hay m\u00e1s prevalencia. En esos sectores vamos a invertir en c\u00e1maras, en frecuencias, en iluminarias pero claramente vamos a invertir en el recurso humano para que realmente se ocupe de lo que se tiene que ocupar&#8221;.<\/p>\n<p>&nbsp;<\/p>\n<p><strong>Las propuestas, una por una\u00a0<\/strong><\/p>\n<p>&nbsp;<\/p>\n<p><strong>A) \u201cPlan quinquenal 2024-2028\u201d (Planificaci\u00f3n y cronograma por barrios y localidades)<\/strong><\/p>\n<ul>\n<li>Red de pavimentaci\u00f3n, su ampliaci\u00f3n y repavimentaci\u00f3n.<\/li>\n<li>Red el\u00e9ctrica, su ampliaci\u00f3n y modernizaci\u00f3n.<\/li>\n<li>Red de agua corriente y servicios sanitarios, ampliaci\u00f3n de cobertura.<\/li>\n<li>Red de gas, ampliaci\u00f3n y cierre de anillos inconclusos.<\/li>\n<li>Red alumbrado p\u00fablico, su ampliaci\u00f3n, reemplazo y modernizaci\u00f3n.<\/li>\n<\/ul>\n<p>&nbsp;<\/p>\n<p>B) <strong>Olavarr\u00eda, la ciudad con el menor costo para la inversi\u00f3n en el interior de la provincia:<\/strong> Vamos a transformar a Olavarr\u00eda en la la ciudad de las oportunidades para la inversi\u00f3n privada con la menor carga fiscal para los nuevos emprendedores, micro, pymes o grandes empresas, que deseen invertir capitales en nuestro partido a trav\u00e9s de la mayor reducci\u00f3n de cargas fiscales de la historia (reducci\u00f3n de tasas y derechos locales que graven a la producci\u00f3n, eliminaci\u00f3n de todos los tributos y burocracia fiscal necesarios para la habilitaci\u00f3n nuevas empresas o emprendimientos, y aplicaci\u00f3n de planes de promoci\u00f3n industrial, coordinado con la Pcia. de Bs. As.).<\/p>\n<p>&nbsp;<\/p>\n<p>C)<strong> Generaci\u00f3n de m\u00e1s puestos de trabajo a trav\u00e9s del plan M\u00e1s Pyme, M\u00e1s Empleo: <\/strong>Con fuerte apoyo del fisco local para todos los emprendimientos o empresas locales que mantengan o incrementen su n\u00f3mina de trabajadores formalizados (apoyo del Estado Municipal para cubrir el equivalente dinerarios a los importes de las \u201ccontribuciones patronales\u201d, entre otras medidas).<\/p>\n<p>&nbsp;<\/p>\n<p>D) <strong>Proyecto de Coparticipaci\u00f3n del Impuesto a la Piedra: <\/strong>Para que por ordenanza se determine el porcentaje definitivo que, a\u00f1o tras a\u00f1o, se destine a cada localidad del partido de Olavarr\u00eda. Con dichos fondos la figura del Delegado Local va a contar con recursos propios para poder dar soluci\u00f3n a las necesidades planteadas por los habitantes de cada una de las localidades, tales como infraestructura, obras p\u00fablicas, urbanizaci\u00f3n, cobertura de salud, turismo, cultura, desarrollo econ\u00f3mico en general, etc.<\/p>\n<p>&nbsp;<\/p>\n<p>E) <strong>Olavarr\u00eda segura<\/strong>. Implementaremos un programa masivo de alumbrado p\u00fablico de \u00faltima generaci\u00f3n para los barrios de la ciudad y las localidades, junto a un programa de instalaci\u00f3n de c\u00e1maras y monitoreo preventivo en el \u00e1mbito de toda la ciudad. Es decir, instalaci\u00f3n y\/ recambio progresivo de los equipos de alumbrado p\u00fablico (por tecnolog\u00eda led de \u00faltima generaci\u00f3n), que no solo permitir\u00e1 retornar a la identidad de ciudad luz que supimos tener, sino que, generar\u00e1 un ahorro sustancial por el bajo consumo de las nuevas luminarias led. A ello, se le sumar\u00e1n los nuevos sistemas de c\u00e1maras, generando un ambiente propicio de seguridad ciudadana, basado fundamentalmente en la calidad del servicio y la prevenci\u00f3n.<\/p>\n<p>&nbsp;<\/p>\n<p><strong>F) Matadero Municipal:<\/strong> teniendo en cuenta que Olavarr\u00eda es el partido de mayor cantidad de cabezas de ganado (aproximadamente 750.000), es imprescindible contar con un Matadero local para que los carniceros puedan faenar aqu\u00ed y evitar el costo de traslados y\/o fletes. La implementaci\u00f3n ser\u00e1 posible con fondos obtenidos por el Municipio (por recaudaci\u00f3n \u2013 si existiere excedente), o pr\u00e9stamo anticipado a la provincia, de manera tal que en el plazo menor a un a\u00f1o est\u00e9 en funcionamiento nuevamente el matadero. Esto ser\u00e1 bajo la figura de concesi\u00f3n p\u00fablica al sector privado que quiera asumir dicho emprendimiento, percibiendo el Estado un canon por explotaci\u00f3n para con ello abonar el costo de reconstrucci\u00f3n del mismo (o en su caso el costo de endeudamiento). Las virtudes de tal decisi\u00f3n ser\u00e1n innumerables: a) Bajar\u00e1 el<br \/>\nprecio de la carne (por eliminaci\u00f3n del costo de flete para faena); b) se beneficia el productor ganadero, y tambi\u00e9n C) el carnicero local. Por otra parte, la inversi\u00f3n estatal se recupera por medio del canon mensual.<\/p>\n<p>&nbsp;<\/p>\n<p><strong>G) La ciudad del \u201cDeporte y la Cultura\u201d:<\/strong> Es fundamental unir a los clubes y distintas organizaciones vinculadas al deporte y la cultura, con el accionar del Estado y el de la econom\u00eda local, como hecho dinamizador y vinculante. Es decir, buscar el v\u00ednculo, el arraigo, y conjugando intereses, lograr el bien com\u00fan. Para ello, hemos decidido poner en pr\u00e1ctica el denominado \u201cFondo para el Deporte y la Cultura\u201d, nunca efectivizado en Olavarr\u00eda, y que tantos buenos resultados ha dado en otras ciudades, (caso Rafaela, por ej.). El mismo consiste en el aporte privado a las instituciones, pasando por el \u201cMunicipio promotor\u201d, el cual actuar\u00e1 institucionalmente recibiendo esos fondos como donaci\u00f3n al Fisco, y luego lo asignar\u00e1 a la entidad (deportiva o cultural) de destino. Por dichos fondos el Municipio emitir\u00e1 un certificado fiscal por el monto de la donaci\u00f3n empresaria, y el mismo podr\u00e1 ser deducido por parte del empresario en el impuesto a las ganancias como donaci\u00f3n v\u00e1lida. Es decir, todos se benefician de alguna manera, m\u00e1s all\u00e1 del fin loable de apoyar a este tipo de actividades.<\/p>\n<p>&nbsp;<\/p>\n<p>Es importante que Olavarr\u00eda vuelva a ser protagonista de grandes competencias a nivel nacional (f\u00fatbol, basquetbol, automovilismo, etc.), no solo por el hecho del incentivo de tales pr\u00e1cticas, sino como propios dinamizadores de la econom\u00eda local. As\u00ed, promoveremos el regreso de Turismo Carretera a Olavarr\u00eda. Al mismo tiempo, es prioritario sostener los eventos culturales propios de la ciudad, como las fiestas populares. Tambi\u00e9n apoyar y dar impulso a los artistas independientes y locales, que trabajan arduamente para generar espacios culturales.<\/p>\n<p>&nbsp;<\/p>\n<p><strong>&#8211; Proyecto Juventud y Democracia. Educaci\u00f3n para la Democracia \u2013<\/strong> Todos los a\u00f1os, para los j\u00f3venes que se encuentren cursando el nivel secundario en escuelas locales, se realizar\u00e1 durante un d\u00eda, previo al 30 de abril de cada a\u00f1o, un ejercicio piloto del sistema de votaci\u00f3n, sufragio y escrutinio (similar al que se vive cada d\u00eda de elecciones), para elegir entre todos los estudiantes en condiciones de votar en Olavarr\u00eda, qu\u00e9 grupos o artistas musicales desean que la comuna contrate para el d\u00eda de festejo del Aniversario de Olavarr\u00eda (25\/11 de cada a\u00f1o). El mismo, si bien no tendr\u00e1 el car\u00e1cter de vinculante, ser\u00e1 respetado \u2013 siempre que las condiciones econ\u00f3micas o de realizaci\u00f3n sean factibles. De tal manera, el Municipio de Olavarr\u00eda colaborar\u00e1 con el deber democr\u00e1tico de capacitar a sus j\u00f3venes en un tema tan sensible para todos los argentinos, y adem\u00e1s, otorgarles el derecho de elegir qu\u00e9 artista o int\u00e9rprete sea posiblemente contratado por el Gobierno de turno. Tambi\u00e9n buscaremos recuperar el HCD estudiantil, con proyectos<br \/>\nque planteen los j\u00f3venes y que luego pueden convertirse en ordenanzas.<\/p>\n<p>&nbsp;<\/p>\n<p><strong>Seguridad Ciudadana<\/strong><\/p>\n<p>En el marco de integrar y totalizar una pol\u00edtica de seguridad activa y entendiendo que, es competencia espec\u00edfica del Ministerio de Seguridad de la Provincia de Buenos Aires vamos a:<\/p>\n<ul>\n<li>Jerarquizar la Secretaria de Seguridad otorgando mayores recursos econ\u00f3micos para el desarrollo del Plan de Emergencia en Seguridad.<\/li>\n<li>Ampliar la participaci\u00f3n ciudadana en la Comisi\u00f3n de Seguridad., en el que distintos actores de la ciudad sean escuchados y sus ideas se complementen entre s\u00ed para ejercer el control y la aplicaci\u00f3n de medidas en los espacios de la v\u00eda p\u00fablica.<\/li>\n<li>Redise\u00f1ar el sistema de cuadr\u00edculas, para intensificar los patrullajes en barrios, aumentando la presencia en horarios nocturnos y fines de semana.<\/li>\n<li>Gestionar la instalaci\u00f3n de dos nuevas comisar\u00edas para la ciudad: una en zona de Barrio Villa Aurora y otra en zona de Barrio El provincial, Pickelado y Dorrego.<\/li>\n<li>Redise\u00f1ar el Centro de Monitoreo, ampliando la cantidad de personal capacitado, mejorando su infraestructura y adquiriendo c\u00e1maras de \u00faltima generaci\u00f3n que sirvan para control de prevenci\u00f3n.<\/li>\n<li>Promover un mecanismo de denuncias y seguimiento en torno a la venta ilegal de estupefacientes. Tendremos un mecanismo an\u00f3nimo de denuncia para que sea el Municipio quien se acerque a la justicia y denuncie lo que informan los vecinos.<\/li>\n<\/ul>\n<p>&nbsp;<\/p>\n<p><strong>Seguridad Vial<\/strong><\/p>\n<p>Olavarr\u00eda tuvo crecimiento demogr\u00e1fico y automotriz por lo cual necesita un ordenamiento vial que ponga conciencia en los vecinos, trabajamos en Plan Integrador con tres ejes claro:<\/p>\n<ul>\n<li>Concientizaci\u00f3n: Programas educativos, campa\u00f1as comunicacionales, charlas y<br \/>\ncapacitaciones.<\/li>\n<li>Infraestructura Vial e Intervenciones urbanas para mejorar la seguridad vial: mejorar la semaforizaci\u00f3n de la ciudad y trabajar sobre las zonas con mayor siniestralidad y circulaci\u00f3n. En las localidades se trabajar\u00e1 en el ordenamiento urbano, ordenando el sentido de circulaci\u00f3n de sus calles, en consonancia con el plan de pavimento para mejorar la trazabilidad de las mismas.<\/li>\n<li>Control. Acuerdos con la Universidad Nacional del Centro para desarrollo de dispositivos para controles. Ante faltas reiteradas, suspensi\u00f3n administrativa de la<br \/>\nlicencia.<\/li>\n<\/ul>\n<p>&nbsp;<\/p>\n<p><strong>Salud Integral e Integrada<\/strong><\/p>\n<p>El modelo de gesti\u00f3n ser\u00e1 basado en el fortalecimiento del primer nivel de atenci\u00f3n, aumentando los recursos de los 28 CAPS para que ampl\u00eden su oferta y horario de atenci\u00f3n, poniendo \u00e9nfasis en el desarrollo territorial. Es fundamental conocer las condiciones socio-sanitarias de la poblaci\u00f3n de su \u00e1mbito de referencia. En los CAPS, se realizar\u00e1 el abordaje integral de las personas, abarcando sus dimensiones bio-psicosociales y espirituales. En salud mental hay mucho por hacer. La ciudad no cuenta con los dispositivos ni recursos que puedan dar respuesta a la demanda en este tema, tanto a nivel de adultos como pedi\u00e1tricos Priorizaremos este tema.<\/p>\n<p>El modelo de atenci\u00f3n es el de la atenci\u00f3n centrada en la persona, con perspectiva de g\u00e9nero y de derechos humanos. Es imprescindible recuperar el rol protag\u00f3nico y de referencia regional del Hospital<br \/>\nMunicipal, como lo fue en las gestiones de Helios Eseverri, as\u00ed como pensar en un Hospital -Escuela y trabajar en forma mancomunada con la Facultad de Ciencias de la Salud. Vamos a contar con un Sistema Integral de Cuidados y como gobernar es decidir prioridades, \u00e9stas ser\u00e1n las siguientes:<\/p>\n<ul>\n<li>Recuperar el reconocimiento de Olavarr\u00eda como plaza regional de salud, por su excelencia.<\/li>\n<li>El acceso libre y gratuito a la salud, por eso no alcanza con condonar las deudas que miles de ciudadanos y ciudadanas han contra\u00eddo por atenderse en el hospital. Esta es una prueba m\u00e1s del af\u00e1n recaudador de este municipio, que adem\u00e1s obliga a saldar esta deuda para obtener el carnet de conducir, casi extorsivamente. Vamos a redoblar la propuesta. Los olavarrienses que no tengan obra social, por causas socioecon\u00f3micas ser\u00e1n atendidos de manera gratuita en nuestro hospital. En nuestra gesti\u00f3n las personas no tendr\u00e1n que suplicar para obtener un carnet 1,2, o 3 para atender su salud.<\/li>\n<li>Generar est\u00edmulos econ\u00f3micos y de capacitaci\u00f3n para que los recursos humanos se adapten a las necesidades de salud de nuestra poblaci\u00f3n. En Olavarr\u00eda hoy hay que responder a situaciones cr\u00edticas como el acceso a la salud en las localidades, las guardias de pediatr\u00eda y la falta de atenci\u00f3n de las personas mayores de PAMI en las cl\u00ednicas y sanatorios privados que generan una sobrecarga y ocupaci\u00f3n de<br \/>\ncamas de hospital p\u00fablico.<\/li>\n<li>Una clara prioridad ser\u00e1 la salud de las personas mayores. El envejecimiento poblacional es un fen\u00f3meno mundial que debemos reconocer como una enorme oportunidad. Vamos a adaptar los servicios de salud para que las personas mayores sean atendidas en forma respetuosa y adecuadamente, para que cada a\u00f1o de vida vivido sea de calidad, promoviendo su auto-validez y autonom\u00eda. Como municipio promotor, vamos a acompa\u00f1ar a due\u00f1os o administradores de las residencias no habilitadas para que regularicen su situaci\u00f3n. Pero lo m\u00e1s relevante, es que construiremos una Residencia y Centro de d\u00eda<br \/>\ndestinado a personas mayores. Respecto al tema de discapacidad, se cumplir\u00e1 con las normativas vigentes.<\/li>\n<\/ul>\n<p>&nbsp;<\/p>\n<p><strong>Vivienda y h\u00e1bitat<\/strong><\/p>\n<p>Bajo el dise\u00f1o de un nuevo de \u201cPlan Maestro de vivienda y h\u00e1bitat\u201d, recuperaremos de manera inmediata el \u201cBanco de tierras local\u201d, utilizando la normativa local y provincial, ya vigente, pero dejado de lado por la gesti\u00f3n actual. Es necesario realizar la ampliaci\u00f3n de la planta urbana para contar con banco de tierras y a partir de ah\u00ed, gestionar cr\u00e9ditos de Provincia o Naci\u00f3n para la realizaci\u00f3n de viviendas. Trabajaremos bajo la idea de una \u201cunidad coordinadora\u201d liderada por el Ejecutivo local (Estado promotor) que una los actores necesarios para los desarrollos urban\u00edsticos planificados: municipio, gremios, instituto de la vivienda provincial. Tambi\u00e9n trabajaremos con entidades u organizaciones especiales (penitenciarios, polic\u00edas, maestros, etc.); as\u00ed como, con actores del sector inmobiliario local.<\/p>\n<p>En resumen, recuperaremos el rol activo del estado, de una ciudad de hacedores, donde podremos hacer obras con fondos propios, m\u00e1s all\u00e1 de lo que pueda llegar desde Provincia o Naci\u00f3n. Las principales obras en nuestra gesti\u00f3n, entonces, ser\u00e1n:<\/p>\n<ul>\n<li>Construcci\u00f3n de nuevos servicios territoriales (como parte del sistema integral de Cuidados)<\/li>\n<li>Construcci\u00f3n de m\u00e1s jardines maternales<\/li>\n<li>\u00a0Construcci\u00f3n de nuevo matadero municipal<\/li>\n<li>Construcci\u00f3n de Centro de Residencia de Adultos Mayores<\/li>\n<li>\u00a0Plan de reparaci\u00f3n de calles de pavimento da\u00f1ado en todo el partido.<\/li>\n<li>Plan de pavimentaci\u00f3n en Olavarr\u00eda y localidades: haremos 600 nuevas cuadras.<\/li>\n<li>\u00a0Contaremos con nuevo sistema de luminarias led en barrios y localidades<\/li>\n<li>Reforma y ampliaci\u00f3n del Centro de Monitoreo<\/li>\n<li>Incorporaci\u00f3n de c\u00e1maras de ultima tecnolog\u00eda para Monitoreo.<\/li>\n<li>Recuperar el Hospital-Escuela y posicionamiento como centro regional de salud<\/li>\n<li>Ampliaci\u00f3n de planta urbana, incorporaci\u00f3n de lotes al Banco de Tierras y<br \/>\nconstrucci\u00f3n de viviendas.<\/li>\n<\/ul>\n","protected":false},"excerpt":{"rendered":"<p>Fue en la tarde de este viernes junto a precandidatos e integrantes de su espacio \u201cOlavarr\u00eda al Frente\u201d. Con eje<\/p>\n","protected":false},"author":6,"featured_media":91480,"comment_status":"closed","ping_status":"closed","sticky":false,"template":"","format":"standard","meta":{"_jetpack_memberships_contains_paid_content":false,"footnotes":""},"categories":[4,1],"tags":[],"class_list":["post-91476","post","type-post","status-publish","format-standard","has-post-thumbnail","hentry","category-politica","category-portada"],"jetpack_featured_media_url":"https:\/\/i0.wp.com\/cdnoticias.com\/wp-content\/uploads\/2023\/07\/presentacion-propuestas-parra1.jpg?fit=1072%2C596&ssl=1","jetpack_sharing_enabled":true,"_links":{"self":[{"href":"https:\/\/cdnoticias.com\/index.php\/wp-json\/wp\/v2\/posts\/91476","targetHints":{"allow":["GET"]}}],"collection":[{"href":"https:\/\/cdnoticias.com\/index.php\/wp-json\/wp\/v2\/posts"}],"about":[{"href":"https:\/\/cdnoticias.com\/index.php\/wp-json\/wp\/v2\/types\/post"}],"author":[{"embeddable":true,"href":"https:\/\/cdnoticias.com\/index.php\/wp-json\/wp\/v2\/users\/6"}],"replies":[{"embeddable":true,"href":"https:\/\/cdnoticias.com\/index.php\/wp-json\/wp\/v2\/comments?post=91476"}],"version-history":[{"count":0,"href":"https:\/\/cdnoticias.com\/index.php\/wp-json\/wp\/v2\/posts\/91476\/revisions"}],"wp:featuredmedia":[{"embeddable":true,"href":"https:\/\/cdnoticias.com\/index.php\/wp-json\/wp\/v2\/media\/91480"}],"wp:attachment":[{"href":"https:\/\/cdnoticias.com\/index.php\/wp-json\/wp\/v2\/media?parent=91476"}],"wp:term":[{"taxonomy":"category","embeddable":true,"href":"https:\/\/cdnoticias.com\/index.php\/wp-json\/wp\/v2\/categories?post=91476"},{"taxonomy":"post_tag","embeddable":true,"href":"https:\/\/cdnoticias.com\/index.php\/wp-json\/wp\/v2\/tags?post=91476"}],"curies":[{"name":"wp","href":"https:\/\/api.w.org\/{rel}","templated":true}]}}