{"id":91429,"date":"2023-07-28T08:48:37","date_gmt":"2023-07-28T11:48:37","guid":{"rendered":"https:\/\/www.centraldenoticias.com.ar\/?p=91429"},"modified":"2023-07-28T11:13:10","modified_gmt":"2023-07-28T14:13:10","slug":"condenan-a-una-olavarriense-por-difundir-material-de-explotacion-sexual-infantil","status":"publish","type":"post","link":"https:\/\/cdnoticias.com\/index.php\/2023\/07\/28\/condenan-a-una-olavarriense-por-difundir-material-de-explotacion-sexual-infantil\/","title":{"rendered":"Condenan a una olavarriense por difundir material de explotaci\u00f3n sexual infantil"},"content":{"rendered":"<p>Los hechos sucedieron en nuestra ciudad durante 2019. Recibi\u00f3 cuatro a\u00f1os de prisi\u00f3n.<!--more--><\/p>\n<hr \/>\n<p>Una mujer de 23 a\u00f1os que reside en Olavarr\u00eda fue condenada a <strong>cuatro a\u00f1os de presi\u00f3n por difundir material de explotaci\u00f3n sexual infantil.<\/strong> Son dos hechos de delito de facilitaci\u00f3n y\/o distribuci\u00f3n de representaciones de menores de 18 a\u00f1os dedicados a actividades sexuales explicitas y\/o de sus partes genitales con fines predominantemente sexuales, y uno definido a escala penal como tenencia con fines inequ\u00edvocos de distribuci\u00f3n de representaciones de menores de 18 a\u00f1os dedicados a actividades sexuales explicitas y\/o de sus partes genitales con fines predominantemente sexuales, agravados por tratarse de menores de 13 a\u00f1os.<\/p>\n<p>&nbsp;<\/p>\n<p>La condenada en esta primera instancia fue identificada como <strong>Karen Vanesa Louge<\/strong>, oriunda de Mar del Plata. <strong>Los hechos que derivaron en la sanci\u00f3n sucedieron en Olavarr\u00eda durante los meses de enero, febrero y julio de 2019.<\/strong><\/p>\n<p>&nbsp;<\/p>\n<p>El juicio se desarroll\u00f3 en Azul y cont\u00f3 con la intervenci\u00f3n del magistrado Joaqu\u00edn Duba.<\/p>\n<p>&nbsp;<\/p>\n<h2>Lo que qued\u00f3 demostrado<\/h2>\n<p>&nbsp;<\/p>\n<p>En el juicio qued\u00f3 acreditado que la joven cometi\u00f3 uno de los il\u00edcitos el<strong> 22 de enero de 2019<\/strong>, cuando <strong>desde su perfil en la red social Facebook<\/strong> &#8220;distribuy\u00f3 y\/o facilit\u00f3&#8221; a otro usuario &#8220;mediante mensaje privado fotograf\u00edas de contenido pornogr\u00e1fico infantil, en la cual pueden observarse a una menor de 13 a\u00f1os en actividades sexuales explicitas&#8221;.<\/p>\n<p>&nbsp;<\/p>\n<p>Adem\u00e1s, el <strong>8 de febrero<\/strong> de aquel a\u00f1o, d\u00eda en que desde un perfil distinto al mencionado en primer t\u00e9rmino, tambi\u00e9n de Facebook, le <strong>envi\u00f3 por Messenger<\/strong> a otro usuario &#8220;fotograf\u00edas de contenido pornogr\u00e1fico infantil&#8221; en las cuales se ve\u00eda &#8220;a una menor de 13 a\u00f1os&#8221; siendo v\u00edctima de abuso sexual.<\/p>\n<p>&nbsp;<\/p>\n<p>En el marco de la investigaci\u00f3n penal, <strong>el 4 de julio de 2019 fue allanado el domicilio en Olavarr\u00eda<\/strong> donde en ese entonces resid\u00eda Louge. Secuestraron una PC de escritorio y se constat\u00f3 que conten\u00eda &#8220;con el fin inequ\u00edvoco de distribuci\u00f3n&#8221; por parte de la ahora condenada, &#8220;varias fotograf\u00edas de contenido pornogr\u00e1fico infantil&#8221;. Im\u00e1genes en las cuales tambi\u00e9n se observaba a menores de 13 a\u00f1os de edad &#8220;mostrando sus partes genitales con fines predominantemente sexuales y\/o en actividades sexuales explicitas&#8221;, se refiere en el fallo.<\/p>\n<p>&nbsp;<\/p>\n<h2>Una versi\u00f3n desestimada<\/h2>\n<p>&nbsp;<\/p>\n<p>&#8220;La versi\u00f3n dada por la imputada corresponde aquilatarla bajo dos miradas bien diferenciadas&#8221;, escribi\u00f3 el juez Duba en lo resuelto. &#8220;Una, en cuanto reconoce llana y completamente haber cometido los tres hechos y otra, donde con un argumento f\u00fatil y hasta despreocupado <strong>intenta colocarse en una situaci\u00f3n de no haber tenido conciencia de lo que hac\u00eda<\/strong> para intentar relativizar su conducta; aun cuando reconoce que sab\u00eda que era material prohibido; entre argumentos sin fuerza que oscilan entre la ignorancia de las normas que penan dicho comportamiento y el referir, como si ello implicara alguna merma en su responsabilidad, que su computadora pose\u00eda las im\u00e1genes con contenido il\u00edcito pero que las ten\u00eda desde que era menor de edad&#8221;.<\/p>\n<p>&nbsp;<\/p>\n<p>De esa manera, los dichos se convert\u00edan en &#8220;un intento falaz de colocarse en una situaci\u00f3n de ceguera frente a los delitos cometidos&#8221;, concluy\u00f3 el Juez del TOC 1 para condenar a la encausada, que en el debate estuvo asistida por el abogado Marcelo Fuche; mientras que el representante del Ministerio P\u00fablico Fiscal en ese proceso fue David Carballo.<\/p>\n<p>&nbsp;<\/p>\n<p><em>Fuente: Diario El Tiempo de Azul.\u00a0<\/em><\/p>\n","protected":false},"excerpt":{"rendered":"<p>Los hechos sucedieron en nuestra ciudad durante 2019. Recibi\u00f3 cuatro a\u00f1os de prisi\u00f3n.<\/p>\n","protected":false},"author":5,"featured_media":3058,"comment_status":"closed","ping_status":"closed","sticky":false,"template":"","format":"standard","meta":{"_jetpack_memberships_contains_paid_content":false,"footnotes":""},"categories":[14,1],"tags":[],"class_list":["post-91429","post","type-post","status-publish","format-standard","has-post-thumbnail","hentry","category-policiales","category-portada"],"jetpack_featured_media_url":"https:\/\/i0.wp.com\/cdnoticias.com\/wp-content\/uploads\/2020\/10\/28022016_07_poder-e1601676895152.jpg?fit=526%2C335&ssl=1","jetpack_sharing_enabled":true,"_links":{"self":[{"href":"https:\/\/cdnoticias.com\/index.php\/wp-json\/wp\/v2\/posts\/91429","targetHints":{"allow":["GET"]}}],"collection":[{"href":"https:\/\/cdnoticias.com\/index.php\/wp-json\/wp\/v2\/posts"}],"about":[{"href":"https:\/\/cdnoticias.com\/index.php\/wp-json\/wp\/v2\/types\/post"}],"author":[{"embeddable":true,"href":"https:\/\/cdnoticias.com\/index.php\/wp-json\/wp\/v2\/users\/5"}],"replies":[{"embeddable":true,"href":"https:\/\/cdnoticias.com\/index.php\/wp-json\/wp\/v2\/comments?post=91429"}],"version-history":[{"count":0,"href":"https:\/\/cdnoticias.com\/index.php\/wp-json\/wp\/v2\/posts\/91429\/revisions"}],"wp:featuredmedia":[{"embeddable":true,"href":"https:\/\/cdnoticias.com\/index.php\/wp-json\/wp\/v2\/media\/3058"}],"wp:attachment":[{"href":"https:\/\/cdnoticias.com\/index.php\/wp-json\/wp\/v2\/media?parent=91429"}],"wp:term":[{"taxonomy":"category","embeddable":true,"href":"https:\/\/cdnoticias.com\/index.php\/wp-json\/wp\/v2\/categories?post=91429"},{"taxonomy":"post_tag","embeddable":true,"href":"https:\/\/cdnoticias.com\/index.php\/wp-json\/wp\/v2\/tags?post=91429"}],"curies":[{"name":"wp","href":"https:\/\/api.w.org\/{rel}","templated":true}]}}