{"id":91390,"date":"2023-07-27T16:48:44","date_gmt":"2023-07-27T19:48:44","guid":{"rendered":"https:\/\/www.centraldenoticias.com.ar\/?p=91390"},"modified":"2023-07-28T01:42:20","modified_gmt":"2023-07-28T04:42:20","slug":"union-por-la-patria-adelanto-una-presentacion-judicial-contra-galli-por-violar-la-veda-electoral","status":"publish","type":"post","link":"https:\/\/cdnoticias.com\/index.php\/2023\/07\/27\/union-por-la-patria-adelanto-una-presentacion-judicial-contra-galli-por-violar-la-veda-electoral\/","title":{"rendered":"Uni\u00f3n por la Patria adelant\u00f3 una presentaci\u00f3n judicial contra Galli por \u201cviolar la veda electoral\u201d"},"content":{"rendered":"<p>Telma Cazot explic\u00f3 que coinciden en la entrega de las viviendas Tuvi \u201cpero de manera individual y sin acto pol\u00edtico\u201d. \u201cSe habl\u00f3 de campa\u00f1a limpia y este es un ejemplo m\u00e1s de que no existen esas intenciones\u201d denunci\u00f3. <!--more--><\/p>\n<hr \/>\n<p>Luego del<a href=\"https:\/\/cdnoticias.com\/index.php\/2023\/07\/27\/ocho-familias-van-a-convertir-el-sueno-de-la-casa-propia-en-una-realidad\/\" target=\"_blank\" rel=\"noopener\"> acto de entrega de 8 viviendas del programa Tuvi Industrializadas de este mediod\u00eda<\/a>, <strong>la concejal Telma Cazot adelant\u00f3 que Uni\u00f3n por la Patria realizar\u00e1 una presentaci\u00f3n judicial dado que se viol\u00f3 la veda de actos de gesti\u00f3n de gobierno.<\/strong> Pedir\u00e1n la aplicaci\u00f3n del art\u00edculo 133 bis de la Ley 19.945 de la Ley Electoral.<\/p>\n<p>&nbsp;<\/p>\n<p>En redes sociales,<strong> Cazot fue la primera en hacer menci\u00f3n a la situaci\u00f3n del acto de este jueves<\/strong>. Explic\u00f3 que <em>\u201ca partir del 19 de julio comenz\u00f3 la prohibici\u00f3n de actos inaugurales de obras p\u00fablicas, lanzamiento o promoci\u00f3n de planes, proyectos o programas de alcance colectivo y en general la realizaci\u00f3n de cualquier acto de gobierno que pueda promover la captaci\u00f3n del sufragio a favor de cualquiera de los candidatos. Esto lo establece el art\u00edculo 64 quater de la Ley 19945\u201d.<\/em><\/p>\n<p>&nbsp;<\/p>\n<p>El Intendente Galli, de esta forma <em>\u201cacaba de violar est\u00e1 prohibici\u00f3n atento a haber realizado un acto inaugural (entrega de 8 viviendas Tuvi industrializadas que deb\u00edan entregarse en marzo de 2022)\u201d.<\/em><\/p>\n<p>&nbsp;<\/p>\n<blockquote class=\"wp-embedded-content\" data-secret=\"iAHptNhTDV\"><p><a href=\"https:\/\/cdnoticias.com\/index.php\/2023\/07\/27\/la-entrega-de-las-tuvi-a-pesar-de-la-veda-tenemos-un-riesgo-de-usurpacion\/\">La entrega de las TUVI a pesar de la veda: \u201cTenemos un riesgo de usurpaci\u00f3n\u201d<\/a><\/p><\/blockquote>\n<p><iframe loading=\"lazy\" class=\"wp-embedded-content\" sandbox=\"allow-scripts\" security=\"restricted\" style=\"position: absolute; clip: rect(1px, 1px, 1px, 1px);\" title=\"&#8220;La entrega de las TUVI a pesar de la veda: \u201cTenemos un riesgo de usurpaci\u00f3n\u201d&#8221; &#8212; Central de Noticias | Olavarr\u00eda\" src=\"https:\/\/cdnoticias.com\/index.php\/2023\/07\/27\/la-entrega-de-las-tuvi-a-pesar-de-la-veda-tenemos-un-riesgo-de-usurpacion\/embed\/#?secret=bf5tdD2bM9#?secret=iAHptNhTDV\" data-secret=\"iAHptNhTDV\" width=\"600\" height=\"338\" frameborder=\"0\" marginwidth=\"0\" marginheight=\"0\" scrolling=\"no\"><\/iframe><\/p>\n<p>&nbsp;<\/p>\n<p>&nbsp;<\/p>\n<blockquote><p>Aclar\u00f3, en este sentido, que \u201cpor supuesto las casas las deb\u00eda entregar si estaban terminadas, pero de manera individual y sin acto pol\u00edtico porque las familias hace mucho tiempo que la vienen esperando, pero no de esta manera\u201d.<\/p><\/blockquote>\n<p>&nbsp;<\/p>\n<p>De esta forma, <strong><em>\u201ctendremos que realizar la presentaci\u00f3n correspondiente para que se aplique el art\u00edculo 133 bis de la misma Ley\u201d.<\/em><\/strong><\/p>\n<p>&nbsp;<\/p>\n<p>Finalmente, la edil opin\u00f3 que se trata de <em>\u201cun hecho m\u00e1s que demuestra que entre el dicho y lo hecho hay una distancia impresionante. Se habl\u00f3 de campa\u00f1a limpia y este es un ejemplo m\u00e1s de que no existen esas intenciones\u201d.<\/em><\/p>\n<p>&nbsp;<\/p>\n<p><strong><em>\u201cUna vez m\u00e1s se muestra la soberbia mostrando que pueden hacer lo que tengan ganas a\u00fan en contra de la ley\u201d<\/em> <\/strong>cerr\u00f3.<\/p>\n","protected":false},"excerpt":{"rendered":"<p>Telma Cazot explic\u00f3 que coinciden en la entrega de las viviendas Tuvi \u201cpero de manera individual y sin acto pol\u00edtico\u201d.<\/p>\n","protected":false},"author":2,"featured_media":64398,"comment_status":"closed","ping_status":"closed","sticky":false,"template":"","format":"standard","meta":{"_jetpack_memberships_contains_paid_content":false,"footnotes":""},"categories":[4,1],"tags":[],"class_list":["post-91390","post","type-post","status-publish","format-standard","has-post-thumbnail","hentry","category-politica","category-portada"],"jetpack_featured_media_url":"https:\/\/i0.wp.com\/cdnoticias.com\/wp-content\/uploads\/2022\/09\/HCD-telma-cazot.jpg?fit=800%2C445&ssl=1","jetpack_sharing_enabled":true,"_links":{"self":[{"href":"https:\/\/cdnoticias.com\/index.php\/wp-json\/wp\/v2\/posts\/91390","targetHints":{"allow":["GET"]}}],"collection":[{"href":"https:\/\/cdnoticias.com\/index.php\/wp-json\/wp\/v2\/posts"}],"about":[{"href":"https:\/\/cdnoticias.com\/index.php\/wp-json\/wp\/v2\/types\/post"}],"author":[{"embeddable":true,"href":"https:\/\/cdnoticias.com\/index.php\/wp-json\/wp\/v2\/users\/2"}],"replies":[{"embeddable":true,"href":"https:\/\/cdnoticias.com\/index.php\/wp-json\/wp\/v2\/comments?post=91390"}],"version-history":[{"count":0,"href":"https:\/\/cdnoticias.com\/index.php\/wp-json\/wp\/v2\/posts\/91390\/revisions"}],"wp:featuredmedia":[{"embeddable":true,"href":"https:\/\/cdnoticias.com\/index.php\/wp-json\/wp\/v2\/media\/64398"}],"wp:attachment":[{"href":"https:\/\/cdnoticias.com\/index.php\/wp-json\/wp\/v2\/media?parent=91390"}],"wp:term":[{"taxonomy":"category","embeddable":true,"href":"https:\/\/cdnoticias.com\/index.php\/wp-json\/wp\/v2\/categories?post=91390"},{"taxonomy":"post_tag","embeddable":true,"href":"https:\/\/cdnoticias.com\/index.php\/wp-json\/wp\/v2\/tags?post=91390"}],"curies":[{"name":"wp","href":"https:\/\/api.w.org\/{rel}","templated":true}]}}