{"id":91350,"date":"2023-07-27T11:50:11","date_gmt":"2023-07-27T14:50:11","guid":{"rendered":"https:\/\/www.centraldenoticias.com.ar\/?p=91350"},"modified":"2023-07-27T13:27:51","modified_gmt":"2023-07-27T16:27:51","slug":"no-somos-vagos-no-somos-delincuentes","status":"publish","type":"post","link":"https:\/\/cdnoticias.com\/index.php\/2023\/07\/27\/no-somos-vagos-no-somos-delincuentes\/","title":{"rendered":"\u201cNo somos vagos, no somos delincuentes\u201d"},"content":{"rendered":"<p>As\u00ed lo expresaron las familias que participaron de la toma de terrenos y este jueves volvieron a manifestarse en el Paseo Mend\u00eda. Analizan cortar la ruta en el ingreso a la ciudad si no obtienen respuestas.<!--more--><\/p>\n<hr \/>\n<p>\u201cNo estamos pidiendo nada regalado, estamos pidiendo una posibilidad de pago\u201d, se\u00f1alaron las familias que participaron de la <a href=\"https:\/\/cdnoticias.com\/index.php\/2023\/07\/23\/durante-la-noche-del-sabado-levantaron-de-forma-pacifica-la-toma-de-terrenos\/\" target=\"_blank\" rel=\"noopener\">toma de terrenos<\/a> y que este jueves volvieron a manifestarse en el Paseo Mend\u00eda a la espera de una respuesta por parte del Municipio.<\/p>\n<p>&nbsp;<\/p>\n<p><strong>Karen y Yesica<\/strong> dialogaron con el periodista <em>Mart\u00edn Rodr\u00edguez de Radio Olavarr\u00eda<\/em> y se\u00f1alaron que \u201cno hemos tenido noticias, entregamos una carta el martes y nos dijeron que nos daban soluci\u00f3n a nosotros que vinimos y le dijimos que somos un grupo. No queremos soluci\u00f3n para nosotros, sino para todos\u201d.<\/p>\n<p>&nbsp;<\/p>\n<blockquote><p>\u201cLo \u00fanico que estamos pidiendo es una posibilidad de pago en un terreno digno\u201d, sintetiz\u00f3 Karen.<\/p><\/blockquote>\n<p>&nbsp;<\/p>\n<p>Por su parte, Yesica cont\u00f3 que \u201cme acerqu\u00e9 a hablar con la asistente social del NIDO de barrio Scac y la respuesta de ella fue \u2018vos no ten\u00e9s verg\u00fcenza de exponer tus hijos as\u00ed\u00b4\u201d y agreg\u00f3: \u201cyo soy mam\u00e1 soltera con cuatro nenes, con un pie adentro y uno afuera de donde estoy viviendo. <strong>Pido un pedazo de tierra para poder hacerles una casita a mis hijos.<\/strong> Yo soy joven, soy sana y puedo trabajar y comprar los materiales y de a poquito voy a poder comprar los materiales\u201d.<\/p>\n<p>&nbsp;<\/p>\n<p>Yesica enfrent\u00f3 los dichos y acusaciones que reciben en redes sociales y se\u00f1al\u00f3 que \u201cnosotros no somos vagos, no somos delincuentes\u201d. En tanto, Karen resalt\u00f3 que \u201cle pedimos al intendente una posibilidad de pago, somos j\u00f3venes, podemos levantar as\u00ed sea cuatro chapas y una en el techo\u201d.<\/p>\n<p>&nbsp;<\/p>\n<blockquote><p>Por otra parte, Karen se\u00f1al\u00f3 las medidas a seguir y expres\u00f3 que \u201csi no tenemos noticias la pr\u00f3xima semana en asamblea vamos a plantear qu\u00e9 hacemos, y si no hay respuestas lamentablemente va a ser corte de ruta a la entrada de la ciudad\u201d.<\/p><\/blockquote>\n<p>&nbsp;<\/p>\n<p>\u201cEstamos hablando de 15 a 20 familias. <strong>Se han acercado como 30 familias m\u00e1s que est\u00e1n en la misma situaci\u00f3n que nosotros pero que tienen miedo\u201d<\/strong>, concluy\u00f3.<\/p>\n<p>&nbsp;<\/p>\n<blockquote class=\"wp-embedded-content\" data-secret=\"uZHmUvlfoA\"><p><a href=\"https:\/\/cdnoticias.com\/index.php\/2023\/07\/24\/no-somos-de-ningun-candidato-nadie-nos-mando\/\">\u201cNo somos de ning\u00fan candidato, nadie nos mand\u00f3\u201d<\/a><\/p><\/blockquote>\n<p><iframe loading=\"lazy\" class=\"wp-embedded-content\" sandbox=\"allow-scripts\" security=\"restricted\" style=\"position: absolute; clip: rect(1px, 1px, 1px, 1px);\" title=\"&#8220;\u201cNo somos de ning\u00fan candidato, nadie nos mand\u00f3\u201d&#8221; &#8212; Central de Noticias | Olavarr\u00eda\" src=\"https:\/\/cdnoticias.com\/index.php\/2023\/07\/24\/no-somos-de-ningun-candidato-nadie-nos-mando\/embed\/#?secret=Q7rQhb3EMQ#?secret=uZHmUvlfoA\" data-secret=\"uZHmUvlfoA\" width=\"600\" height=\"338\" frameborder=\"0\" marginwidth=\"0\" marginheight=\"0\" scrolling=\"no\"><\/iframe><\/p>\n","protected":false},"excerpt":{"rendered":"<p>As\u00ed lo expresaron las familias que participaron de la toma de terrenos y este jueves volvieron a manifestarse en el<\/p>\n","protected":false},"author":5,"featured_media":91351,"comment_status":"closed","ping_status":"closed","sticky":false,"template":"","format":"standard","meta":{"_jetpack_memberships_contains_paid_content":false,"footnotes":""},"categories":[5,1],"tags":[],"class_list":["post-91350","post","type-post","status-publish","format-standard","has-post-thumbnail","hentry","category-informacion-general","category-portada"],"jetpack_featured_media_url":"https:\/\/i0.wp.com\/cdnoticias.com\/wp-content\/uploads\/2023\/07\/manifestacion-toma-terrenos.jpg?fit=800%2C445&ssl=1","jetpack_sharing_enabled":true,"_links":{"self":[{"href":"https:\/\/cdnoticias.com\/index.php\/wp-json\/wp\/v2\/posts\/91350","targetHints":{"allow":["GET"]}}],"collection":[{"href":"https:\/\/cdnoticias.com\/index.php\/wp-json\/wp\/v2\/posts"}],"about":[{"href":"https:\/\/cdnoticias.com\/index.php\/wp-json\/wp\/v2\/types\/post"}],"author":[{"embeddable":true,"href":"https:\/\/cdnoticias.com\/index.php\/wp-json\/wp\/v2\/users\/5"}],"replies":[{"embeddable":true,"href":"https:\/\/cdnoticias.com\/index.php\/wp-json\/wp\/v2\/comments?post=91350"}],"version-history":[{"count":0,"href":"https:\/\/cdnoticias.com\/index.php\/wp-json\/wp\/v2\/posts\/91350\/revisions"}],"wp:featuredmedia":[{"embeddable":true,"href":"https:\/\/cdnoticias.com\/index.php\/wp-json\/wp\/v2\/media\/91351"}],"wp:attachment":[{"href":"https:\/\/cdnoticias.com\/index.php\/wp-json\/wp\/v2\/media?parent=91350"}],"wp:term":[{"taxonomy":"category","embeddable":true,"href":"https:\/\/cdnoticias.com\/index.php\/wp-json\/wp\/v2\/categories?post=91350"},{"taxonomy":"post_tag","embeddable":true,"href":"https:\/\/cdnoticias.com\/index.php\/wp-json\/wp\/v2\/tags?post=91350"}],"curies":[{"name":"wp","href":"https:\/\/api.w.org\/{rel}","templated":true}]}}