{"id":91339,"date":"2023-07-27T18:14:02","date_gmt":"2023-07-27T21:14:02","guid":{"rendered":"https:\/\/www.centraldenoticias.com.ar\/?p=91339"},"modified":"2023-07-27T18:14:02","modified_gmt":"2023-07-27T21:14:02","slug":"dos-nuevos-titulos-de-editorial-del-altillo","status":"publish","type":"post","link":"https:\/\/cdnoticias.com\/index.php\/2023\/07\/27\/dos-nuevos-titulos-de-editorial-del-altillo\/","title":{"rendered":"Dos nuevos t\u00edtulos de editorial del altillo"},"content":{"rendered":"<p>Pertenecen a las colecciones Ensayo y Biograf\u00edas. Se trata de \u201cCasa querida\u201d de Pablo Ormazabal y \u201cRosina\u201d de Daniel Lovano Cangemi.<!--more--><\/p>\n<hr \/>\n<p>Con el lanzamiento de la colecci\u00f3n Ensayo y un nuevo libro de Biograf\u00edas, la editorial del altillo de Olavarr\u00eda acaba de publicar las obras <strong>\u201cCasa querida\u201d de Pablo Ormazabal\u00a0 y \u201cRosina\u201d de Daniel Lovano Cangemi.<\/strong><\/p>\n<p>&nbsp;<\/p>\n<p>Estos libros <strong>se suman a los m\u00e1s de 20 t\u00edtulos que la editorial ya ha publicado en diferentes g\u00e9neros<\/strong> como novela, cuento y poes\u00eda, con autores de Olavarr\u00eda, de la zona y nacionales.<\/p>\n<p>&nbsp;<\/p>\n<p><strong>\u201cCasa querida\u201d de Pablo Ormazabal<\/strong> es el primer libro de ensayo que edita del altillo y contiene, como el subt\u00edtulo lo destaca: la di\u00e1spora vasca, memoria y arqueolog\u00eda. El autor con esta obra busca \u201cpresentar un escrito sobre una serie de relatos y sonidos de ciertas voces vascas en la regi\u00f3n pampeana argentina, con el objeto de colocar a este grupo un nuevo valor y en un marco relacionado con los abundantes restos de piedra de las casas, estructuras y muros abandonados, olvidados o no, en esta zona\u201d.<\/p>\n<p>&nbsp;<\/p>\n<p><strong>En el caso de \u201cRosina\u201d, de Daniel Lovano Cangemi,<\/strong> se suma a la colecci\u00f3n Biograf\u00edas que ya tiene en su cat\u00e1logo a \u201cTres hermanos para el tango\u201d de Silvio Pucci. \u201cRosina\u201d es la historia de una mujer inmigrante atravesada por las dos Guerras Mundiales. De Italia a la Argentina y viceversa, sus viajes y sus retornos la llevan a conocer el amor, la mezquindad, la tragedia, el dolor, el desarraigo y la resiliencia.<\/p>\n<p>&nbsp;<\/p>\n<p>Los dos libros mencionados <strong>ser\u00e1n presentados en nuestra ciudad en las pr\u00f3ximas semanas<\/strong> con la presencia de sus autores.<\/p>\n","protected":false},"excerpt":{"rendered":"<p>Pertenecen a las colecciones Ensayo y Biograf\u00edas. Se trata de \u201cCasa querida\u201d de Pablo Ormazabal y \u201cRosina\u201d de Daniel Lovano<\/p>\n","protected":false},"author":5,"featured_media":91340,"comment_status":"closed","ping_status":"closed","sticky":false,"template":"","format":"standard","meta":{"_jetpack_memberships_contains_paid_content":false,"footnotes":""},"categories":[9,1],"tags":[],"class_list":["post-91339","post","type-post","status-publish","format-standard","has-post-thumbnail","hentry","category-cultura","category-portada"],"jetpack_featured_media_url":"https:\/\/i0.wp.com\/cdnoticias.com\/wp-content\/uploads\/2023\/07\/del-altillo-libros.jpg?fit=800%2C445&ssl=1","jetpack_sharing_enabled":true,"_links":{"self":[{"href":"https:\/\/cdnoticias.com\/index.php\/wp-json\/wp\/v2\/posts\/91339","targetHints":{"allow":["GET"]}}],"collection":[{"href":"https:\/\/cdnoticias.com\/index.php\/wp-json\/wp\/v2\/posts"}],"about":[{"href":"https:\/\/cdnoticias.com\/index.php\/wp-json\/wp\/v2\/types\/post"}],"author":[{"embeddable":true,"href":"https:\/\/cdnoticias.com\/index.php\/wp-json\/wp\/v2\/users\/5"}],"replies":[{"embeddable":true,"href":"https:\/\/cdnoticias.com\/index.php\/wp-json\/wp\/v2\/comments?post=91339"}],"version-history":[{"count":0,"href":"https:\/\/cdnoticias.com\/index.php\/wp-json\/wp\/v2\/posts\/91339\/revisions"}],"wp:featuredmedia":[{"embeddable":true,"href":"https:\/\/cdnoticias.com\/index.php\/wp-json\/wp\/v2\/media\/91340"}],"wp:attachment":[{"href":"https:\/\/cdnoticias.com\/index.php\/wp-json\/wp\/v2\/media?parent=91339"}],"wp:term":[{"taxonomy":"category","embeddable":true,"href":"https:\/\/cdnoticias.com\/index.php\/wp-json\/wp\/v2\/categories?post=91339"},{"taxonomy":"post_tag","embeddable":true,"href":"https:\/\/cdnoticias.com\/index.php\/wp-json\/wp\/v2\/tags?post=91339"}],"curies":[{"name":"wp","href":"https:\/\/api.w.org\/{rel}","templated":true}]}}