{"id":91323,"date":"2023-07-26T22:18:12","date_gmt":"2023-07-27T01:18:12","guid":{"rendered":"https:\/\/www.centraldenoticias.com.ar\/?p=91323"},"modified":"2023-07-26T22:18:12","modified_gmt":"2023-07-27T01:18:12","slug":"eduardo-rodriguez-presento-sus-propuestas-concretas-con-las-que-se-postula-a-intendente","status":"publish","type":"post","link":"https:\/\/cdnoticias.com\/index.php\/2023\/07\/26\/eduardo-rodriguez-presento-sus-propuestas-concretas-con-las-que-se-postula-a-intendente\/","title":{"rendered":"Eduardo Rodr\u00edguez present\u00f3 sus \u201cpropuestas concretas\u201d con las que se postula a Intendente"},"content":{"rendered":"<p>Uno de los precandidatos de Uni\u00f3n por la Patria realiz\u00f3 una presentaci\u00f3n en la que detall\u00f3 los puntos m\u00e1s sobresalientes de su propuesta electoral que \u201cestamos acercando a los vecinos casa por casa\u201d.<!--more--><\/p>\n<hr \/>\n<p>En la tarde de este mi\u00e9rcoles y en la sede de SMATA, <strong>uno de los precandidatos a Intendente de Uni\u00f3n por la Patria, Eduardo Rodr\u00edguez, dio a conocer su plataforma de \u201cpropuestas concretas\u201d de cara a las PASO del 13 de agosto y en caso de llegar al Palacio San Mart\u00edn en octubre.<\/strong><\/p>\n<p>&nbsp;<\/p>\n<p>Como principal novedad, <strong>Rodr\u00edguez present\u00f3 una plataforma donde aquellos que deseen ingresar, podr\u00e1n opinar y votar cada una de las propuestas que elaboraron desde el espacio.<\/strong> <a href=\"https:\/\/es.research.net\/r\/eduardopropuestas\" target=\"_blank\" rel=\"noopener\">Se puede ingresar desde este link.<\/a><\/p>\n<p>&nbsp;<\/p>\n<p><img data-recalc-dims=\"1\" loading=\"lazy\" decoding=\"async\" class=\"alignnone size-large wp-image-91318\" src=\"https:\/\/i0.wp.com\/cdnoticias.com\/wp-content\/uploads\/2023\/07\/eduardo-propu1.jpg?resize=800%2C445&#038;ssl=1\" alt=\"\" width=\"800\" height=\"445\" srcset=\"https:\/\/i0.wp.com\/cdnoticias.com\/wp-content\/uploads\/2023\/07\/eduardo-propu1.jpg?resize=1024%2C570&amp;ssl=1 1024w, https:\/\/i0.wp.com\/cdnoticias.com\/wp-content\/uploads\/2023\/07\/eduardo-propu1.jpg?resize=300%2C167&amp;ssl=1 300w, https:\/\/i0.wp.com\/cdnoticias.com\/wp-content\/uploads\/2023\/07\/eduardo-propu1.jpg?resize=768%2C428&amp;ssl=1 768w, https:\/\/i0.wp.com\/cdnoticias.com\/wp-content\/uploads\/2023\/07\/eduardo-propu1.jpg?resize=800%2C445&amp;ssl=1 800w, https:\/\/i0.wp.com\/cdnoticias.com\/wp-content\/uploads\/2023\/07\/eduardo-propu1.jpg?w=1072&amp;ssl=1 1072w\" sizes=\"auto, (max-width: 800px) 100vw, 800px\" \/><\/p>\n<p>&nbsp;<\/p>\n<p>En principio, el precandidato a Intendente expres\u00f3 que<em> \u201cpretendemos que<strong> el Municipio sea el motor del desarrollo y del progreso de Olavarr\u00eda.<\/strong> Ese desarrollo y progreso que los olavarrienses forjan cada d\u00eda desde las empresas, desde el comercio, desde la industria, desde el campo, los trabajadores, desde los sindicatos, desde las organizaciones sociales. Todos ellos hacen de Olavarr\u00eda esta ciudad tan pujante, tan diversa, con una econom\u00eda que tiene sus bases y una riqueza tan bien diversa\u201d.<\/em><\/p>\n<p>&nbsp;<\/p>\n<p><em>\u201cNos gusta tambi\u00e9n pensar la ciudad y creo que es el d\u00e9ficit que tiene esta gesti\u00f3n en el futuro de Olavarr\u00eda. Pensamos que el futuro se construye trabajando en el presente, las cosas que el futuro reclama hay que hacerlas todos los d\u00edas trabajando y nosotros debemos pensar en c\u00f3mo vamos a generar puestos de trabajo, en c\u00f3mo vamos a generar una inflexi\u00f3n de la ciudad y respuestas de h\u00e1bitat que den la posibilidad de que cada olavarriense y cada vecino de las localidades pueda desarrollarse en nuestra comunidad\u201d<\/em> agreg\u00f3 Rodr\u00edguez.<\/p>\n<p>&nbsp;<\/p>\n<blockquote><p>\u201cLo que hoy vamos a presentar es este programa de propuestas concretas que est\u00e1 llegando a cada uno de los vecinos, a cada familia, puerta a puerta, casa por casa. Es un trabajo que lo estamos haciendo en estos d\u00edas con nuestra militancia y que en la semana que viene tambi\u00e9n va a llegar puerta a puerta y casa por casa a los vecinos de las localidades\u201d<\/p><\/blockquote>\n<p>&nbsp;<\/p>\n<p>En la misma l\u00ednea, subray\u00f3 que<strong><em> \u201cqueremos mostrarles tambi\u00e9n el trabajo en ese folleto que ustedes tienen en mano, en la contracara donde figura la lista de candidatos a concejales y consejeros escolares, tambi\u00e9n un c\u00f3digo QR que si ustedes toman ese c\u00f3digo pueden entrar al sitio web donde est\u00e1 todo el programa de propuestas concretas que pueden ver los vecinos\u201d.<\/em><\/strong><\/p>\n<p>&nbsp;<\/p>\n<p>En este sentido, y tal como lo ha ido anunciando en reiteradas ocasiones, Rodr\u00edguez, acompa\u00f1ado de su equipo y precandidatos a concejales y consejeros escolares, decidi\u00f3 centrarse \u201cen tres propuestas que son las preocupaciones de los vecinos\u201d.<\/p>\n<p>&nbsp;<\/p>\n<p>En primer lugar, se refiri\u00f3 al <em>\u201cordenamiento del Municipio. El Municipio hoy tiene un desequilibrio fiscal importante producto de una gesti\u00f3n que viene arrastrando desde hace siete a\u00f1os y medio una toma del recurso m\u00e1s importante que tiene el Municipio, que es el denominado<strong> Impuesto a la Piedra, que cada vez m\u00e1s est\u00e1 financiando un incremento en el gasto corriente del Municipio.<\/strong> Es necesario que nosotros trabajemos r\u00e1pidamente para ordenar las cuentas, tener una administraci\u00f3n eficiente de los recursos, para volver a tener una capacidad de inversi\u00f3n propia con recursos propios que nos permitan llevar adelante las obras y los servicios que los vecinos est\u00e1n reclamando\u201d.<\/em><\/p>\n<p>&nbsp;<\/p>\n<p><img data-recalc-dims=\"1\" loading=\"lazy\" decoding=\"async\" class=\"alignnone size-large wp-image-91320\" src=\"https:\/\/i0.wp.com\/cdnoticias.com\/wp-content\/uploads\/2023\/07\/eduardo-propu3.jpg?resize=800%2C445&#038;ssl=1\" alt=\"\" width=\"800\" height=\"445\" srcset=\"https:\/\/i0.wp.com\/cdnoticias.com\/wp-content\/uploads\/2023\/07\/eduardo-propu3.jpg?resize=1024%2C569&amp;ssl=1 1024w, https:\/\/i0.wp.com\/cdnoticias.com\/wp-content\/uploads\/2023\/07\/eduardo-propu3.jpg?resize=300%2C167&amp;ssl=1 300w, https:\/\/i0.wp.com\/cdnoticias.com\/wp-content\/uploads\/2023\/07\/eduardo-propu3.jpg?resize=768%2C427&amp;ssl=1 768w, https:\/\/i0.wp.com\/cdnoticias.com\/wp-content\/uploads\/2023\/07\/eduardo-propu3.jpg?resize=800%2C445&amp;ssl=1 800w, https:\/\/i0.wp.com\/cdnoticias.com\/wp-content\/uploads\/2023\/07\/eduardo-propu3.jpg?w=1072&amp;ssl=1 1072w\" sizes=\"auto, (max-width: 800px) 100vw, 800px\" \/><\/p>\n<p>&nbsp;<\/p>\n<p>Si bien dijo que <em>\u201cel a\u00f1o pasado terminamos en lo formal con un peque\u00f1o super\u00e1vit\u201d<\/em> pero <strong><em>\u201csi uno le resta el ingreso del Impuesto a la Piedra, es una rendici\u00f3n de cuentas altamente deficitaria\u201d.<\/em><\/strong> En lo que va del a\u00f1o, en tanto,<strong><em> \u201ces un d\u00e9ficit ya directo, aun contando los recursos del impuesto a la piedra, que realmente genera mucha preocupaci\u00f3n. El a\u00f1o pasado apenas tuvimos un 6% de inversi\u00f3n p\u00fablica, genuina, con recursos propios. El Municipio tuvo una absoluta dependencia de la Provincia y de la Naci\u00f3n para poder realizar obras p\u00fablicas\u201d.<\/em><\/strong><\/p>\n<p>&nbsp;<\/p>\n<p>Es por ello que buscar\u00e1, en caso de ganar las elecciones,<em> \u201cel congelamiento del ingreso de personal en un Municipio que tiene 2.630 empleados, 500 empleados m\u00e1s que cuando recibi\u00f3 la gesti\u00f3n de la actual Intendente y no hay ning\u00fan nuevo servicio que amerite esa escalada en el ingreso de personal\u201d.<\/em> Adem\u00e1s, mencion\u00f3 <strong><em>\u201cla designaci\u00f3n de la planta pol\u00edtica de funcionarios que tambi\u00e9n tuvo un incremento de alrededor del 30%, hoy estamos en los 145 funcionarios pol\u00edticos. Nosotros pretendemos bajar esa designaci\u00f3n de funcionarios en un 25-30%\u201d.<\/em><\/strong><\/p>\n<p>&nbsp;<\/p>\n<p>Se comprometi\u00f3 a<em> \u201crevisar el contrato m\u00e1s importante que tiene el Municipio que es el de barrido, recolecci\u00f3n y disposici\u00f3n final de residuos s\u00f3lidos urbanos que es con la empresa Malvinas, que es un contrato que se firm\u00f3 a espaldas del Concejo Deliberante en una licitaci\u00f3n que no tuvo tratamiento, un contrato por 12 a\u00f1os con \u00fanico oferente y que impacta en el presupuesto de este a\u00f1o estimado en 1.800 millones de pesos y que el total de lo que recaudamos por la tasa de servicios generales urbanos no cubre el total ni siquiera de ese contrato\u201d.<\/em><\/p>\n<p>&nbsp;<\/p>\n<p>Tambi\u00e9n buscar\u00e1<em> \u201crevisar la cuenta de alumbrado p\u00fablico con Coopelectric. Me parece tambi\u00e9n que hay que reasignar y hay que tener un trabajo con el Sindicato de Trabajadores Municipales, con los nuevos empleados que obviamente han adquirido derechos laborales y que van a seguir trabajando en el Municipio y reasignar algunas tareas inclusive\u201d.<\/em><\/p>\n<p>&nbsp;<\/p>\n<h2>En materia de salud<\/h2>\n<p>&nbsp;<\/p>\n<p>En Salud P\u00fablica, <em>\u201cestamos planteando volver a una gesti\u00f3n en el hospital p\u00fablico que nos permita atender a los vecinos de la ciudad y las localidades de manera gratuita\u201d.<\/em><\/p>\n<p>&nbsp;<\/p>\n<p>Se comprometi\u00f3 a <strong><em>\u201celiminar el sistema del carnet hospitalario\u201d<\/em><\/strong> que es un sistema que funciona hace muchos a\u00f1os y <em>\u201ccategoriza a los vecinos de acuerdo a sus ingresos y a sus posibilidades de pago de 1 a 5. Hoy con un problema muy agravado en muchos vecinos de la ciudad que ya est\u00e1n recategorizados en condici\u00f3n 2, donde tienen que empezar a pagar las prestaciones y la verdad que no hay capacidad de pago y eso le genera una deuda con el Municipio que a lo largo de los a\u00f1os se le vuelve un problema al vecino y tambi\u00e9n al Municipio porque es una deuda que no se cobra\u201d.<\/em><\/p>\n<p>&nbsp;<\/p>\n<blockquote><p>\u201cEstamos planteando directamente que el Hospital, como hospital de autogesti\u00f3n, cobre las obras sociales y que el resto de los vecinos tenga atenci\u00f3n gratuita como marca la ley de salud p\u00fablica\u201d.<\/p><\/blockquote>\n<p>&nbsp;<\/p>\n<p>Adem\u00e1s, plante\u00f3 que<em> \u201cno hay una Direcci\u00f3n de Atenci\u00f3n Primaria que haya jerarquizado el tema. Olavarr\u00eda tiene 27 unidades de atenci\u00f3n primaria. No hay m\u00e9dicos suficientes, no hay turnos suficientes, no hay especialistas. La asociaci\u00f3n de atenci\u00f3n primaria no gestiona los turnos en el hospital. Las reanimaciones, las personas tienen que hacerlo a trav\u00e9s del sistema de Whatsapp\u201d.<\/em><\/p>\n<p>&nbsp;<\/p>\n<h2>En materia de seguridad<\/h2>\n<p>&nbsp;<\/p>\n<p>El precandidato a Intendente, remarc\u00f3 en este punto que <em>\u201cqueremos designar un responsable del \u00e1rea de seguridad urbana a un funcionario civil formado e id\u00f3neo en este tema. Dejar de lado la designaci\u00f3n de polic\u00edas retirados de la fuerza, queremos hacer un trabajo vinculado al centro de monitoreo, al sistema de prevenci\u00f3n a trav\u00e9s de patrullas con el Consejo Municipal de Seguridad, que est\u00e9 mucho m\u00e1s cerca de los vecinos\u201d.<\/em><\/p>\n<p>&nbsp;<\/p>\n<p>Otra de las medidas concretas que present\u00f3 Rodr\u00edguez fue<strong><em> \u201cuna parada segura para el transporte de pasajeros, esto es un refugio con alumbrado, con c\u00e1maras de seguridad que permitan una espera segura a nuestros vecinos\u201d.<\/em><\/strong><\/p>\n<p>&nbsp;<\/p>\n<p><img data-recalc-dims=\"1\" loading=\"lazy\" decoding=\"async\" class=\"alignnone size-large wp-image-91317\" src=\"https:\/\/i0.wp.com\/cdnoticias.com\/wp-content\/uploads\/2023\/07\/eduardo-propu.jpg?resize=800%2C445&#038;ssl=1\" alt=\"\" width=\"800\" height=\"445\" srcset=\"https:\/\/i0.wp.com\/cdnoticias.com\/wp-content\/uploads\/2023\/07\/eduardo-propu.jpg?resize=1024%2C570&amp;ssl=1 1024w, https:\/\/i0.wp.com\/cdnoticias.com\/wp-content\/uploads\/2023\/07\/eduardo-propu.jpg?resize=300%2C167&amp;ssl=1 300w, https:\/\/i0.wp.com\/cdnoticias.com\/wp-content\/uploads\/2023\/07\/eduardo-propu.jpg?resize=768%2C428&amp;ssl=1 768w, https:\/\/i0.wp.com\/cdnoticias.com\/wp-content\/uploads\/2023\/07\/eduardo-propu.jpg?resize=800%2C445&amp;ssl=1 800w, https:\/\/i0.wp.com\/cdnoticias.com\/wp-content\/uploads\/2023\/07\/eduardo-propu.jpg?w=1072&amp;ssl=1 1072w\" sizes=\"auto, (max-width: 800px) 100vw, 800px\" \/><\/p>\n<p>&nbsp;<\/p>\n<h2>Desarrollo Social<\/h2>\n<p>&nbsp;<\/p>\n<p>Sobre las propuestas vinculadas a la tem\u00e1tica desarrollo social, Rodr\u00edguez resalt\u00f3 que <em>\u201cese modelo de gesti\u00f3n que alguna vez tuvo este Municipio que es la atenci\u00f3n integral de todas las \u00e1reas del Municipio en territorio, recrear eso en los Servicios Territoriales\u201d.<\/em><\/p>\n<p>&nbsp;<\/p>\n<p><em>\u201cUstedes saben que el Municipio tiene una organizaci\u00f3n vertical donde la salita de atenci\u00f3n primaria responde a Atenci\u00f3n Primaria y a Salud, pero est\u00e1 en el mismo barrio donde est\u00e1 el Jard\u00edn Maternal o el Centro de D\u00eda que responde verticalmente a Desarrollo Social o est\u00e1 el l\u00edder barrial del deporte que depende de manera vertical de la Direcci\u00f3n del Deporte o la Subsecretar\u00eda del Deporte. Nosotros cuando planteamos un modelo de gesti\u00f3n con los Servicios Municipales Territoriales en la gesti\u00f3n del ex intendente Jos\u00e9 Eseverri planteamos un abordaje integral de la problem\u00e1tica social y de las familias con esa mirada\u201d.<\/em><\/p>\n<p>&nbsp;<\/p>\n<p>Lo que busca, con toda esa estructura, es <strong><em>\u201cdarle formato y ese eje de gesti\u00f3n a los Servicios Territoriales Municipales, estamos planteando continuar con la construcci\u00f3n del Servicio Territorial Municipal 3 que es el \u00fanico servicio que qued\u00f3 sin edificio propio\u201d.<\/em><\/strong><\/p>\n<p>&nbsp;<\/p>\n<p>En el caso de los Jardines Maternales Municipales, Rodr\u00edguez denunci\u00f3 que <em>\u201cel \u00faltimo que se construy\u00f3 fue en 2015, el jard\u00edn maternal Papa Francisco. <strong>Estamos planteando la construcci\u00f3n de un nuevo Jard\u00edn Maternal en el Servicio Territorial 3 y tambi\u00e9n un nuevo Jard\u00edn Maternal Municipal para la localidad de Loma Negra que no tiene jard\u00edn maternal<\/strong>\u201d.<\/em><\/p>\n<p>&nbsp;<\/p>\n<p>En el caso de consumo problem\u00e1tico y adicci\u00f3n,<em> \u201cque es una tem\u00e1tica que tambi\u00e9n nos preocupa y tenemos que trabajar\u201d<\/em>, Rodr\u00edguez plante\u00f3<strong><em> \u201cla apertura de un Centro de D\u00eda para la atenci\u00f3n de ni\u00f1eces y adolescentes con problemas de consumo. Esto estuvo trabajado en la gesti\u00f3n anterior coordinado por Rosana Rivalola y tambi\u00e9n durante esta gesti\u00f3n se cerr\u00f3\u201d.<\/em><\/strong><\/p>\n<p>&nbsp;<\/p>\n<p>Adem\u00e1s, buscar\u00e1n potenciar <strong><em>\u201cel programa de ayuda de materiales, que es un programa que ayuda a las familias que tienen ya su vivienda o que tienen un terreno para construir su vivienda, ayuda a construir un dormitorio o a refaccionar la cocina o construir un ba\u00f1o\u201d.<\/em><\/strong><\/p>\n<p>&nbsp;<\/p>\n<p><em>\u201cEs un programa que en Olavarr\u00eda sirvi\u00f3 much\u00edsimo para bajar el nivel de hacinamiento y que dio respuestas sobre todo en los barrios de la ciudad. Ese programa no solo va a ser un programa de ayuda de materiales sino tambi\u00e9n de asistencia t\u00e9cnica para que los vecinos puedan efectivamente darle uso a esos materiales de construcci\u00f3n y poder cumplir con la obra que se propone\u201d<\/em> agreg\u00f3 el precandidato.<\/p>\n<p>&nbsp;<\/p>\n<h2>Ordenamiento urbano<\/h2>\n<p>&nbsp;<\/p>\n<p><img data-recalc-dims=\"1\" loading=\"lazy\" decoding=\"async\" class=\"alignnone size-large wp-image-91322\" src=\"https:\/\/i0.wp.com\/cdnoticias.com\/wp-content\/uploads\/2023\/07\/eduardo-propu5.jpg?resize=800%2C445&#038;ssl=1\" alt=\"\" width=\"800\" height=\"445\" srcset=\"https:\/\/i0.wp.com\/cdnoticias.com\/wp-content\/uploads\/2023\/07\/eduardo-propu5.jpg?resize=1024%2C570&amp;ssl=1 1024w, https:\/\/i0.wp.com\/cdnoticias.com\/wp-content\/uploads\/2023\/07\/eduardo-propu5.jpg?resize=300%2C167&amp;ssl=1 300w, https:\/\/i0.wp.com\/cdnoticias.com\/wp-content\/uploads\/2023\/07\/eduardo-propu5.jpg?resize=768%2C428&amp;ssl=1 768w, https:\/\/i0.wp.com\/cdnoticias.com\/wp-content\/uploads\/2023\/07\/eduardo-propu5.jpg?resize=800%2C445&amp;ssl=1 800w, https:\/\/i0.wp.com\/cdnoticias.com\/wp-content\/uploads\/2023\/07\/eduardo-propu5.jpg?w=1072&amp;ssl=1 1072w\" sizes=\"auto, (max-width: 800px) 100vw, 800px\" \/><\/p>\n<p>&nbsp;<\/p>\n<p>Sobre la ampliaci\u00f3n de la planta urbana, remarc\u00f3 que<em> \u201cdesgraciadamente nos llev\u00f3 8 a\u00f1os la aprobaci\u00f3n de la ampliaci\u00f3n de la planta urbana que hab\u00edamos dejado en el 2014 en la gesti\u00f3n anterior aprobada en el Concejo, eso requer\u00eda una aprobaci\u00f3n del gobierno de la provincia, pasaron los primeros cuatro a\u00f1os de la anterior gobernadora y reci\u00e9n en la gesti\u00f3n del gobernador Kicillof se aprob\u00f3 la planta urbana\u201d.<\/em><\/p>\n<p>&nbsp;<\/p>\n<blockquote><p>\u201cEs un instrumento fant\u00e1stico si es bien usado y a tiempo por la gesti\u00f3n municipal para generar un crecimiento arm\u00f3nico de la ciudad\u201d y prometi\u00f3 aplicar la ordenanza de plusval\u00eda, lo que \u201cnos permitir\u00eda ampliar casi 10.000 lotes en esa ampliaci\u00f3n de la planta urbana y si se aplica la tasa de renta diferencial urbana nos permite incorporar entre 1.000 y 1.200 lotes al banco de tierras municipal que posteriormente pueden ser entregados a vecinos y vecinas que no pueden acceder a la tierra o al lote con servicio\u201d.<\/p><\/blockquote>\n<p>&nbsp;<\/p>\n<p>&#8220;En materia de <strong>Educaci\u00f3n queremos avanzar y consolidar lo que es el programa de educaci\u00f3n art\u00edstica del Municipio.<\/strong> Queremos reforzar el trabajo de nuestros artistas\u201d.<\/p>\n<p>&nbsp;<\/p>\n<h2>Reclamos en las localidades<\/h2>\n<p>&nbsp;<\/p>\n<p><img data-recalc-dims=\"1\" loading=\"lazy\" decoding=\"async\" class=\"alignnone size-large wp-image-91321\" src=\"https:\/\/i0.wp.com\/cdnoticias.com\/wp-content\/uploads\/2023\/07\/eduardo-propu4.jpg?resize=800%2C445&#038;ssl=1\" alt=\"\" width=\"800\" height=\"445\" srcset=\"https:\/\/i0.wp.com\/cdnoticias.com\/wp-content\/uploads\/2023\/07\/eduardo-propu4.jpg?resize=1024%2C569&amp;ssl=1 1024w, https:\/\/i0.wp.com\/cdnoticias.com\/wp-content\/uploads\/2023\/07\/eduardo-propu4.jpg?resize=300%2C167&amp;ssl=1 300w, https:\/\/i0.wp.com\/cdnoticias.com\/wp-content\/uploads\/2023\/07\/eduardo-propu4.jpg?resize=768%2C427&amp;ssl=1 768w, https:\/\/i0.wp.com\/cdnoticias.com\/wp-content\/uploads\/2023\/07\/eduardo-propu4.jpg?resize=800%2C445&amp;ssl=1 800w, https:\/\/i0.wp.com\/cdnoticias.com\/wp-content\/uploads\/2023\/07\/eduardo-propu4.jpg?w=1072&amp;ssl=1 1072w\" sizes=\"auto, (max-width: 800px) 100vw, 800px\" \/><\/p>\n<p>&nbsp;<\/p>\n<p>Finalmente, <strong>Rodr\u00edguez se hizo eco de los diversos reclamos de vecinos y vecinas de las localidades del Partido<\/strong> que <em>\u201cb\u00e1sicamente est\u00e1n concentrados en los servicios de salud. Creo que la principal preocupaci\u00f3n que tiene el vecino es que cuando le toca el peor momento de su vida, que es la enfermedad, que pueda tener la garant\u00eda y la respuesta del Municipio\u201d.<\/em><\/p>\n<p>&nbsp;<\/p>\n<p>En este sentido, se\u00f1al\u00f3 que hay<em> \u201creclamos m\u00e1s sectoriales. La gente joven de las localidades reclama vivienda o la disponibilidad de un lote para poder quedarse en su localidad. Actualmente en algunas localidades tenemos un gran d\u00e9ficit con algunos servicios que no han llegado y tambi\u00e9n obras de pavimentaci\u00f3n donde realmente hay pavimentos muy vencidos ya de muchos a\u00f1os que no se han repavimentado. Hay barrios y hay sectores de las localidades que nunca tuvieron pavimento\u201d.<\/em><\/p>\n<p>&nbsp;<\/p>\n<p>En Loma Negra, por citar otro ejemplo<strong><em> \u201ces una de las localidades que no tiene cementerio municipal. Estamos planteando la posibilidad de un proyecto de cementerio ubicando tierras en la localidad\u201d.<\/em><\/strong><\/p>\n<p>&nbsp;<\/p>\n<p>Para comenzar a cerrar con su exposici\u00f3n ante las preguntas de periodistas presentes, dijo sobre las localidades que<em> \u201c<strong>hay much\u00edsimas demandas de transporte interurbano. Creo que la licitaci\u00f3n fue un paso importante, pero nos ha quedado descubierto tambi\u00e9n que las localidades m\u00e1s rurales que no tienen ning\u00fan tipo de transporte p\u00fablico, como Espigas o Recalde.<\/strong> Queremos ver si podemos dar respuesta con un transporte p\u00fablico distinto, con un sistema de combis que, si bien no tengan regularidad diaria, puedan tener al menos para las personas que no tienen veh\u00edculo o que no pueden pagar un remis, que puedan tener un servicio p\u00fablico de transporte por combis dos o tres veces a la semana\u201d.<\/em><\/p>\n<p>&nbsp;<\/p>\n<p>Por \u00faltimo, indic\u00f3 que <strong><em>\u201cen las localidades planteamos tener un fuerte apoyo a las fiestas populares. Cada una de las localidades tiene una fiesta o dos que siempre se realiz\u00f3 con apoyo del municipio, hoy eso ha entrado un poco en crisis. Nosotros queremos apoyar fuertemente todas las fiestas populares en las localidades\u201d.<\/em><\/strong><\/p>\n","protected":false},"excerpt":{"rendered":"<p>Uno de los precandidatos de Uni\u00f3n por la Patria realiz\u00f3 una presentaci\u00f3n en la que detall\u00f3 los puntos m\u00e1s sobresalientes<\/p>\n","protected":false},"author":2,"featured_media":91319,"comment_status":"closed","ping_status":"closed","sticky":false,"template":"","format":"standard","meta":{"_jetpack_memberships_contains_paid_content":false,"footnotes":""},"categories":[4,1],"tags":[],"class_list":["post-91323","post","type-post","status-publish","format-standard","has-post-thumbnail","hentry","category-politica","category-portada"],"jetpack_featured_media_url":"https:\/\/i0.wp.com\/cdnoticias.com\/wp-content\/uploads\/2023\/07\/eduardo-propu2.jpg?fit=1072%2C597&ssl=1","jetpack_sharing_enabled":true,"_links":{"self":[{"href":"https:\/\/cdnoticias.com\/index.php\/wp-json\/wp\/v2\/posts\/91323","targetHints":{"allow":["GET"]}}],"collection":[{"href":"https:\/\/cdnoticias.com\/index.php\/wp-json\/wp\/v2\/posts"}],"about":[{"href":"https:\/\/cdnoticias.com\/index.php\/wp-json\/wp\/v2\/types\/post"}],"author":[{"embeddable":true,"href":"https:\/\/cdnoticias.com\/index.php\/wp-json\/wp\/v2\/users\/2"}],"replies":[{"embeddable":true,"href":"https:\/\/cdnoticias.com\/index.php\/wp-json\/wp\/v2\/comments?post=91323"}],"version-history":[{"count":0,"href":"https:\/\/cdnoticias.com\/index.php\/wp-json\/wp\/v2\/posts\/91323\/revisions"}],"wp:featuredmedia":[{"embeddable":true,"href":"https:\/\/cdnoticias.com\/index.php\/wp-json\/wp\/v2\/media\/91319"}],"wp:attachment":[{"href":"https:\/\/cdnoticias.com\/index.php\/wp-json\/wp\/v2\/media?parent=91323"}],"wp:term":[{"taxonomy":"category","embeddable":true,"href":"https:\/\/cdnoticias.com\/index.php\/wp-json\/wp\/v2\/categories?post=91323"},{"taxonomy":"post_tag","embeddable":true,"href":"https:\/\/cdnoticias.com\/index.php\/wp-json\/wp\/v2\/tags?post=91323"}],"curies":[{"name":"wp","href":"https:\/\/api.w.org\/{rel}","templated":true}]}}