{"id":91314,"date":"2023-07-26T21:08:02","date_gmt":"2023-07-27T00:08:02","guid":{"rendered":"https:\/\/www.centraldenoticias.com.ar\/?p=91314"},"modified":"2023-07-26T21:08:02","modified_gmt":"2023-07-27T00:08:02","slug":"programa-tuvi-mercedes-landivar-cruzo-al-municipio-y-dijo-que-publican-noticias-falsas","status":"publish","type":"post","link":"https:\/\/cdnoticias.com\/index.php\/2023\/07\/26\/programa-tuvi-mercedes-landivar-cruzo-al-municipio-y-dijo-que-publican-noticias-falsas\/","title":{"rendered":"Programa Tuvi: Mercedes Land\u00edvar cruz\u00f3 al Municipio y dijo que publican \u201cnoticias falsas\u201d"},"content":{"rendered":"<p>Se\u00f1al\u00f3 que, tras informar un total de 50 viviendas, est\u00e1n incluidas \u201clas 14 viviendas industrializadas que deb\u00edan entregarse en marzo del 2022 y no lo hicieron\u201d y acus\u00f3 de que por ahora \u201csolo se entregaron 20 viviendas\u201d. <!--more--><\/p>\n<hr \/>\n<p>Luego de que el Municipio diera a conocer un encuentro para coordinar las pr\u00f3ximas licitaciones del Programa TUVI,<strong> la concejal de Uni\u00f3n por la Patria Mercedes Land\u00edvar sali\u00f3 al cruce y dijo que la noticia es \u201cfalsa\u201d. Enumer\u00f3 una serie de razones por las cuales el Municipio \u201cmiente\u201d y acus\u00f3 a la gesti\u00f3n de varios temas vinculados a este programa.<\/strong><\/p>\n<p>&nbsp;<\/p>\n<blockquote class=\"wp-embedded-content\" data-secret=\"UuJAtg6WaH\"><p><a href=\"https:\/\/cdnoticias.com\/index.php\/2023\/07\/26\/tuvi-con-este-programa-50-familias-suenan-con-su-techo-propio\/\">TUVI: \u201ccon este Programa, 50 familias sue\u00f1an con su techo propio\u201d<\/a><\/p><\/blockquote>\n<p><iframe loading=\"lazy\" class=\"wp-embedded-content\" sandbox=\"allow-scripts\" security=\"restricted\" style=\"position: absolute; clip: rect(1px, 1px, 1px, 1px);\" title=\"&#8220;TUVI: \u201ccon este Programa, 50 familias sue\u00f1an con su techo propio\u201d&#8221; &#8212; Central de Noticias | Olavarr\u00eda\" src=\"https:\/\/cdnoticias.com\/index.php\/2023\/07\/26\/tuvi-con-este-programa-50-familias-suenan-con-su-techo-propio\/embed\/#?secret=aLqbHGpgct#?secret=UuJAtg6WaH\" data-secret=\"UuJAtg6WaH\" width=\"600\" height=\"338\" frameborder=\"0\" marginwidth=\"0\" marginheight=\"0\" scrolling=\"no\"><\/iframe><\/p>\n<p>&nbsp;<\/p>\n<p>En principio, se\u00f1al\u00f3 que <strong>Galli<\/strong><em><strong> \u201cno lanz\u00f3 un plan en el que se hagan nuevas viviendas.<\/strong> Manejan los tiempos verbales mal para que quien lo lea piense que est\u00e1n anunciando la construcci\u00f3n de nuevos hogares\u201d.<\/em><\/p>\n<p>&nbsp;<\/p>\n<p>A la hora de desglosar el total de 50 viviendas, Land\u00edvar indic\u00f3 que <strong>del total <em>\u201c14 viviendas Tuvi industrializadas que deber\u00edan haberse entregado en marzo del 2022 y todav\u00eda no lo hicieron\u201d<\/em><\/strong> y agreg\u00f3: <em>\u201cque tuvieron que rehacerlas por su precaria construcci\u00f3n y que hoy hace que se viole el principio de igualdad para un programa de este tipo ya que son todas diferentes\u201d.<\/em><\/p>\n<p>&nbsp;<\/p>\n<p><img data-recalc-dims=\"1\" loading=\"lazy\" decoding=\"async\" class=\"alignnone size-large wp-image-90102\" src=\"https:\/\/i0.wp.com\/cdnoticias.com\/wp-content\/uploads\/2023\/07\/landivar2.jpg?resize=800%2C445&#038;ssl=1\" alt=\"\" width=\"800\" height=\"445\" srcset=\"https:\/\/i0.wp.com\/cdnoticias.com\/wp-content\/uploads\/2023\/07\/landivar2.jpg?resize=1024%2C569&amp;ssl=1 1024w, https:\/\/i0.wp.com\/cdnoticias.com\/wp-content\/uploads\/2023\/07\/landivar2.jpg?resize=300%2C167&amp;ssl=1 300w, https:\/\/i0.wp.com\/cdnoticias.com\/wp-content\/uploads\/2023\/07\/landivar2.jpg?resize=768%2C427&amp;ssl=1 768w, https:\/\/i0.wp.com\/cdnoticias.com\/wp-content\/uploads\/2023\/07\/landivar2.jpg?resize=800%2C445&amp;ssl=1 800w, https:\/\/i0.wp.com\/cdnoticias.com\/wp-content\/uploads\/2023\/07\/landivar2.jpg?w=1106&amp;ssl=1 1106w\" sizes=\"auto, (max-width: 800px) 100vw, 800px\" \/><\/p>\n<p>&nbsp;<\/p>\n<p>Adem\u00e1s, sum\u00f3 otras \u201c6 viviendas Tuvi industrializadas que todav\u00eda no se entregaron\u201d y que se trata de <em>\u201clas Tuvi industrializadas que por improvisaci\u00f3n y capricho nos costaron y perdimos m\u00e1s del doble de su valor\u201d.<\/em><\/p>\n<p>&nbsp;<\/p>\n<p>En esta suma,<strong> incorpor\u00f3 a las \u201c20 viviendas tradicionales\u201d que si bien fueron entregadas<\/strong><em>, \u201c3 las obtuvieron funcionarios municipales y uno\/a tiene adem\u00e1s una posible incompatibilidad que dejaron pasar para adjudicar. Casas que adem\u00e1s para ingresar hab\u00eda que poner 12.000 d\u00f3lares\u201d<\/em> y cerr\u00f3 al recordar otras <em>\u201c10 viviendas tradicionales que se est\u00e1n haciendo\u201d.<\/em><\/p>\n<p>&nbsp;<\/p>\n<p>Para concluir, y con el mismo tono de dureza, Land\u00edvar expres\u00f3 que <strong><em>\u201cen 7 a\u00f1os y medio de gesti\u00f3n y a la fecha s\u00f3lo 20 viviendas se entregaron efectivamente. No enga\u00f1emos a la poblaci\u00f3n, realidad mata relato\u201d.<\/em><\/strong><\/p>\n","protected":false},"excerpt":{"rendered":"<p>Se\u00f1al\u00f3 que, tras informar un total de 50 viviendas, est\u00e1n incluidas \u201clas 14 viviendas industrializadas que deb\u00edan entregarse en marzo<\/p>\n","protected":false},"author":2,"featured_media":91315,"comment_status":"closed","ping_status":"closed","sticky":false,"template":"","format":"standard","meta":{"_jetpack_memberships_contains_paid_content":false,"footnotes":""},"categories":[4,1],"tags":[],"class_list":["post-91314","post","type-post","status-publish","format-standard","has-post-thumbnail","hentry","category-politica","category-portada"],"jetpack_featured_media_url":"https:\/\/i0.wp.com\/cdnoticias.com\/wp-content\/uploads\/2023\/07\/tuvi-respuesta.jpg?fit=1425%2C883&ssl=1","jetpack_sharing_enabled":true,"_links":{"self":[{"href":"https:\/\/cdnoticias.com\/index.php\/wp-json\/wp\/v2\/posts\/91314","targetHints":{"allow":["GET"]}}],"collection":[{"href":"https:\/\/cdnoticias.com\/index.php\/wp-json\/wp\/v2\/posts"}],"about":[{"href":"https:\/\/cdnoticias.com\/index.php\/wp-json\/wp\/v2\/types\/post"}],"author":[{"embeddable":true,"href":"https:\/\/cdnoticias.com\/index.php\/wp-json\/wp\/v2\/users\/2"}],"replies":[{"embeddable":true,"href":"https:\/\/cdnoticias.com\/index.php\/wp-json\/wp\/v2\/comments?post=91314"}],"version-history":[{"count":0,"href":"https:\/\/cdnoticias.com\/index.php\/wp-json\/wp\/v2\/posts\/91314\/revisions"}],"wp:featuredmedia":[{"embeddable":true,"href":"https:\/\/cdnoticias.com\/index.php\/wp-json\/wp\/v2\/media\/91315"}],"wp:attachment":[{"href":"https:\/\/cdnoticias.com\/index.php\/wp-json\/wp\/v2\/media?parent=91314"}],"wp:term":[{"taxonomy":"category","embeddable":true,"href":"https:\/\/cdnoticias.com\/index.php\/wp-json\/wp\/v2\/categories?post=91314"},{"taxonomy":"post_tag","embeddable":true,"href":"https:\/\/cdnoticias.com\/index.php\/wp-json\/wp\/v2\/tags?post=91314"}],"curies":[{"name":"wp","href":"https:\/\/api.w.org\/{rel}","templated":true}]}}