{"id":91307,"date":"2023-07-26T20:39:08","date_gmt":"2023-07-26T23:39:08","guid":{"rendered":"https:\/\/www.centraldenoticias.com.ar\/?p=91307"},"modified":"2023-07-27T08:01:19","modified_gmt":"2023-07-27T11:01:19","slug":"perdidas-totales-en-voraz-incendio-de-vivienda-en-villa-mailin","status":"publish","type":"post","link":"https:\/\/cdnoticias.com\/index.php\/2023\/07\/26\/perdidas-totales-en-voraz-incendio-de-vivienda-en-villa-mailin\/","title":{"rendered":"P\u00e9rdidas totales en voraz incendio de vivienda en Villa Mail\u00edn"},"content":{"rendered":"<p>Fue en Pelegrino al 4600, a la altura de Islas Malvinas. Acudieron dos dotaciones de Bomberos y hubo que evacuar un taller lindero. <!--more--><\/p>\n<hr \/>\n<p>En la noche de este mi\u00e9rcoles, <strong>un importante incendio de una vivienda ubicada en barrio Villa Mail\u00edn tuvo p\u00e9rdidas totales, el intenso trabajo de dos dotaciones de Bomberos y la evacuaci\u00f3n de un taller lindero a la vivienda.<\/strong><\/p>\n<p>&nbsp;<\/p>\n<p><img data-recalc-dims=\"1\" loading=\"lazy\" decoding=\"async\" class=\"alignnone size-large wp-image-91310\" src=\"https:\/\/i0.wp.com\/cdnoticias.com\/wp-content\/uploads\/2023\/07\/incendio-vivienda-3.jpg?resize=800%2C445&#038;ssl=1\" alt=\"\" width=\"800\" height=\"445\" srcset=\"https:\/\/i0.wp.com\/cdnoticias.com\/wp-content\/uploads\/2023\/07\/incendio-vivienda-3.jpg?resize=1024%2C570&amp;ssl=1 1024w, https:\/\/i0.wp.com\/cdnoticias.com\/wp-content\/uploads\/2023\/07\/incendio-vivienda-3.jpg?resize=300%2C167&amp;ssl=1 300w, https:\/\/i0.wp.com\/cdnoticias.com\/wp-content\/uploads\/2023\/07\/incendio-vivienda-3.jpg?resize=768%2C428&amp;ssl=1 768w, https:\/\/i0.wp.com\/cdnoticias.com\/wp-content\/uploads\/2023\/07\/incendio-vivienda-3.jpg?resize=800%2C445&amp;ssl=1 800w, https:\/\/i0.wp.com\/cdnoticias.com\/wp-content\/uploads\/2023\/07\/incendio-vivienda-3.jpg?w=1072&amp;ssl=1 1072w\" sizes=\"auto, (max-width: 800px) 100vw, 800px\" \/><\/p>\n<p>&nbsp;<\/p>\n<blockquote><p>El hecho se produjo por causas que se intentan esclarecer en Pelegrino al 4600, casi esquina Islas Malvinas.<\/p><\/blockquote>\n<p>&nbsp;<\/p>\n<p>Por <strong>la importante columna de fuego y humo que sal\u00eda desde el techo de lugar se trasladaron dos dotaciones de Bomberos, la Unidad 16 y n\u00famero 26 cisterna para dar apoyo y as\u00ed apagar las llamas.<\/strong><\/p>\n<p>&nbsp;<\/p>\n<p><img data-recalc-dims=\"1\" loading=\"lazy\" decoding=\"async\" class=\"alignnone size-large wp-image-91308\" src=\"https:\/\/i0.wp.com\/cdnoticias.com\/wp-content\/uploads\/2023\/07\/incendio-vivienda-1.jpg?resize=800%2C445&#038;ssl=1\" alt=\"\" width=\"800\" height=\"445\" srcset=\"https:\/\/i0.wp.com\/cdnoticias.com\/wp-content\/uploads\/2023\/07\/incendio-vivienda-1.jpg?resize=1024%2C569&amp;ssl=1 1024w, https:\/\/i0.wp.com\/cdnoticias.com\/wp-content\/uploads\/2023\/07\/incendio-vivienda-1.jpg?resize=300%2C167&amp;ssl=1 300w, https:\/\/i0.wp.com\/cdnoticias.com\/wp-content\/uploads\/2023\/07\/incendio-vivienda-1.jpg?resize=768%2C427&amp;ssl=1 768w, https:\/\/i0.wp.com\/cdnoticias.com\/wp-content\/uploads\/2023\/07\/incendio-vivienda-1.jpg?resize=800%2C445&amp;ssl=1 800w, https:\/\/i0.wp.com\/cdnoticias.com\/wp-content\/uploads\/2023\/07\/incendio-vivienda-1.jpg?w=1072&amp;ssl=1 1072w\" sizes=\"auto, (max-width: 800px) 100vw, 800px\" \/><\/p>\n<p>&nbsp;<\/p>\n<p>Adem\u00e1s,<strong> un taller fue evacuado por riesgo de que sea alcanzado por las llamas que ganaron varios metros de distancia y gener\u00f3 la curiosidad y preocupaci\u00f3n de buena parte de los vecinos de la cuadra, que por estos momentos se encuentra en obra.<\/strong><\/p>\n<p>&nbsp;<\/p>\n<p><img data-recalc-dims=\"1\" loading=\"lazy\" decoding=\"async\" class=\"alignnone size-large wp-image-91312\" src=\"https:\/\/i0.wp.com\/cdnoticias.com\/wp-content\/uploads\/2023\/07\/incendio-vivienda-5.jpg?resize=800%2C445&#038;ssl=1\" alt=\"\" width=\"800\" height=\"445\" srcset=\"https:\/\/i0.wp.com\/cdnoticias.com\/wp-content\/uploads\/2023\/07\/incendio-vivienda-5.jpg?resize=1024%2C570&amp;ssl=1 1024w, https:\/\/i0.wp.com\/cdnoticias.com\/wp-content\/uploads\/2023\/07\/incendio-vivienda-5.jpg?resize=300%2C167&amp;ssl=1 300w, https:\/\/i0.wp.com\/cdnoticias.com\/wp-content\/uploads\/2023\/07\/incendio-vivienda-5.jpg?resize=768%2C428&amp;ssl=1 768w, https:\/\/i0.wp.com\/cdnoticias.com\/wp-content\/uploads\/2023\/07\/incendio-vivienda-5.jpg?resize=800%2C445&amp;ssl=1 800w, https:\/\/i0.wp.com\/cdnoticias.com\/wp-content\/uploads\/2023\/07\/incendio-vivienda-5.jpg?w=1072&amp;ssl=1 1072w\" sizes=\"auto, (max-width: 800px) 100vw, 800px\" \/><\/p>\n<p>&nbsp;<\/p>\n<p>Tambi\u00e9n intervino, adem\u00e1s de personal de Comando de Patrullas que acompa\u00f1\u00f3 a Bomberos para que lleguen m\u00e1s r\u00e1pido al lugar y realizar el cord\u00f3n correspondiente (por estos minutos la esquina de Del Valle e Islas Malvinas se encontraba cortada al tr\u00e1nsito) <strong>una cuadrilla de Coopelectric para cortar la luz y evitar nuevos inconvenientes que potencien las llamas.<\/strong><\/p>\n","protected":false},"excerpt":{"rendered":"<p>Fue en Pelegrino al 4600, a la altura de Islas Malvinas. Acudieron dos dotaciones de Bomberos y hubo que evacuar<\/p>\n","protected":false},"author":2,"featured_media":91310,"comment_status":"closed","ping_status":"closed","sticky":false,"template":"","format":"standard","meta":{"_jetpack_memberships_contains_paid_content":false,"footnotes":""},"categories":[14,1],"tags":[],"class_list":["post-91307","post","type-post","status-publish","format-standard","has-post-thumbnail","hentry","category-policiales","category-portada"],"jetpack_featured_media_url":"https:\/\/i0.wp.com\/cdnoticias.com\/wp-content\/uploads\/2023\/07\/incendio-vivienda-3.jpg?fit=1072%2C597&ssl=1","jetpack_sharing_enabled":true,"_links":{"self":[{"href":"https:\/\/cdnoticias.com\/index.php\/wp-json\/wp\/v2\/posts\/91307","targetHints":{"allow":["GET"]}}],"collection":[{"href":"https:\/\/cdnoticias.com\/index.php\/wp-json\/wp\/v2\/posts"}],"about":[{"href":"https:\/\/cdnoticias.com\/index.php\/wp-json\/wp\/v2\/types\/post"}],"author":[{"embeddable":true,"href":"https:\/\/cdnoticias.com\/index.php\/wp-json\/wp\/v2\/users\/2"}],"replies":[{"embeddable":true,"href":"https:\/\/cdnoticias.com\/index.php\/wp-json\/wp\/v2\/comments?post=91307"}],"version-history":[{"count":0,"href":"https:\/\/cdnoticias.com\/index.php\/wp-json\/wp\/v2\/posts\/91307\/revisions"}],"wp:featuredmedia":[{"embeddable":true,"href":"https:\/\/cdnoticias.com\/index.php\/wp-json\/wp\/v2\/media\/91310"}],"wp:attachment":[{"href":"https:\/\/cdnoticias.com\/index.php\/wp-json\/wp\/v2\/media?parent=91307"}],"wp:term":[{"taxonomy":"category","embeddable":true,"href":"https:\/\/cdnoticias.com\/index.php\/wp-json\/wp\/v2\/categories?post=91307"},{"taxonomy":"post_tag","embeddable":true,"href":"https:\/\/cdnoticias.com\/index.php\/wp-json\/wp\/v2\/tags?post=91307"}],"curies":[{"name":"wp","href":"https:\/\/api.w.org\/{rel}","templated":true}]}}