{"id":91266,"date":"2023-07-26T13:42:46","date_gmt":"2023-07-26T16:42:46","guid":{"rendered":"https:\/\/www.centraldenoticias.com.ar\/?p=91266"},"modified":"2023-07-26T13:42:46","modified_gmt":"2023-07-26T16:42:46","slug":"el-6-de-agosto-41o-edicion-de-la-fiesta-por-el-dia-de-la-ninez-en-olavarria","status":"publish","type":"post","link":"https:\/\/cdnoticias.com\/index.php\/2023\/07\/26\/el-6-de-agosto-41o-edicion-de-la-fiesta-por-el-dia-de-la-ninez-en-olavarria\/","title":{"rendered":"El 6 de agosto, 41\u00ba edici\u00f3n de la fiesta por el D\u00eda de la Ni\u00f1ez en Olavarr\u00eda"},"content":{"rendered":"<p>Se har\u00e1 en la Sociedad Rural. \u201cEstamos con la expectativa de que la asistencia pueda superar lo que fue en 2022\u201d dijo Ezequiel Galli quien record\u00f3 que el a\u00f1o pasado hubo \u201casistencia r\u00e9cord\u201d.<\/p>\n<p><!--more--><\/p>\n<hr \/>\n<p><strong>\u201cLa gran fiesta del mes de agosto\u201d.<\/strong> As\u00ed el<strong> intendente municipal Ezequiel Galli<\/strong> catalog\u00f3 la tradicional <strong>Fiesta por el D\u00eda de la Ni\u00f1ez<\/strong> que, de manera conjunta con <strong>MANO (Movimiento Alegr\u00eda del Ni\u00f1o Olavarriense)<\/strong>, en esta edici\u00f3n 2023 se realizar\u00e1 el pr\u00f3ximo <strong>domingo 6 de agosto<\/strong>.<\/p>\n<p>&nbsp;<\/p>\n<p>La presentaci\u00f3n se realiz\u00f3 en el Centro Cultural Municipal San Jos\u00e9, en donde el jefe comunal estuvo acompa\u00f1ado por el <strong>secretario de Desarrollo Humano y Calidad de Vida Diego Robbiani, el subsecretario de Cultura y Educaci\u00f3n Bruno Cenizo y Fabiana Bahl, en representaci\u00f3n de MANO.<\/strong><\/p>\n<p>&nbsp;<\/p>\n<p>Ser\u00e1 la <strong>edici\u00f3n n\u00famero 41<\/strong> y volver\u00e1 a tener como sede del <strong>predio ferial de la Sociedad Rural<\/strong>. \u201cPara nosotros es importante que los chicos puedan tener un espacio donde puedan disfrutar, donde puedan divertirse, donde puedan acceder a talleres. Va a haber <strong>actividades de todo tipo para que los chicos puedan pasarlo lindo, disfrutar su d\u00eda\u201d<\/strong>, enfatiz\u00f3 el jefe comunal, quien revel\u00f3 que habr\u00e1 propuestas recreativas de todos tipo, entre juegos inflables, malabares, circo y mucho m\u00e1s.<\/p>\n<p>&nbsp;<\/p>\n<p><img data-recalc-dims=\"1\" loading=\"lazy\" decoding=\"async\" class=\"size-full wp-image-91268 aligncenter\" src=\"https:\/\/i0.wp.com\/cdnoticias.com\/wp-content\/uploads\/2023\/07\/dia-de-la-ninez-ezequiel-galli-0.jpg?resize=800%2C445&#038;ssl=1\" alt=\"\" width=\"800\" height=\"445\" srcset=\"https:\/\/i0.wp.com\/cdnoticias.com\/wp-content\/uploads\/2023\/07\/dia-de-la-ninez-ezequiel-galli-0.jpg?w=800&amp;ssl=1 800w, https:\/\/i0.wp.com\/cdnoticias.com\/wp-content\/uploads\/2023\/07\/dia-de-la-ninez-ezequiel-galli-0.jpg?resize=300%2C167&amp;ssl=1 300w, https:\/\/i0.wp.com\/cdnoticias.com\/wp-content\/uploads\/2023\/07\/dia-de-la-ninez-ezequiel-galli-0.jpg?resize=768%2C427&amp;ssl=1 768w\" sizes=\"auto, (max-width: 800px) 100vw, 800px\" \/><\/p>\n<p>&nbsp;<\/p>\n<blockquote><p>\u201cEl a\u00f1o pasado tuvimos una asistencia r\u00e9cord, esperamos que este a\u00f1o podamos superar esa cantidad, estamos con mucha expectativa\u201d, agreg\u00f3 el intendente, quien tambi\u00e9n puso el acento en la labor mancomunada de distintas \u00e1reas municipales, entre las que mencion\u00f3 Cultura, Deportes, Salud y tambi\u00e9n Control Urbano. \u201cEstamos todos trabajando para que las cosas salgan como siempre han salido\u201d, complet\u00f3.<\/p><\/blockquote>\n<p>&nbsp;<\/p>\n<p>Por \u00faltimo, invit\u00f3 a la comunidad de todo el Partido a que sea parte, que se ofrecer\u00e1n todo tipo de actividades \u201cpara pasar un hermoso d\u00eda y que los chicos puedan disfrutar\u201d. <em>\u201cCon el paso de los a\u00f1os la fiesta sigue y sigue creciendo\u201d<\/em>, finaliz\u00f3.<\/p>\n<p>&nbsp;<\/p>\n<p>Bruno Cenizo, por su parte, anticip\u00f3 que<strong> se dispondr\u00e1 un escenario central con distintos espect\u00e1culos<\/strong> y que adem\u00e1s habr\u00e1 <strong>servicio de transporte<\/strong> para acercar al evento no s\u00f3lo a chicos y chicas de distintos barrios de la ciudad, sino tambi\u00e9n de las localidades.<\/p>\n<p>&nbsp;<\/p>\n<p><img data-recalc-dims=\"1\" loading=\"lazy\" decoding=\"async\" class=\"size-full wp-image-91267 aligncenter\" src=\"https:\/\/i0.wp.com\/cdnoticias.com\/wp-content\/uploads\/2023\/07\/dia-de-la-ninez-1.jpg?resize=800%2C445&#038;ssl=1\" alt=\"\" width=\"800\" height=\"445\" srcset=\"https:\/\/i0.wp.com\/cdnoticias.com\/wp-content\/uploads\/2023\/07\/dia-de-la-ninez-1.jpg?w=800&amp;ssl=1 800w, https:\/\/i0.wp.com\/cdnoticias.com\/wp-content\/uploads\/2023\/07\/dia-de-la-ninez-1.jpg?resize=300%2C167&amp;ssl=1 300w, https:\/\/i0.wp.com\/cdnoticias.com\/wp-content\/uploads\/2023\/07\/dia-de-la-ninez-1.jpg?resize=768%2C427&amp;ssl=1 768w\" sizes=\"auto, (max-width: 800px) 100vw, 800px\" \/><\/p>\n<p>&nbsp;<\/p>\n<p><strong>\u201cLo que siempre pensamos y buscamos es la alegr\u00eda de los ni\u00f1os\u201d<\/strong>, a\u00f1adi\u00f3 Bahl y revel\u00f3 que este a\u00f1o <strong>la fiesta se iniciar\u00e1 m\u00e1s temprano, desde las 13:30 horas<\/strong>, \u201cpara que puedan disfrutar m\u00e1s de las actividades en el predio pero que tambi\u00e9n puedan volver a sus casas con la luz del d\u00eda\u201d.<\/p>\n<p>&nbsp;<\/p>\n<p>Adem\u00e1s, agreg\u00f3 que el objetivo que siempre se persigue es<strong> \u201cque sea una fiesta familiar, es de las m\u00e1s convocante de la Provincia<\/strong>. Adem\u00e1s es <strong>gratuita<\/strong>, sin distinciones y eso nos pone muy contentos. Todos los a\u00f1os lo hacemos con las mejores expectativas, que vayan, que disfruten, en estos momentos<strong> ofrecer una fiesta de esta categor\u00eda<\/strong> es la expectativa m\u00e1s grande\u201d, finaliz\u00f3.<\/p>\n<p>&nbsp;<\/p>\n<p><em>En los pr\u00f3ximos d\u00edas se comunicar\u00e1 tanto la grilla de espect\u00e1culos como los recorridos que realizar\u00e1n los micros para el evento.<\/em><\/p>\n<p>&nbsp;<\/p>\n","protected":false},"excerpt":{"rendered":"<p>Se har\u00e1 en la Sociedad Rural. \u201cEstamos con la expectativa de que la asistencia pueda superar lo que fue en<\/p>\n","protected":false},"author":4,"featured_media":91255,"comment_status":"closed","ping_status":"closed","sticky":false,"template":"","format":"standard","meta":{"_jetpack_memberships_contains_paid_content":false,"footnotes":""},"categories":[9,1],"tags":[],"class_list":["post-91266","post","type-post","status-publish","format-standard","has-post-thumbnail","hentry","category-cultura","category-portada"],"jetpack_featured_media_url":"https:\/\/i0.wp.com\/cdnoticias.com\/wp-content\/uploads\/2023\/07\/fiesta-dia-nino.jpg?fit=800%2C445&ssl=1","jetpack_sharing_enabled":true,"_links":{"self":[{"href":"https:\/\/cdnoticias.com\/index.php\/wp-json\/wp\/v2\/posts\/91266","targetHints":{"allow":["GET"]}}],"collection":[{"href":"https:\/\/cdnoticias.com\/index.php\/wp-json\/wp\/v2\/posts"}],"about":[{"href":"https:\/\/cdnoticias.com\/index.php\/wp-json\/wp\/v2\/types\/post"}],"author":[{"embeddable":true,"href":"https:\/\/cdnoticias.com\/index.php\/wp-json\/wp\/v2\/users\/4"}],"replies":[{"embeddable":true,"href":"https:\/\/cdnoticias.com\/index.php\/wp-json\/wp\/v2\/comments?post=91266"}],"version-history":[{"count":0,"href":"https:\/\/cdnoticias.com\/index.php\/wp-json\/wp\/v2\/posts\/91266\/revisions"}],"wp:featuredmedia":[{"embeddable":true,"href":"https:\/\/cdnoticias.com\/index.php\/wp-json\/wp\/v2\/media\/91255"}],"wp:attachment":[{"href":"https:\/\/cdnoticias.com\/index.php\/wp-json\/wp\/v2\/media?parent=91266"}],"wp:term":[{"taxonomy":"category","embeddable":true,"href":"https:\/\/cdnoticias.com\/index.php\/wp-json\/wp\/v2\/categories?post=91266"},{"taxonomy":"post_tag","embeddable":true,"href":"https:\/\/cdnoticias.com\/index.php\/wp-json\/wp\/v2\/tags?post=91266"}],"curies":[{"name":"wp","href":"https:\/\/api.w.org\/{rel}","templated":true}]}}