{"id":91240,"date":"2023-07-26T09:58:18","date_gmt":"2023-07-26T12:58:18","guid":{"rendered":"https:\/\/www.centraldenoticias.com.ar\/?p=91240"},"modified":"2023-07-26T14:57:59","modified_gmt":"2023-07-26T17:57:59","slug":"homenaje-a-71-anos-del-fallecimiento-de-evita","status":"publish","type":"post","link":"https:\/\/cdnoticias.com\/index.php\/2023\/07\/26\/homenaje-a-71-anos-del-fallecimiento-de-evita\/","title":{"rendered":"Homenaje a 71 a\u00f1os del fallecimiento de Evita"},"content":{"rendered":"<p>Ser\u00e1 este mi\u00e9rcoles a las 15:00 en Hornos y Brown impulsado por el espacio Unidad y Compromiso Social \u2013 Frente Renovador.<!--more--><\/p>\n<hr \/>\n<p>Desde el espacio Unidad y Compromiso Social \u2013 Frente Renovador invitaron a la comunidad al homenaje que realizar\u00e1n este <strong>mi\u00e9rcoles 26 de julio a las 15:00 en Hornos y Brown.<\/strong><\/p>\n<p>&nbsp;<\/p>\n<p>Destacaron la trayectoria de Evita a trav\u00e9s de la <strong>Fundaci\u00f3n Eva Per\u00f3n<\/strong> \u201cmediante la cual construy\u00f3 hospitales, asilos, escuelas, impuls\u00f3 el turismo social creando colonias de vacaciones, difundi\u00f3 el deporte entre los ni\u00f1os mediante campeonatos que abarcaron todo el pa\u00eds, otorg\u00f3 becas para estudiantes, ayudas para la vivienda y promocion\u00f3 a la mujer en diversas facetas\u201d.<\/p>\n<p>&nbsp;<\/p>\n<blockquote><p>\u201cFue una luchadora por los derechos sociales y laborales, constituyendo el v\u00ednculo directo entre Juan Domingo Per\u00f3n y los sindicatos\u201d, se\u00f1alaron.<\/p><\/blockquote>\n<p>&nbsp;<\/p>\n<p>Adem\u00e1s, resaltaron que \u201cen 1947 impuls\u00f3 y consigui\u00f3 la sanci\u00f3n de la <strong>Ley de sufragio Femenino<\/strong> tras la cual busc\u00f3 la igualdad jur\u00eddica de los c\u00f3nyuges y la patria potestad compartida trav\u00e9s del art\u00edculo 39 de la Constituci\u00f3n del 1949\u201d.<\/p>\n<p>&nbsp;<\/p>\n<p>Y agregaron: \u201cen 1949 fund\u00f3 el Partido Peronista Femenino y en 1951, debido a las primeras elecciones presidenciales con sufragio universal, el movimiento obrero propuso a Evita como compa\u00f1era de f\u00f3rmula de Per\u00f3n, como candidata a vicepresidenta\u201d.<\/p>\n<p>&nbsp;<\/p>\n<p>Por \u00faltimo, expresaron: \u201cEvita renunci\u00f3 a la candidatura el 31 de agosto, debido a las presiones de los grupos opositores al gobierno, a las luchas internas dentro del peronismo y al c\u00e1ncer de cuello de \u00fatero que ten\u00eda diagnosticado desde 1950, y debido al cual<strong> falleci\u00f3 el 26 de julio de 1952<\/strong>\u201d.<\/p>\n","protected":false},"excerpt":{"rendered":"<p>Ser\u00e1 este mi\u00e9rcoles a las 15:00 en Hornos y Brown impulsado por el espacio Unidad y Compromiso Social \u2013 Frente<\/p>\n","protected":false},"author":5,"featured_media":91241,"comment_status":"closed","ping_status":"closed","sticky":false,"template":"","format":"standard","meta":{"_jetpack_memberships_contains_paid_content":false,"footnotes":""},"categories":[4],"tags":[],"class_list":["post-91240","post","type-post","status-publish","format-standard","has-post-thumbnail","hentry","category-politica"],"jetpack_featured_media_url":"https:\/\/i0.wp.com\/cdnoticias.com\/wp-content\/uploads\/2023\/07\/evita.jpg?fit=960%2C540&ssl=1","jetpack_sharing_enabled":true,"_links":{"self":[{"href":"https:\/\/cdnoticias.com\/index.php\/wp-json\/wp\/v2\/posts\/91240","targetHints":{"allow":["GET"]}}],"collection":[{"href":"https:\/\/cdnoticias.com\/index.php\/wp-json\/wp\/v2\/posts"}],"about":[{"href":"https:\/\/cdnoticias.com\/index.php\/wp-json\/wp\/v2\/types\/post"}],"author":[{"embeddable":true,"href":"https:\/\/cdnoticias.com\/index.php\/wp-json\/wp\/v2\/users\/5"}],"replies":[{"embeddable":true,"href":"https:\/\/cdnoticias.com\/index.php\/wp-json\/wp\/v2\/comments?post=91240"}],"version-history":[{"count":0,"href":"https:\/\/cdnoticias.com\/index.php\/wp-json\/wp\/v2\/posts\/91240\/revisions"}],"wp:featuredmedia":[{"embeddable":true,"href":"https:\/\/cdnoticias.com\/index.php\/wp-json\/wp\/v2\/media\/91241"}],"wp:attachment":[{"href":"https:\/\/cdnoticias.com\/index.php\/wp-json\/wp\/v2\/media?parent=91240"}],"wp:term":[{"taxonomy":"category","embeddable":true,"href":"https:\/\/cdnoticias.com\/index.php\/wp-json\/wp\/v2\/categories?post=91240"},{"taxonomy":"post_tag","embeddable":true,"href":"https:\/\/cdnoticias.com\/index.php\/wp-json\/wp\/v2\/tags?post=91240"}],"curies":[{"name":"wp","href":"https:\/\/api.w.org\/{rel}","templated":true}]}}