{"id":91238,"date":"2023-07-26T09:35:56","date_gmt":"2023-07-26T12:35:56","guid":{"rendered":"https:\/\/www.centraldenoticias.com.ar\/?p=91238"},"modified":"2023-07-26T11:35:37","modified_gmt":"2023-07-26T14:35:37","slug":"continua-en-grave-estado-el-hombre-atropellado-en-microcentro","status":"publish","type":"post","link":"https:\/\/cdnoticias.com\/index.php\/2023\/07\/26\/continua-en-grave-estado-el-hombre-atropellado-en-microcentro\/","title":{"rendered":"Contin\u00faa en grave estado el hombre atropellado en Microcentro"},"content":{"rendered":"<p>Ingres\u00f3 al Hospital Municipal con \u201ctraumatismo grave de cr\u00e1neo\u201d. El hecho se produjo en Moreno a metros de Hornos.<!--more--><\/p>\n<hr \/>\n<p>Durante la noche del martes un hombre de alrededor de 30 a\u00f1os <strong>fue atropellado por un auto utilizado como remis y tuvo heridas de gravedad.<\/strong><\/p>\n<p>&nbsp;<\/p>\n<p>Desde el Hospital Municipal \u201cDr. H\u00e9ctor Cura\u201d indicaron que ingres\u00f3 con un<strong> \u201ctraumatismo grave de cr\u00e1neo\u201d<\/strong> y permanece internado en el centro de salud.<\/p>\n<p>&nbsp;<\/p>\n<p>Seg\u00fan se inform\u00f3, Cristian Bustamante fue impactado por el remis que se trasladaba por Moreno en sentido a avenida Col\u00f3n. El siniestro se produjo a la altura de Hornos.<\/p>\n<p>&nbsp;<\/p>\n<blockquote class=\"wp-embedded-content\" data-secret=\"DVcm4gKxEt\"><p><a href=\"https:\/\/cdnoticias.com\/index.php\/2023\/07\/25\/microcentro-un-hombre-en-grave-estado-al-ser-atropellado-por-un-remis\/\">Microcentro: un hombre en grave estado al ser atropellado por un remis<\/a><\/p><\/blockquote>\n<p><iframe loading=\"lazy\" class=\"wp-embedded-content\" sandbox=\"allow-scripts\" security=\"restricted\" style=\"position: absolute; clip: rect(1px, 1px, 1px, 1px);\" title=\"&#8220;Microcentro: un hombre en grave estado al ser atropellado por un remis&#8221; &#8212; Central de Noticias | Olavarr\u00eda\" src=\"https:\/\/cdnoticias.com\/index.php\/2023\/07\/25\/microcentro-un-hombre-en-grave-estado-al-ser-atropellado-por-un-remis\/embed\/#?secret=uSLL5ApxOw#?secret=DVcm4gKxEt\" data-secret=\"DVcm4gKxEt\" width=\"600\" height=\"338\" frameborder=\"0\" marginwidth=\"0\" marginheight=\"0\" scrolling=\"no\"><\/iframe><\/p>\n","protected":false},"excerpt":{"rendered":"<p>Ingres\u00f3 al Hospital Municipal con \u201ctraumatismo grave de cr\u00e1neo\u201d. El hecho se produjo en Moreno a metros de Hornos.<\/p>\n","protected":false},"author":5,"featured_media":91216,"comment_status":"closed","ping_status":"closed","sticky":false,"template":"","format":"standard","meta":{"_jetpack_memberships_contains_paid_content":false,"footnotes":""},"categories":[14,1],"tags":[],"class_list":["post-91238","post","type-post","status-publish","format-standard","has-post-thumbnail","hentry","category-policiales","category-portada"],"jetpack_featured_media_url":"https:\/\/i0.wp.com\/cdnoticias.com\/wp-content\/uploads\/2023\/07\/Diseno-sin-titulo-24.png?fit=900%2C600&ssl=1","jetpack_sharing_enabled":true,"_links":{"self":[{"href":"https:\/\/cdnoticias.com\/index.php\/wp-json\/wp\/v2\/posts\/91238","targetHints":{"allow":["GET"]}}],"collection":[{"href":"https:\/\/cdnoticias.com\/index.php\/wp-json\/wp\/v2\/posts"}],"about":[{"href":"https:\/\/cdnoticias.com\/index.php\/wp-json\/wp\/v2\/types\/post"}],"author":[{"embeddable":true,"href":"https:\/\/cdnoticias.com\/index.php\/wp-json\/wp\/v2\/users\/5"}],"replies":[{"embeddable":true,"href":"https:\/\/cdnoticias.com\/index.php\/wp-json\/wp\/v2\/comments?post=91238"}],"version-history":[{"count":0,"href":"https:\/\/cdnoticias.com\/index.php\/wp-json\/wp\/v2\/posts\/91238\/revisions"}],"wp:featuredmedia":[{"embeddable":true,"href":"https:\/\/cdnoticias.com\/index.php\/wp-json\/wp\/v2\/media\/91216"}],"wp:attachment":[{"href":"https:\/\/cdnoticias.com\/index.php\/wp-json\/wp\/v2\/media?parent=91238"}],"wp:term":[{"taxonomy":"category","embeddable":true,"href":"https:\/\/cdnoticias.com\/index.php\/wp-json\/wp\/v2\/categories?post=91238"},{"taxonomy":"post_tag","embeddable":true,"href":"https:\/\/cdnoticias.com\/index.php\/wp-json\/wp\/v2\/tags?post=91238"}],"curies":[{"name":"wp","href":"https:\/\/api.w.org\/{rel}","templated":true}]}}