{"id":91201,"date":"2023-07-25T19:15:53","date_gmt":"2023-07-25T22:15:53","guid":{"rendered":"https:\/\/www.centraldenoticias.com.ar\/?p=91201"},"modified":"2023-07-25T20:23:13","modified_gmt":"2023-07-25T23:23:13","slug":"este-programa-financia-la-infraestructura-el-modelo-de-gestion-y-lo-deciden-los-municipios","status":"publish","type":"post","link":"https:\/\/cdnoticias.com\/index.php\/2023\/07\/25\/este-programa-financia-la-infraestructura-el-modelo-de-gestion-y-lo-deciden-los-municipios\/","title":{"rendered":"\u201cEste programa financia la infraestructura, el modelo de gesti\u00f3n y lo deciden los Municipios\u201d"},"content":{"rendered":"<p>Maximiliano Wesner explic\u00f3 los alcances del programa \u201cProvincia en Marcha\u201d que permitir\u00eda avanzar sobre su propuesta de crear un Frigor\u00edfico Municipal.<!--more--><\/p>\n<hr \/>\n<p>Luego de mantener una reuni\u00f3n con el ministro de Desarrollo Agrario bonaerense, Javier Rodr\u00edguez, <strong>Maximiliano Wesner explic\u00f3 los alcanzas de su propuesta vinculada a avanzar con la creaci\u00f3n de un Frigor\u00edfico Municipal.<\/strong><\/p>\n<p>&nbsp;<\/p>\n<p>En el encuentro,<strong> el precandidato a Intendente de UxP explic\u00f3 al ministro de Desarrollo Agrario &#8220;el impacto que tuvo el cierre del matadero municipal y la necesidad de que Olavarr\u00eda pueda contar con un nuevo establecimiento de faena&#8221;.<\/strong><\/p>\n<p>&nbsp;<\/p>\n<p>Rodr\u00edguez recibi\u00f3 el planteo para <strong>trabajar en un proyecto en el marco del programa de reactivaci\u00f3n productiva &#8220;Provincia en Marcha&#8221; que avanza en la construcci\u00f3n, terminaci\u00f3n y ampliaci\u00f3n de 29 frigor\u00edficos municipales o cooperativos en distintos partidos bonaerenses.<\/strong><\/p>\n<p>&nbsp;<\/p>\n<blockquote><p>Wesner aclaro que<strong><em> \u201ceste programa provincial financia la infraestructura, el modelo de gesti\u00f3n lo deciden los Municipios, materia que estoy conversando y evaluando junto a productores y carniceros locales&#8221;.<\/em><\/strong><\/p><\/blockquote>\n<p>&nbsp;<\/p>\n<p>En una reuni\u00f3n mantenida semanas atr\u00e1s con el Gobernador Axel Kicillof en La Plata,<strong> los precandidatos de UxP Maximiliano Wesner y Mercedes Land\u00edvar le hab\u00edan expresado la necesidad de que Olavarr\u00eda vuelva a contar con un frigor\u00edfico propio<\/strong>, entre otras gestiones que se conversaron con el Gobernador.<\/p>\n<p>&nbsp;<\/p>\n<p><strong>El Programa Frigor\u00edficos &#8220;Provincia en Marcha&#8221; promueve la construcci\u00f3n y\/o terminaci\u00f3n y\/o ampliaci\u00f3n de obra civil y el equipamiento de establecimientos faenadores (frigor\u00edficos \/ mataderos) de dominio Municipal o principalmente municipal o provincial<\/strong>, habilitados a la faena higi\u00e9nico-sanitaria segura para tr\u00e1nsito y comercializaci\u00f3n provincial (categor\u00eda B, Ley de carnes de la PBA N\u00ba 11.123).<\/p>\n<p>&nbsp;<\/p>\n<p>El mismo <strong>est\u00e1 destinado a municipios que no cuentan con establecimientos faenadores, sean p\u00fablicos o privados, para cualquiera de las especies animales que se produzcan en la zona (bovinos, porcinos, ovinos y aviar).<\/strong> Hoy en la provincia de Buenos Aires hay proyectos en marcha en diferentes Municipios. En la regi\u00f3n ya avanzan proyectos en Laprida y Rauch, entre otros distritos.<\/p>\n","protected":false},"excerpt":{"rendered":"<p>Maximiliano Wesner explic\u00f3 los alcances del programa \u201cProvincia en Marcha\u201d que permitir\u00eda avanzar sobre su propuesta de crear un Frigor\u00edfico<\/p>\n","protected":false},"author":2,"featured_media":91203,"comment_status":"closed","ping_status":"closed","sticky":false,"template":"","format":"standard","meta":{"_jetpack_memberships_contains_paid_content":false,"footnotes":""},"categories":[4,1],"tags":[],"class_list":["post-91201","post","type-post","status-publish","format-standard","has-post-thumbnail","hentry","category-politica","category-portada"],"jetpack_featured_media_url":"https:\/\/i0.wp.com\/cdnoticias.com\/wp-content\/uploads\/2023\/07\/WhatsApp-Image-2023-07-25-at-14.08.36.jpeg?fit=1600%2C1200&ssl=1","jetpack_sharing_enabled":true,"_links":{"self":[{"href":"https:\/\/cdnoticias.com\/index.php\/wp-json\/wp\/v2\/posts\/91201","targetHints":{"allow":["GET"]}}],"collection":[{"href":"https:\/\/cdnoticias.com\/index.php\/wp-json\/wp\/v2\/posts"}],"about":[{"href":"https:\/\/cdnoticias.com\/index.php\/wp-json\/wp\/v2\/types\/post"}],"author":[{"embeddable":true,"href":"https:\/\/cdnoticias.com\/index.php\/wp-json\/wp\/v2\/users\/2"}],"replies":[{"embeddable":true,"href":"https:\/\/cdnoticias.com\/index.php\/wp-json\/wp\/v2\/comments?post=91201"}],"version-history":[{"count":0,"href":"https:\/\/cdnoticias.com\/index.php\/wp-json\/wp\/v2\/posts\/91201\/revisions"}],"wp:featuredmedia":[{"embeddable":true,"href":"https:\/\/cdnoticias.com\/index.php\/wp-json\/wp\/v2\/media\/91203"}],"wp:attachment":[{"href":"https:\/\/cdnoticias.com\/index.php\/wp-json\/wp\/v2\/media?parent=91201"}],"wp:term":[{"taxonomy":"category","embeddable":true,"href":"https:\/\/cdnoticias.com\/index.php\/wp-json\/wp\/v2\/categories?post=91201"},{"taxonomy":"post_tag","embeddable":true,"href":"https:\/\/cdnoticias.com\/index.php\/wp-json\/wp\/v2\/tags?post=91201"}],"curies":[{"name":"wp","href":"https:\/\/api.w.org\/{rel}","templated":true}]}}