{"id":91195,"date":"2023-07-25T18:35:47","date_gmt":"2023-07-25T21:35:47","guid":{"rendered":"https:\/\/www.centraldenoticias.com.ar\/?p=91195"},"modified":"2023-07-25T19:16:10","modified_gmt":"2023-07-25T22:16:10","slug":"el-olavarriense-lucas-janson-fue-presentado-como-jugador-de-boca","status":"publish","type":"post","link":"https:\/\/cdnoticias.com\/index.php\/2023\/07\/25\/el-olavarriense-lucas-janson-fue-presentado-como-jugador-de-boca\/","title":{"rendered":"El olavarriense Lucas Janson fue presentado como jugador de Boca"},"content":{"rendered":"<p>Se trata del segundo refuerzo del equipo de Almir\u00f3n luego de que la entidad lo comunicara en sus redes sociales en el transcurso de este martes. Fue presentado junto al otro refuerzo, Lucas Blondel. Usar\u00e1 la dorsal n\u00famero 11.<!--more--><\/p>\n<hr \/>\n<p>El delantero surgido en Embajadores hab\u00eda sorteado con \u00e9xito los controles m\u00e9dicos d\u00edas atr\u00e1s en una cl\u00ednica de Capital Federal, pero\u00a0<strong>la firma del contrato por cuatro temporadas se realiz\u00f3 reci\u00e9n este martes<\/strong>.<\/p>\n<p>&nbsp;<\/p>\n<p>Tras terminar de pulirse los \u00faltimos detalles de su salida de V\u00e9lez Sarsfield, finalmente\u00a0<strong>el delantero de 28 a\u00f1os sell\u00f3 su v\u00ednculo por cuatro a\u00f1os con el \u201cXeneize\u201d<\/strong>\u00a0y en el transcurso del mi\u00e9rcoles sumar\u00e1 su primer entrenamiento en el equipo de Almir\u00f3n.<\/p>\n<p>&nbsp;<\/p>\n<p>Toda la cobertura de la conferencia de prensa, en Central de Deportes, el portal deportivo de la ciudad.<\/p>\n<p>&nbsp;<\/p>\n<blockquote class=\"wp-embedded-content\" data-secret=\"v0cz500nXV\"><p><a href=\"http:\/\/centraldeportes.com.ar\/boca-oficializo-la-llegada-de-lucas-janson-y-lo-presento-en-conferencia\/\">Boca oficializ\u00f3 la llegada de Lucas Janson y lo present\u00f3 en conferencia<\/a><\/p><\/blockquote>\n<p><iframe loading=\"lazy\" class=\"wp-embedded-content\" sandbox=\"allow-scripts\" security=\"restricted\" style=\"position: absolute; clip: rect(1px, 1px, 1px, 1px);\" title=\"&#8220;Boca oficializ\u00f3 la llegada de Lucas Janson y lo present\u00f3 en conferencia&#8221; &#8212; Central de Deportes\" src=\"http:\/\/centraldeportes.com.ar\/boca-oficializo-la-llegada-de-lucas-janson-y-lo-presento-en-conferencia\/embed\/#?secret=v0cz500nXV\" data-secret=\"v0cz500nXV\" width=\"600\" height=\"338\" frameborder=\"0\" marginwidth=\"0\" marginheight=\"0\" scrolling=\"no\"><\/iframe><\/p>\n<p>&nbsp;<\/p>\n","protected":false},"excerpt":{"rendered":"<p>Se trata del segundo refuerzo del equipo de Almir\u00f3n luego de que la entidad lo comunicara en sus redes sociales<\/p>\n","protected":false},"author":2,"featured_media":91196,"comment_status":"closed","ping_status":"closed","sticky":false,"template":"","format":"standard","meta":{"_jetpack_memberships_contains_paid_content":false,"footnotes":""},"categories":[5,1],"tags":[],"class_list":["post-91195","post","type-post","status-publish","format-standard","has-post-thumbnail","hentry","category-informacion-general","category-portada"],"jetpack_featured_media_url":"https:\/\/i0.wp.com\/cdnoticias.com\/wp-content\/uploads\/2023\/07\/Janson-Boca-presentacion.jpg?fit=959%2C570&ssl=1","jetpack_sharing_enabled":true,"_links":{"self":[{"href":"https:\/\/cdnoticias.com\/index.php\/wp-json\/wp\/v2\/posts\/91195","targetHints":{"allow":["GET"]}}],"collection":[{"href":"https:\/\/cdnoticias.com\/index.php\/wp-json\/wp\/v2\/posts"}],"about":[{"href":"https:\/\/cdnoticias.com\/index.php\/wp-json\/wp\/v2\/types\/post"}],"author":[{"embeddable":true,"href":"https:\/\/cdnoticias.com\/index.php\/wp-json\/wp\/v2\/users\/2"}],"replies":[{"embeddable":true,"href":"https:\/\/cdnoticias.com\/index.php\/wp-json\/wp\/v2\/comments?post=91195"}],"version-history":[{"count":0,"href":"https:\/\/cdnoticias.com\/index.php\/wp-json\/wp\/v2\/posts\/91195\/revisions"}],"wp:featuredmedia":[{"embeddable":true,"href":"https:\/\/cdnoticias.com\/index.php\/wp-json\/wp\/v2\/media\/91196"}],"wp:attachment":[{"href":"https:\/\/cdnoticias.com\/index.php\/wp-json\/wp\/v2\/media?parent=91195"}],"wp:term":[{"taxonomy":"category","embeddable":true,"href":"https:\/\/cdnoticias.com\/index.php\/wp-json\/wp\/v2\/categories?post=91195"},{"taxonomy":"post_tag","embeddable":true,"href":"https:\/\/cdnoticias.com\/index.php\/wp-json\/wp\/v2\/tags?post=91195"}],"curies":[{"name":"wp","href":"https:\/\/api.w.org\/{rel}","templated":true}]}}