{"id":91137,"date":"2023-07-25T08:27:10","date_gmt":"2023-07-25T11:27:10","guid":{"rendered":"https:\/\/www.centraldenoticias.com.ar\/?p=91137"},"modified":"2023-07-25T08:27:10","modified_gmt":"2023-07-25T11:27:10","slug":"eduardo-jose-seillant-q-e-p-d","status":"publish","type":"post","link":"https:\/\/cdnoticias.com\/index.php\/2023\/07\/25\/eduardo-jose-seillant-q-e-p-d\/","title":{"rendered":"Eduardo Jos\u00e9 Seillant (Q.E.P.D.)"},"content":{"rendered":"<p>Falleci\u00f3 en Olavarr\u00eda el 25 de julio de 2023 a los 70 a\u00f1os de edad. Su esposa Liliana; sus hijos Laura, Solange y Santiago; sus hermanos; sus familiares y dem\u00e1s deudos participan su fallecimiento.<\/p>\n<p>&nbsp;<\/p>\n<p>Sus restos ser\u00e1n velados en Espa\u00f1a 2942 departamento &#8221;C&#8221; desde las 11:00 (horario de cierre a confirmar) y ser\u00e1n cremados en Crematorio Pinos de Paz en d\u00eda y horario a confirmar. Nacido en Ranchos, General Paz.<\/p>\n<p>&nbsp;<\/p>\n<p>Medico terapista durante 40 a\u00f1os. Amaba la medicina como un servicio para el pr\u00f3jimo. Estuvo 25 a\u00f1os a cargo del servicio de terapia intensiva del Hospital de Olavarr\u00eda. Apasionado productor de \u00e1rboles y plantas que embellecen nuestra querida ciudad.<\/p>\n<p>&nbsp;<\/p>\n<p>Se ruega no enviar coronas. Se aceptan arreglos florales<\/p>\n","protected":false},"excerpt":{"rendered":"<p>Falleci\u00f3 en Olavarr\u00eda el 25 de julio de 2023 a los 70 a\u00f1os de edad. Su esposa Liliana; sus hijos<\/p>\n","protected":false},"author":5,"featured_media":67646,"comment_status":"closed","ping_status":"closed","sticky":false,"template":"","format":"standard","meta":{"_jetpack_memberships_contains_paid_content":false,"footnotes":""},"categories":[10],"tags":[],"class_list":["post-91137","post","type-post","status-publish","format-standard","has-post-thumbnail","hentry","category-necrologicas"],"jetpack_featured_media_url":"https:\/\/i0.wp.com\/cdnoticias.com\/wp-content\/uploads\/2022\/10\/necrologicas-390-x-240.jpg?fit=390%2C240&ssl=1","jetpack_sharing_enabled":true,"_links":{"self":[{"href":"https:\/\/cdnoticias.com\/index.php\/wp-json\/wp\/v2\/posts\/91137","targetHints":{"allow":["GET"]}}],"collection":[{"href":"https:\/\/cdnoticias.com\/index.php\/wp-json\/wp\/v2\/posts"}],"about":[{"href":"https:\/\/cdnoticias.com\/index.php\/wp-json\/wp\/v2\/types\/post"}],"author":[{"embeddable":true,"href":"https:\/\/cdnoticias.com\/index.php\/wp-json\/wp\/v2\/users\/5"}],"replies":[{"embeddable":true,"href":"https:\/\/cdnoticias.com\/index.php\/wp-json\/wp\/v2\/comments?post=91137"}],"version-history":[{"count":0,"href":"https:\/\/cdnoticias.com\/index.php\/wp-json\/wp\/v2\/posts\/91137\/revisions"}],"wp:featuredmedia":[{"embeddable":true,"href":"https:\/\/cdnoticias.com\/index.php\/wp-json\/wp\/v2\/media\/67646"}],"wp:attachment":[{"href":"https:\/\/cdnoticias.com\/index.php\/wp-json\/wp\/v2\/media?parent=91137"}],"wp:term":[{"taxonomy":"category","embeddable":true,"href":"https:\/\/cdnoticias.com\/index.php\/wp-json\/wp\/v2\/categories?post=91137"},{"taxonomy":"post_tag","embeddable":true,"href":"https:\/\/cdnoticias.com\/index.php\/wp-json\/wp\/v2\/tags?post=91137"}],"curies":[{"name":"wp","href":"https:\/\/api.w.org\/{rel}","templated":true}]}}