{"id":91117,"date":"2023-07-24T19:00:05","date_gmt":"2023-07-24T22:00:05","guid":{"rendered":"https:\/\/www.centraldenoticias.com.ar\/?p=91117"},"modified":"2023-07-24T19:00:05","modified_gmt":"2023-07-24T22:00:05","slug":"cortes-de-luz-programados-en-dos-sectores-de-la-ciudad-2","status":"publish","type":"post","link":"https:\/\/cdnoticias.com\/index.php\/2023\/07\/24\/cortes-de-luz-programados-en-dos-sectores-de-la-ciudad-2\/","title":{"rendered":"Cortes de luz programados en dos sectores de la ciudad"},"content":{"rendered":"<p>Ser\u00e1 este martes por la ma\u00f1ana. Se indic\u00f3 que es por tareas de mantenimiento.<!--more--><\/p>\n<hr \/>\n<p>Desde Coopelectric se inform\u00f3 que durante la <strong>ma\u00f1ana de este martes<\/strong> se llevar\u00e1n a cabo<strong> dos cortes de luz<\/strong> por tareas de mantenimiento.<\/p>\n<p>&nbsp;<\/p>\n<p>Los cortes comprender\u00e1n el horario de <strong>8:00 a 12:00<\/strong> y ser\u00e1 en los siguientes sectores:<\/p>\n<ul>\n<li>Amparo Castro-San Mart\u00edn- avenida Urquiza- avenida Del Valle<\/li>\n<li>avenida Urquiza- Coronel Suarez- Celestino Mu\u00f1oz- avenida Del Valle<\/li>\n<\/ul>\n<p>&nbsp;<\/p>\n<p>Se indic\u00f3 que puede suspenderse sin las condiciones clim\u00e1ticas son adversas. En tal caso, las tareas ser\u00e1n reprogramadas.<\/p>\n","protected":false},"excerpt":{"rendered":"<p>Ser\u00e1 este martes por la ma\u00f1ana. Se indic\u00f3 que es por tareas de mantenimiento.<\/p>\n","protected":false},"author":6,"featured_media":41402,"comment_status":"closed","ping_status":"closed","sticky":false,"template":"","format":"standard","meta":{"_jetpack_memberships_contains_paid_content":false,"footnotes":""},"categories":[5,1],"tags":[],"class_list":["post-91117","post","type-post","status-publish","format-standard","has-post-thumbnail","hentry","category-informacion-general","category-portada"],"jetpack_featured_media_url":"https:\/\/i0.wp.com\/cdnoticias.com\/wp-content\/uploads\/2021\/12\/coopelectric-camion1.jpg?fit=1540%2C856&ssl=1","jetpack_sharing_enabled":true,"_links":{"self":[{"href":"https:\/\/cdnoticias.com\/index.php\/wp-json\/wp\/v2\/posts\/91117","targetHints":{"allow":["GET"]}}],"collection":[{"href":"https:\/\/cdnoticias.com\/index.php\/wp-json\/wp\/v2\/posts"}],"about":[{"href":"https:\/\/cdnoticias.com\/index.php\/wp-json\/wp\/v2\/types\/post"}],"author":[{"embeddable":true,"href":"https:\/\/cdnoticias.com\/index.php\/wp-json\/wp\/v2\/users\/6"}],"replies":[{"embeddable":true,"href":"https:\/\/cdnoticias.com\/index.php\/wp-json\/wp\/v2\/comments?post=91117"}],"version-history":[{"count":0,"href":"https:\/\/cdnoticias.com\/index.php\/wp-json\/wp\/v2\/posts\/91117\/revisions"}],"wp:featuredmedia":[{"embeddable":true,"href":"https:\/\/cdnoticias.com\/index.php\/wp-json\/wp\/v2\/media\/41402"}],"wp:attachment":[{"href":"https:\/\/cdnoticias.com\/index.php\/wp-json\/wp\/v2\/media?parent=91117"}],"wp:term":[{"taxonomy":"category","embeddable":true,"href":"https:\/\/cdnoticias.com\/index.php\/wp-json\/wp\/v2\/categories?post=91117"},{"taxonomy":"post_tag","embeddable":true,"href":"https:\/\/cdnoticias.com\/index.php\/wp-json\/wp\/v2\/tags?post=91117"}],"curies":[{"name":"wp","href":"https:\/\/api.w.org\/{rel}","templated":true}]}}