{"id":91114,"date":"2023-07-24T19:30:05","date_gmt":"2023-07-24T22:30:05","guid":{"rendered":"https:\/\/www.centraldenoticias.com.ar\/?p=91114"},"modified":"2023-07-24T19:30:05","modified_gmt":"2023-07-24T22:30:05","slug":"wesner-junto-a-la-titular-del-centro-vasco-debemos-acompanar-a-las-instituciones-intermedias","status":"publish","type":"post","link":"https:\/\/cdnoticias.com\/index.php\/2023\/07\/24\/wesner-junto-a-la-titular-del-centro-vasco-debemos-acompanar-a-las-instituciones-intermedias\/","title":{"rendered":"Wesner junto a la titular del Centro Vasco: &#8220;Debemos acompa\u00f1ar a las instituciones intermedias&#8221;"},"content":{"rendered":"<p>Durante el encuentro con Maris\u00fa Mendiz\u00e1bal, se abord\u00f3 la actualidad de la instituci\u00f3n, sus proyectos y el trabajo realizado en conjunto para lograr la normalizaci\u00f3n de la entidad ante la Direcci\u00f3n de Personas Jur\u00eddicas de la provincia de Buenos Aires.<!--more--><\/p>\n<hr \/>\n<p>El precandidato a intendente de Uni\u00f3n por la Patria (UxP) <strong>Maximiliano Wesner mantuvo una reuni\u00f3n de trabajo con Maris\u00fa Mendiz\u00e1bal,<\/strong> presidenta del <strong>Centro Vasco Gure Etxe Maitea,<\/strong> e integrantes de su comisi\u00f3n directiva.<\/p>\n<p>&nbsp;<\/p>\n<p>Durante el encuentro, se abord\u00f3 la actualidad de la instituci\u00f3n, sus proyectos y el trabajo realizado en conjunto para lograr la normalizaci\u00f3n de la entidad ante la Direcci\u00f3n de Personas Jur\u00eddicas de la provincia de Buenos Aires.<\/p>\n<p>&nbsp;<\/p>\n<p><em><strong>\u00a0&#8220;Las instituciones intermedias son fundamentales para la comunidad, su identidad, fomentar actividades sociales y culturales y aportar al bien com\u00fan. Debemos acompa\u00f1ar en los diferentes procesos para fortalecerlas y trabajar de manera conjunta<\/strong><\/em>&#8221; remarc\u00f3 Wesner.<\/p>\n<p>&nbsp;<\/p>\n<p>&#8220;El precandidato a intendente y su equipo vienen realizando un importante trabajo de gesti\u00f3n y asesoramiento para que todos los clubes de barrios, sociedades de fomento, colectividades, centros de jubilados y centros formalicen su constituci\u00f3n. A trav\u00e9s de la normalizaci\u00f3n las instituciones pueden acceder a distintos beneficios impositivos, gratuidad en servicios bancarios y jur\u00eddicos, y protecci\u00f3n de bienes ante embargos, entre otros&#8221; cerraron desde el espacio.<\/p>\n","protected":false},"excerpt":{"rendered":"<p>Durante el encuentro con Maris\u00fa Mendiz\u00e1bal, se abord\u00f3 la actualidad de la instituci\u00f3n, sus proyectos y el trabajo realizado en<\/p>\n","protected":false},"author":6,"featured_media":91116,"comment_status":"closed","ping_status":"closed","sticky":false,"template":"","format":"standard","meta":{"_jetpack_memberships_contains_paid_content":false,"footnotes":""},"categories":[4,1],"tags":[],"class_list":["post-91114","post","type-post","status-publish","format-standard","has-post-thumbnail","hentry","category-politica","category-portada"],"jetpack_featured_media_url":"https:\/\/i0.wp.com\/cdnoticias.com\/wp-content\/uploads\/2023\/07\/WhatsApp-Image-2023-07-24-at-13.54.09.jpeg?fit=1600%2C1060&ssl=1","jetpack_sharing_enabled":true,"_links":{"self":[{"href":"https:\/\/cdnoticias.com\/index.php\/wp-json\/wp\/v2\/posts\/91114","targetHints":{"allow":["GET"]}}],"collection":[{"href":"https:\/\/cdnoticias.com\/index.php\/wp-json\/wp\/v2\/posts"}],"about":[{"href":"https:\/\/cdnoticias.com\/index.php\/wp-json\/wp\/v2\/types\/post"}],"author":[{"embeddable":true,"href":"https:\/\/cdnoticias.com\/index.php\/wp-json\/wp\/v2\/users\/6"}],"replies":[{"embeddable":true,"href":"https:\/\/cdnoticias.com\/index.php\/wp-json\/wp\/v2\/comments?post=91114"}],"version-history":[{"count":0,"href":"https:\/\/cdnoticias.com\/index.php\/wp-json\/wp\/v2\/posts\/91114\/revisions"}],"wp:featuredmedia":[{"embeddable":true,"href":"https:\/\/cdnoticias.com\/index.php\/wp-json\/wp\/v2\/media\/91116"}],"wp:attachment":[{"href":"https:\/\/cdnoticias.com\/index.php\/wp-json\/wp\/v2\/media?parent=91114"}],"wp:term":[{"taxonomy":"category","embeddable":true,"href":"https:\/\/cdnoticias.com\/index.php\/wp-json\/wp\/v2\/categories?post=91114"},{"taxonomy":"post_tag","embeddable":true,"href":"https:\/\/cdnoticias.com\/index.php\/wp-json\/wp\/v2\/tags?post=91114"}],"curies":[{"name":"wp","href":"https:\/\/api.w.org\/{rel}","templated":true}]}}