{"id":91070,"date":"2023-07-24T19:33:26","date_gmt":"2023-07-24T22:33:26","guid":{"rendered":"https:\/\/www.centraldenoticias.com.ar\/?p=91070"},"modified":"2023-07-25T08:31:47","modified_gmt":"2023-07-25T11:31:47","slug":"marcelo-ripoll-la-gente-esta-muy-muy-enojada-desilusionada","status":"publish","type":"post","link":"https:\/\/cdnoticias.com\/index.php\/2023\/07\/24\/marcelo-ripoll-la-gente-esta-muy-muy-enojada-desilusionada\/","title":{"rendered":"Marcelo Ripoll: \u201cla gente est\u00e1 muy muy enojada, desilusionada\u201d"},"content":{"rendered":"<p>El precandidato a intendente por el Frente de Izquierda habl\u00f3 con Central de Noticias sobre los ejes de campa\u00f1a, la interna dentro del espacio y las proyecciones a futuro.<!--more--><\/p>\n<hr \/>\n<p>El precandidato a intendente por el Frente de Izquierda, Marcelo Ripoll, habl\u00f3 sobre las expectativas para esta PASO en las que el espacio va a internas. Ripoll representa a la lista \u201cUnir y Fortalecer la Izquierda 1A\u201d y competir\u00e1 contra la lista que encabeza Agust\u00edn Mestralet.<\/p>\n<p>&nbsp;<\/p>\n<p>En di\u00e1logo con<em> Central de Noticias<\/em> destac\u00f3 los principales ejes de campa\u00f1a donde se destacan <strong>propuestas para mejorar las condiciones de trabajo, los salarios, la vivienda y la salud.<\/strong><\/p>\n<p>&nbsp;<\/p>\n<p><strong>\u00bfPor qu\u00e9 sos candidato?<\/strong><\/p>\n<p>En realidad, me eligieron. Estamos con un grupo militando en el\u00a0 PTS, que es el Partido de los Trabajadores Socialistas y tiene a la cabeza a Myriam Bregman y Nicol\u00e1s De Ca\u00f1o. Yo ya ven\u00eda militando pero esta vez me ofrecieron y pens\u00e9 que era el mejor momento, por un lado por los 40 a\u00f1os de democracia me parece muy bueno participar y por otra parte, este es un compromiso que tengo con compa\u00f1eros que hace ocho a\u00f1os atr\u00e1s vinieron a proponerme lo mismo desde La Plata, Laura, Ezequiel y Federico, y despu\u00e9s de la charla que tuvimos, tuvieron un accidente donde fallecieron Laura y Ezequiel. En honor a ellos dos creo que es el compromiso que asumimos.<\/p>\n<p>&nbsp;<\/p>\n<p><strong>\u00bfCu\u00e1les son los ejes en los que se basa la campa\u00f1a?<\/strong><\/p>\n<p>Son cinco ejes de campa\u00f1a. La principal medida que tenemos es la reducci\u00f3n del horario laboral a 6 horas por d\u00eda, cinco d\u00edas a la semana, con igual salario. Adem\u00e1s, una actualizaci\u00f3n mensual autom\u00e1tica de los salarios de las jubilaciones y tambi\u00e9n estamos reclamando por los planes sociales. Como principal base tambi\u00e9n es el desconocimiento del acuerdo con el FMI porque es una deuda ileg\u00edtima e ilegal que nunca se investig\u00f3 y que no tenemos por qu\u00e9 pagarla los trabajadores. Otro de los temas, es un plan de vivienda que creemos que con el no pago de la deuda o con la buena utilizaci\u00f3n de los recursos econ\u00f3micos se podr\u00eda implementar. La idea es poner un plan de obras p\u00fablicas de construcci\u00f3n de viviendas controlada por los trabajadores. O sea, que tengan acceso a los presupuestos, que tengan acceso a poder decidir sobre los tiempos y as\u00ed evitar la corrupci\u00f3n.<\/p>\n<p>&nbsp;<\/p>\n<blockquote class=\"instagram-media\" style=\"background: #FFF; border: 0; border-radius: 3px; box-shadow: 0 0 1px 0 rgba(0,0,0,0.5),0 1px 10px 0 rgba(0,0,0,0.15); margin: 1px; max-width: 540px; min-width: 326px; padding: 0; width: calc(100% - 2px);\" data-instgrm-captioned=\"\" data-instgrm-permalink=\"https:\/\/www.instagram.com\/reel\/CvGOENhgQ-t\/?utm_source=ig_embed&amp;utm_campaign=loading\" data-instgrm-version=\"14\">\n<div style=\"padding: 16px;\">\n<p>&nbsp;<\/p>\n<div style=\"display: flex; flex-direction: row; align-items: center;\">\n<div style=\"background-color: #f4f4f4; border-radius: 50%; flex-grow: 0; height: 40px; margin-right: 14px; width: 40px;\"><\/div>\n<div style=\"display: flex; flex-direction: column; flex-grow: 1; justify-content: center;\">\n<div style=\"background-color: #f4f4f4; border-radius: 4px; flex-grow: 0; height: 14px; margin-bottom: 6px; width: 100px;\"><\/div>\n<div style=\"background-color: #f4f4f4; border-radius: 4px; flex-grow: 0; height: 14px; width: 60px;\"><\/div>\n<\/div>\n<\/div>\n<div style=\"padding: 19% 0;\"><\/div>\n<div style=\"display: block; height: 50px; margin: 0 auto 12px; width: 50px;\"><\/div>\n<div style=\"padding-top: 8px;\">\n<div style=\"color: #3897f0; font-family: Arial,sans-serif; font-size: 14px; font-style: normal; font-weight: 550; line-height: 18px;\">Ver esta publicaci\u00f3n en Instagram<\/div>\n<\/div>\n<div style=\"padding: 12.5% 0;\"><\/div>\n<div style=\"display: flex; flex-direction: row; margin-bottom: 14px; align-items: center;\">\n<div>\n<div style=\"background-color: #f4f4f4; border-radius: 50%; height: 12.5px; width: 12.5px; transform: translateX(0px) translateY(7px);\"><\/div>\n<div style=\"background-color: #f4f4f4; height: 12.5px; transform: rotate(-45deg) translateX(3px) translateY(1px); width: 12.5px; flex-grow: 0; margin-right: 14px; margin-left: 2px;\"><\/div>\n<div style=\"background-color: #f4f4f4; border-radius: 50%; height: 12.5px; width: 12.5px; transform: translateX(9px) translateY(-18px);\"><\/div>\n<\/div>\n<div style=\"margin-left: 8px;\">\n<div style=\"background-color: #f4f4f4; border-radius: 50%; flex-grow: 0; height: 20px; width: 20px;\"><\/div>\n<div style=\"width: 0; height: 0; border-top: 2px solid transparent; border-left: 6px solid #f4f4f4; border-bottom: 2px solid transparent; transform: translateX(16px) translateY(-4px) rotate(30deg);\"><\/div>\n<\/div>\n<div style=\"margin-left: auto;\">\n<div style=\"width: 0px; border-top: 8px solid #F4F4F4; border-right: 8px solid transparent; transform: translateY(16px);\"><\/div>\n<div style=\"background-color: #f4f4f4; flex-grow: 0; height: 12px; width: 16px; transform: translateY(-4px);\"><\/div>\n<div style=\"width: 0; height: 0; border-top: 8px solid #F4F4F4; border-left: 8px solid transparent; transform: translateY(-4px) translateX(8px);\"><\/div>\n<\/div>\n<\/div>\n<div style=\"display: flex; flex-direction: column; flex-grow: 1; justify-content: center; margin-bottom: 24px;\">\n<div style=\"background-color: #f4f4f4; border-radius: 4px; flex-grow: 0; height: 14px; margin-bottom: 6px; width: 224px;\"><\/div>\n<div style=\"background-color: #f4f4f4; border-radius: 4px; flex-grow: 0; height: 14px; width: 144px;\"><\/div>\n<\/div>\n<p>&nbsp;<\/p>\n<p style=\"color: #c9c8cd; font-family: Arial,sans-serif; font-size: 14px; line-height: 17px; margin-bottom: 0; margin-top: 8px; overflow: hidden; padding: 8px 0 7px; text-align: center; text-overflow: ellipsis; white-space: nowrap;\"><a style=\"color: #c9c8cd; font-family: Arial,sans-serif; font-size: 14px; font-style: normal; font-weight: normal; line-height: 17px; text-decoration: none;\" href=\"https:\/\/www.instagram.com\/reel\/CvGOENhgQ-t\/?utm_source=ig_embed&amp;utm_campaign=loading\" target=\"_blank\" rel=\"noopener\">Una publicaci\u00f3n compartida por Central de Noticias Olavarr\u00eda (@cdnolavarria)<\/a><\/p>\n<\/div>\n<\/blockquote>\n<p><script async src=\"\/\/www.instagram.com\/embed.js\"><\/script><\/p>\n<p>&nbsp;<\/p>\n<p><strong>\u00bfEn el plano local mantendr\u00edan los mismos ejes o sumar\u00edan otros?<\/strong><\/p>\n<p>Todas las propuestas que proponemos a nivel nacional son tambi\u00e9n en lo local. Adem\u00e1s, abordamos como eje la salud y el estado del Hospital que est\u00e1 desfinanciado, con un aumento del presupuesto para el Hospital y para fortalecer los niveles de atenci\u00f3n. Lo primero que tenemos que ver es los salarios de los trabajadores que en muchos casos ni llegan a cien mil pesos de b\u00e1sico. Tenemos que reactivar los centros de atenci\u00f3n primaria que funcionan en cada barrio. Fueron vaciados, eso te lo dicen los mismos vecinos, que en un momento funcionaron, ten\u00edan m\u00e9dicos. En Olavarr\u00eda y la zona serrana se est\u00e1 luchando todav\u00eda por tener un m\u00e9dico de guardia.<\/p>\n<p>&nbsp;<\/p>\n<p><img data-recalc-dims=\"1\" loading=\"lazy\" decoding=\"async\" class=\"size-full wp-image-90873 aligncenter\" src=\"https:\/\/i0.wp.com\/cdnoticias.com\/wp-content\/uploads\/2023\/07\/ripoll-marcelo-03.jpg?resize=800%2C445&#038;ssl=1\" alt=\"\" width=\"800\" height=\"445\" srcset=\"https:\/\/i0.wp.com\/cdnoticias.com\/wp-content\/uploads\/2023\/07\/ripoll-marcelo-03.jpg?w=800&amp;ssl=1 800w, https:\/\/i0.wp.com\/cdnoticias.com\/wp-content\/uploads\/2023\/07\/ripoll-marcelo-03.jpg?resize=300%2C167&amp;ssl=1 300w, https:\/\/i0.wp.com\/cdnoticias.com\/wp-content\/uploads\/2023\/07\/ripoll-marcelo-03.jpg?resize=768%2C427&amp;ssl=1 768w\" sizes=\"auto, (max-width: 800px) 100vw, 800px\" \/><\/p>\n<p>&nbsp;<\/p>\n<p><strong>\u00bfCu\u00e1les son las expectativas que tienen para las PASO?<\/strong><\/p>\n<p>Nosotros estamos muy entusiasmados, creemos que estamos ofreciendo una opci\u00f3n, estamos en una lista que est\u00e1 formada por docentes, por trabajadores de la salud, por amas de casa y trabajadores. Nosotros como partido siempre vamos por el honor, somos un partido chico y estamos haciendo una campa\u00f1a a pulm\u00f3n. Hace casi diez a\u00f1os que estoy militando y elecci\u00f3n a elecci\u00f3n vamos creciendo. La gente de a poco se va dando cuenta de que siempre est\u00e1n los mismo, te tocan el timbre de tu casa y ya estuvieron en la gesti\u00f3n, la gente les vuelve a plantear las mismas inquietudes que no cumplieron y que no van a cumplir. Hace falta en la Municipalidad una mirada que contemple a las trabajadoras, a la juventud y a las minor\u00edas.<\/p>\n<p>&nbsp;<\/p>\n<p><strong>\u00bfLa gran cantidad de precandidatos puede complicar el panorama?<\/strong><\/p>\n<p>Me parece muy interesante que la gente quiera participar. Notamos en la calle que la gente est\u00e1 muy muy enojada, desilusionada. Hay gente que nos dice que no va a votar hace a\u00f1os. Hay gente que nos dice que no va a ir votar. Creo que es interesante que la gente quiera participar como nosotros, que diga \u00bfqu\u00e9 tal si a esto lo arreglamos?. Estamos de acuerdo un una gesti\u00f3n que cuente con los vecinos, que ellos se puedan fortalecer en el barrio y tengan comunicaci\u00f3n con el Municipio.<\/p>\n","protected":false},"excerpt":{"rendered":"<p>El precandidato a intendente por el Frente de Izquierda habl\u00f3 con Central de Noticias sobre los ejes de campa\u00f1a, la<\/p>\n","protected":false},"author":5,"featured_media":90871,"comment_status":"closed","ping_status":"closed","sticky":false,"template":"","format":"standard","meta":{"_jetpack_memberships_contains_paid_content":false,"footnotes":""},"categories":[4,1],"tags":[],"class_list":["post-91070","post","type-post","status-publish","format-standard","has-post-thumbnail","hentry","category-politica","category-portada"],"jetpack_featured_media_url":"https:\/\/i0.wp.com\/cdnoticias.com\/wp-content\/uploads\/2023\/07\/ripoll-marcelo-01.jpg?fit=800%2C445&ssl=1","jetpack_sharing_enabled":true,"_links":{"self":[{"href":"https:\/\/cdnoticias.com\/index.php\/wp-json\/wp\/v2\/posts\/91070","targetHints":{"allow":["GET"]}}],"collection":[{"href":"https:\/\/cdnoticias.com\/index.php\/wp-json\/wp\/v2\/posts"}],"about":[{"href":"https:\/\/cdnoticias.com\/index.php\/wp-json\/wp\/v2\/types\/post"}],"author":[{"embeddable":true,"href":"https:\/\/cdnoticias.com\/index.php\/wp-json\/wp\/v2\/users\/5"}],"replies":[{"embeddable":true,"href":"https:\/\/cdnoticias.com\/index.php\/wp-json\/wp\/v2\/comments?post=91070"}],"version-history":[{"count":0,"href":"https:\/\/cdnoticias.com\/index.php\/wp-json\/wp\/v2\/posts\/91070\/revisions"}],"wp:featuredmedia":[{"embeddable":true,"href":"https:\/\/cdnoticias.com\/index.php\/wp-json\/wp\/v2\/media\/90871"}],"wp:attachment":[{"href":"https:\/\/cdnoticias.com\/index.php\/wp-json\/wp\/v2\/media?parent=91070"}],"wp:term":[{"taxonomy":"category","embeddable":true,"href":"https:\/\/cdnoticias.com\/index.php\/wp-json\/wp\/v2\/categories?post=91070"},{"taxonomy":"post_tag","embeddable":true,"href":"https:\/\/cdnoticias.com\/index.php\/wp-json\/wp\/v2\/tags?post=91070"}],"curies":[{"name":"wp","href":"https:\/\/api.w.org\/{rel}","templated":true}]}}