{"id":9107,"date":"2020-12-16T13:04:38","date_gmt":"2020-12-16T16:04:38","guid":{"rendered":"http:\/\/www.centraldenoticias.com.ar\/?p=9107"},"modified":"2020-12-16T14:44:08","modified_gmt":"2020-12-16T17:44:08","slug":"cortan-la-ruta-226-en-solidaridad-con-trabajadores-jujenos","status":"publish","type":"post","link":"https:\/\/cdnoticias.com\/index.php\/2020\/12\/16\/cortan-la-ruta-226-en-solidaridad-con-trabajadores-jujenos\/","title":{"rendered":"Cortan la Ruta 226 en solidaridad con trabajadores juje\u00f1os"},"content":{"rendered":"<p>&nbsp;<\/p>\n<p>La manifestaci\u00f3n es impulsada por la agrupaci\u00f3n 1 de Octubre y se lleva a cabo a la altura de Cerro Negro hasta las 16:00.<!--more--><\/p>\n<hr \/>\n<p>El movimiento \u201c1 de Octubre\u201d, que se encuentra dentro de la Corriente 1\u00b0 de Mayo Social y Sindical, convoc\u00f3 a una <strong>jornada de lucha en solidaridad de los trabajadores juje\u00f1os<\/strong>, m\u00e1s precisamente con empleados y obreros municipales que desde hace ya un tiempo llevan adelante una protesta que d\u00edas atr\u00e1s tuvo suma repercusi\u00f3n en nuestra ciudad a partir de la <a href=\"https:\/\/cdnoticias.com\/index.php\/2020\/12\/02\/fue-liberado-el-gremialista-olavarriense-nosotros-buscamos-la-solucion-salarial-no-una-respuesta-represiva\/\" target=\"_blank\" rel=\"noopener\">detenci\u00f3n de Santiago Seillant, referente gremial nacido en Olavarr\u00eda.<\/a><\/p>\n<p>&nbsp;<\/p>\n<p>De esta forma,<strong> desde la ma\u00f1ana de este mi\u00e9rcoles se lleva a cabo un corte sobre Ruta 226 a la altura del acceso a Cerro Negro.<\/strong> Manifestaciones similares fueron convocadas en Azul y Tandil desde la agrupaci\u00f3n 1 de Octubre.<\/p>\n<p>&nbsp;<\/p>\n<p><img data-recalc-dims=\"1\" loading=\"lazy\" decoding=\"async\" class=\"alignnone size-full wp-image-9110\" src=\"https:\/\/i0.wp.com\/cdnoticias.com\/wp-content\/uploads\/2020\/12\/corteruta04.jpg?resize=800%2C600&#038;ssl=1\" alt=\"\" width=\"800\" height=\"600\" srcset=\"https:\/\/i0.wp.com\/cdnoticias.com\/wp-content\/uploads\/2020\/12\/corteruta04.jpg?w=1152&amp;ssl=1 1152w, https:\/\/i0.wp.com\/cdnoticias.com\/wp-content\/uploads\/2020\/12\/corteruta04.jpg?resize=300%2C225&amp;ssl=1 300w, https:\/\/i0.wp.com\/cdnoticias.com\/wp-content\/uploads\/2020\/12\/corteruta04.jpg?resize=768%2C576&amp;ssl=1 768w, https:\/\/i0.wp.com\/cdnoticias.com\/wp-content\/uploads\/2020\/12\/corteruta04.jpg?resize=1024%2C768&amp;ssl=1 1024w\" sizes=\"auto, (max-width: 800px) 100vw, 800px\" \/><\/p>\n<p>&nbsp;<\/p>\n<p><img data-recalc-dims=\"1\" loading=\"lazy\" decoding=\"async\" class=\"alignnone size-full wp-image-9111\" src=\"https:\/\/i0.wp.com\/cdnoticias.com\/wp-content\/uploads\/2020\/12\/corteruta03.jpg?resize=800%2C600&#038;ssl=1\" alt=\"\" width=\"800\" height=\"600\" srcset=\"https:\/\/i0.wp.com\/cdnoticias.com\/wp-content\/uploads\/2020\/12\/corteruta03.jpg?w=1152&amp;ssl=1 1152w, https:\/\/i0.wp.com\/cdnoticias.com\/wp-content\/uploads\/2020\/12\/corteruta03.jpg?resize=300%2C225&amp;ssl=1 300w, https:\/\/i0.wp.com\/cdnoticias.com\/wp-content\/uploads\/2020\/12\/corteruta03.jpg?resize=768%2C576&amp;ssl=1 768w, https:\/\/i0.wp.com\/cdnoticias.com\/wp-content\/uploads\/2020\/12\/corteruta03.jpg?resize=1024%2C768&amp;ssl=1 1024w\" sizes=\"auto, (max-width: 800px) 100vw, 800px\" \/><\/p>\n<p>&nbsp;<\/p>\n<p>Alrededor de 25 personas se concentraron en el sector y procedieron a cortar un carril de la ruta. En el lugar, se encuentran Gendarmer\u00eda y efectivos policiales.<\/p>\n<p>&nbsp;<\/p>\n<p><img data-recalc-dims=\"1\" loading=\"lazy\" decoding=\"async\" class=\"alignnone size-full wp-image-9112\" src=\"https:\/\/i0.wp.com\/cdnoticias.com\/wp-content\/uploads\/2020\/12\/corteruta02.jpg?resize=800%2C600&#038;ssl=1\" alt=\"\" width=\"800\" height=\"600\" srcset=\"https:\/\/i0.wp.com\/cdnoticias.com\/wp-content\/uploads\/2020\/12\/corteruta02.jpg?w=1152&amp;ssl=1 1152w, https:\/\/i0.wp.com\/cdnoticias.com\/wp-content\/uploads\/2020\/12\/corteruta02.jpg?resize=300%2C225&amp;ssl=1 300w, https:\/\/i0.wp.com\/cdnoticias.com\/wp-content\/uploads\/2020\/12\/corteruta02.jpg?resize=768%2C576&amp;ssl=1 768w, https:\/\/i0.wp.com\/cdnoticias.com\/wp-content\/uploads\/2020\/12\/corteruta02.jpg?resize=1024%2C768&amp;ssl=1 1024w\" sizes=\"auto, (max-width: 800px) 100vw, 800px\" \/><\/p>\n<p>&nbsp;<\/p>\n<p>Seg\u00fan indicaron, los referentes de la agrupaci\u00f3n a Central de Noticias, <strong>permanecer\u00e1n en el lugar hasta las 16:00<\/strong>, y destacaron la realizaci\u00f3n pacifica de la protesta.<\/p>\n<p>&nbsp;<\/p>\n<p>&nbsp;<\/p>\n","protected":false},"excerpt":{"rendered":"<p>&nbsp; La manifestaci\u00f3n es impulsada por la agrupaci\u00f3n 1 de Octubre y se lleva a cabo a la altura de<\/p>\n","protected":false},"author":2,"featured_media":9108,"comment_status":"closed","ping_status":"closed","sticky":false,"template":"","format":"standard","meta":{"_jetpack_memberships_contains_paid_content":false,"footnotes":""},"categories":[5,1],"tags":[],"class_list":["post-9107","post","type-post","status-publish","format-standard","has-post-thumbnail","hentry","category-informacion-general","category-portada"],"jetpack_featured_media_url":"https:\/\/i0.wp.com\/cdnoticias.com\/wp-content\/uploads\/2020\/12\/corteruta06.jpg?fit=1152%2C864&ssl=1","jetpack_sharing_enabled":true,"_links":{"self":[{"href":"https:\/\/cdnoticias.com\/index.php\/wp-json\/wp\/v2\/posts\/9107","targetHints":{"allow":["GET"]}}],"collection":[{"href":"https:\/\/cdnoticias.com\/index.php\/wp-json\/wp\/v2\/posts"}],"about":[{"href":"https:\/\/cdnoticias.com\/index.php\/wp-json\/wp\/v2\/types\/post"}],"author":[{"embeddable":true,"href":"https:\/\/cdnoticias.com\/index.php\/wp-json\/wp\/v2\/users\/2"}],"replies":[{"embeddable":true,"href":"https:\/\/cdnoticias.com\/index.php\/wp-json\/wp\/v2\/comments?post=9107"}],"version-history":[{"count":0,"href":"https:\/\/cdnoticias.com\/index.php\/wp-json\/wp\/v2\/posts\/9107\/revisions"}],"wp:featuredmedia":[{"embeddable":true,"href":"https:\/\/cdnoticias.com\/index.php\/wp-json\/wp\/v2\/media\/9108"}],"wp:attachment":[{"href":"https:\/\/cdnoticias.com\/index.php\/wp-json\/wp\/v2\/media?parent=9107"}],"wp:term":[{"taxonomy":"category","embeddable":true,"href":"https:\/\/cdnoticias.com\/index.php\/wp-json\/wp\/v2\/categories?post=9107"},{"taxonomy":"post_tag","embeddable":true,"href":"https:\/\/cdnoticias.com\/index.php\/wp-json\/wp\/v2\/tags?post=9107"}],"curies":[{"name":"wp","href":"https:\/\/api.w.org\/{rel}","templated":true}]}}