{"id":91002,"date":"2023-07-23T08:31:13","date_gmt":"2023-07-23T11:31:13","guid":{"rendered":"https:\/\/www.centraldenoticias.com.ar\/?p=91002"},"modified":"2023-07-23T08:31:13","modified_gmt":"2023-07-23T11:31:13","slug":"mario-oscar-pietrasanta-mariota-q-e-p-d","status":"publish","type":"post","link":"https:\/\/cdnoticias.com\/index.php\/2023\/07\/23\/mario-oscar-pietrasanta-mariota-q-e-p-d\/","title":{"rendered":"Mario Oscar Pietrasanta \u201cMariota\u201d (Q.E.P.D.)"},"content":{"rendered":"<p>Falleci\u00f3 en Olavarr\u00eda el 22 de julio de 2023 a los 81 a\u00f1os de edad. Su esposa Lydia G\u00f3mez sus hijos Luis, Paulo y Julio Pietrasanta; sus hijas pol\u00edticas Marcela Denovile, Mar\u00eda Magdalena Milia. Sus nietos Florencia, Martina, Roc\u00edo, Luca y Micaela Pietrasanta; sus nietos pol\u00edticos Antonio Adala y Aldo Alveza; sus bisnietos Bautista y Catalina; sus sobrinos y dem\u00e1s deudos participan su fallecimiento.<\/p>\n<p>&nbsp;<\/p>\n<p>Sus restos ser\u00e1n velados en Espa\u00f1a 2942 departamento &#8220;C&#8221; este domingo hasta las 15:00 y ser\u00e1n cremados en el crematorio Pinos de Paz, en d\u00eda y horario a confirmar, previo responso en la capilla ardiente. Servicio adherido a Coopelectric. Vecino de barrio Obrero. Nacido en Puan. Jubilado ferroviario.<\/p>\n","protected":false},"excerpt":{"rendered":"<p>Falleci\u00f3 en Olavarr\u00eda el 22 de julio de 2023 a los 81 a\u00f1os de edad. Su esposa Lydia G\u00f3mez sus<\/p>\n","protected":false},"author":2,"featured_media":67646,"comment_status":"closed","ping_status":"closed","sticky":false,"template":"","format":"standard","meta":{"_jetpack_memberships_contains_paid_content":false,"footnotes":""},"categories":[10],"tags":[],"class_list":["post-91002","post","type-post","status-publish","format-standard","has-post-thumbnail","hentry","category-necrologicas"],"jetpack_featured_media_url":"https:\/\/i0.wp.com\/cdnoticias.com\/wp-content\/uploads\/2022\/10\/necrologicas-390-x-240.jpg?fit=390%2C240&ssl=1","jetpack_sharing_enabled":true,"_links":{"self":[{"href":"https:\/\/cdnoticias.com\/index.php\/wp-json\/wp\/v2\/posts\/91002","targetHints":{"allow":["GET"]}}],"collection":[{"href":"https:\/\/cdnoticias.com\/index.php\/wp-json\/wp\/v2\/posts"}],"about":[{"href":"https:\/\/cdnoticias.com\/index.php\/wp-json\/wp\/v2\/types\/post"}],"author":[{"embeddable":true,"href":"https:\/\/cdnoticias.com\/index.php\/wp-json\/wp\/v2\/users\/2"}],"replies":[{"embeddable":true,"href":"https:\/\/cdnoticias.com\/index.php\/wp-json\/wp\/v2\/comments?post=91002"}],"version-history":[{"count":0,"href":"https:\/\/cdnoticias.com\/index.php\/wp-json\/wp\/v2\/posts\/91002\/revisions"}],"wp:featuredmedia":[{"embeddable":true,"href":"https:\/\/cdnoticias.com\/index.php\/wp-json\/wp\/v2\/media\/67646"}],"wp:attachment":[{"href":"https:\/\/cdnoticias.com\/index.php\/wp-json\/wp\/v2\/media?parent=91002"}],"wp:term":[{"taxonomy":"category","embeddable":true,"href":"https:\/\/cdnoticias.com\/index.php\/wp-json\/wp\/v2\/categories?post=91002"},{"taxonomy":"post_tag","embeddable":true,"href":"https:\/\/cdnoticias.com\/index.php\/wp-json\/wp\/v2\/tags?post=91002"}],"curies":[{"name":"wp","href":"https:\/\/api.w.org\/{rel}","templated":true}]}}