{"id":90899,"date":"2023-07-21T19:18:28","date_gmt":"2023-07-21T22:18:28","guid":{"rendered":"https:\/\/www.centraldenoticias.com.ar\/?p=90899"},"modified":"2023-07-21T19:18:28","modified_gmt":"2023-07-21T22:18:28","slug":"los-charros-presentes-en-la-cena-y-baile-de-bomberos-voluntarios-de-olavarria","status":"publish","type":"post","link":"https:\/\/cdnoticias.com\/index.php\/2023\/07\/21\/los-charros-presentes-en-la-cena-y-baile-de-bomberos-voluntarios-de-olavarria\/","title":{"rendered":"Los Charros presentes en la Cena y Baile de Bomberos Voluntarios de Olavarr\u00eda"},"content":{"rendered":"<p>El funcionario de Anses y precandidato a Intendente, Maximiliano Wesner, en trabajo conjunto con el Instituto Cultural de la Provincia de Buenos Aires, confirm\u00f3 la presencia de la banda musical el pr\u00f3ximo 5 de agosto en el CEMO. <!--more--><\/p>\n<hr \/>\n<p>Este viernes, el Presidente de la asociaci\u00f3n<strong> Hugo Fayan\u00e1s<\/strong> junto al titular de ANSES <strong>Maximiliano Wesner<\/strong> mantuvieron una reuni\u00f3n que tuvo como eje central dialogar sobre los <strong>espect\u00e1culos culturales en la fiesta anual de la instituci\u00f3n.<\/strong><\/p>\n<p>&nbsp;<\/p>\n<p>Maximiliano Wesner, en un trabajo junto al Instituto Cultural de la Provincia de Buenos Aires,<strong> confirm\u00f3 la presencia de la banda musical Los Charros<\/strong> en la fiesta que se llevar\u00e1 a cabo el pr\u00f3ximo <strong>5 de agosto en el CEMO<\/strong> con 1000 personas presentes.<\/p>\n<p>&nbsp;<\/p>\n<p>Los Charros es un grupo musical de<strong> cumbia argentina,<\/strong> que se dedica a hacer reversiones en ritmo de cumbia de canciones populares, contando con hits como <em>&#8220;Amores como el nuestro&#8221;, &#8220;Como dejar de amarte&#8221;, &#8220;Pero no puedo&#8221;<\/em>, entre otros.<\/p>\n<p>&nbsp;<\/p>\n<p>Adem\u00e1s, durante la fiesta estar\u00e1n presentes una banda local, DJ y se realizar\u00e1 el despliegue de un desfile de modas. Con la compra de la entrada, se participa por una estad\u00eda y <strong>viaje todo pago con destino a Puerto Iguaz\u00fa<\/strong>. Las entradas pueden comprarse en la Gerencia del Cuartel Central de Bomberos Voluntarios de Olavarr\u00eda a $6000 por persona.<\/p>\n","protected":false},"excerpt":{"rendered":"<p>El funcionario de Anses y precandidato a Intendente, Maximiliano Wesner, en trabajo conjunto con el Instituto Cultural de la Provincia<\/p>\n","protected":false},"author":6,"featured_media":90900,"comment_status":"closed","ping_status":"closed","sticky":false,"template":"","format":"standard","meta":{"_jetpack_memberships_contains_paid_content":false,"footnotes":""},"categories":[5,1],"tags":[],"class_list":["post-90899","post","type-post","status-publish","format-standard","has-post-thumbnail","hentry","category-informacion-general","category-portada"],"jetpack_featured_media_url":"https:\/\/i0.wp.com\/cdnoticias.com\/wp-content\/uploads\/2023\/07\/El-Presidente-de-la-asociacion-Hugo-Fayanas-junto-al-Director-de-ANSES-Maxi-Wesner.jpeg?fit=1024%2C758&ssl=1","jetpack_sharing_enabled":true,"_links":{"self":[{"href":"https:\/\/cdnoticias.com\/index.php\/wp-json\/wp\/v2\/posts\/90899","targetHints":{"allow":["GET"]}}],"collection":[{"href":"https:\/\/cdnoticias.com\/index.php\/wp-json\/wp\/v2\/posts"}],"about":[{"href":"https:\/\/cdnoticias.com\/index.php\/wp-json\/wp\/v2\/types\/post"}],"author":[{"embeddable":true,"href":"https:\/\/cdnoticias.com\/index.php\/wp-json\/wp\/v2\/users\/6"}],"replies":[{"embeddable":true,"href":"https:\/\/cdnoticias.com\/index.php\/wp-json\/wp\/v2\/comments?post=90899"}],"version-history":[{"count":0,"href":"https:\/\/cdnoticias.com\/index.php\/wp-json\/wp\/v2\/posts\/90899\/revisions"}],"wp:featuredmedia":[{"embeddable":true,"href":"https:\/\/cdnoticias.com\/index.php\/wp-json\/wp\/v2\/media\/90900"}],"wp:attachment":[{"href":"https:\/\/cdnoticias.com\/index.php\/wp-json\/wp\/v2\/media?parent=90899"}],"wp:term":[{"taxonomy":"category","embeddable":true,"href":"https:\/\/cdnoticias.com\/index.php\/wp-json\/wp\/v2\/categories?post=90899"},{"taxonomy":"post_tag","embeddable":true,"href":"https:\/\/cdnoticias.com\/index.php\/wp-json\/wp\/v2\/tags?post=90899"}],"curies":[{"name":"wp","href":"https:\/\/api.w.org\/{rel}","templated":true}]}}