{"id":90887,"date":"2023-07-21T19:00:05","date_gmt":"2023-07-21T22:00:05","guid":{"rendered":"https:\/\/www.centraldenoticias.com.ar\/?p=90887"},"modified":"2023-07-21T19:58:32","modified_gmt":"2023-07-21T22:58:32","slug":"ezequiel-galli-estamos-entrando-al-peor-de-los-mundos-que-es-una-estanflacion","status":"publish","type":"post","link":"https:\/\/cdnoticias.com\/index.php\/2023\/07\/21\/ezequiel-galli-estamos-entrando-al-peor-de-los-mundos-que-es-una-estanflacion\/","title":{"rendered":"Ezequiel Galli: \u201cEstamos entrando al peor de los mundos que es una estanflaci\u00f3n\u201d"},"content":{"rendered":"<p>El jefe comunal se refiri\u00f3 a la situaci\u00f3n econ\u00f3mica y al impacto en las arcas municipales. \u201cLa curva de ingreso no acompa\u00f1a la inflaci\u00f3n\u201d dijo. Cr\u00edticas a Massa y Alberto Fern\u00e1ndez.<\/p>\n<p><!--more--><\/p>\n<hr \/>\n<p>En el marco de la <a href=\"https:\/\/cdnoticias.com\/index.php\/2023\/07\/21\/el-instituto-de-educacion-fisica-cerca-del-final-de-obra\/\" target=\"_blank\" rel=\"noopener\">recorrida por el edificio del ISFD N\u00ba 47, pr\u00f3ximo a terminarse<\/a> y construido con fondos municipales, <strong>el intendente Ezequiel Galli fue consultado por el avance de las obras p\u00fablicas<\/strong> y el impacto de la inflaci\u00f3n en las arcas p\u00fablicas.<\/p>\n<p>&nbsp;<\/p>\n<blockquote><p>Respecto de las obras iniciadas en lo que va del a\u00f1o, el jefe comunal respondi\u00f3 que \u201cvenimos bien, con un ritmo de obras interesante, pero con complicaciones, readecuaciones de costos obviamente. Una inflaci\u00f3n que se celebra que es del 6% y no del 8.\u00a0El 6% te complica mucho la obra, en costos laborales, costos de materiales\u201d. En ese sentido, coment\u00f3 que la Municipalidad entrega un anticipo financiero del 30% de la adjudicaci\u00f3n en cada obra y con esos fondos las empresas \u201ccongelan costos de materiales\u201d.<\/p><\/blockquote>\n<p>&nbsp;<\/p>\n<p>Luego <strong>repas\u00f3 las obras en marcha<\/strong>: \u201crecorr\u00ed ayer el <a href=\"https:\/\/cdnoticias.com\/index.php\/2023\/07\/20\/ezequiel-galli-en-la-obra-del-caps-no-7-del-barrio-independencia\/\" target=\"_blank\" rel=\"noopener\">Centro de Atenci\u00f3n Primaria N\u00ba 7<\/a> que marcha muy bien, las obras en Colonia Hinojo para hacer un loteo de 74 lotes para vender a los vecinos de la localidad, la tercera planta del Hospital \u00b4H\u00e9ctor Cura\u201d en cl\u00ednica m\u00e9dica que va a ser un aumento de camas tambi\u00e9n. As\u00ed que venimos con un buen ritmo y en materia educativa ni hablar. Tenemos el Instituto que est\u00e1 a punto de ser finalizado, la Escuela 58 que la estamos ampliando con cuatro aulas nuevas. El equipo de Obras P\u00fablicas la verdad que hace un laburo enorme, no solamente con el llevar adelante el control de la obra, sino tambi\u00e9n con el proyecto que es lo m\u00e1s importante. <strong>Hoy tenemos un gran ritmo de obras gracias a que el equipo trabaja a destajo\u201d<\/strong>. Tuvo en cuenta que <em>\u201calgunas son con fondos municipales, otras son con el fondo que se llama Municipios a la Obra lo que era antes el FIM\u201d<\/em>.<\/p>\n<p>&nbsp;<\/p>\n<h2>La econom\u00eda<\/h2>\n<p>&nbsp;<\/p>\n<p>En varios pasajes de la entrevista con los medios locales, Galli se refiri\u00f3 a las <strong>\u201credeterminaciones de precios\u201d en las obras p\u00fablicas<\/strong>. Consultado sobre la relaci\u00f3n de ese aspecto con el resultado deficitario del primer semestre, indic\u00f3 que<strong> \u201cparte del d\u00e9ficit tiene que ver con eso. Las obras de \u00b4Municipios a la Obra\u00b4 no tienen ajustes por inflaci\u00f3n, que fue lo que pas\u00f3 el a\u00f1o pasado<\/strong>. Ten\u00edan que entrar los fondos en enero del 2022 y terminaron de pagar en enero del 2023. Un a\u00f1o despu\u00e9s, 120% de inflaci\u00f3n. <strong>Ese 120% extra lo tuvieron que pagar todos los vecinos de Olavarr\u00eda<\/strong>. Y no es algo que est\u00e9 presupuestado\u201d.<\/p>\n<p>&nbsp;<\/p>\n<p><em>\u201cCuando ten\u00e9s una inflaci\u00f3n como la que tenemos hoy, gracias al candidato a presidente Sergio Massa -en parte- y gracias a no tener un plan econ\u00f3mico, como dijo Alberto (Fern\u00e1ndez) que no cre\u00eda en los planes econ\u00f3mico<\/em>s, hoy tenemos la econom\u00eda que tenemos. Ese desfasaje econ\u00f3mico obviamente, bueno lo ten\u00e9s presupuestado y ten\u00e9s <strong>una curva de inflaci\u00f3n que supera a la curva de ingresos\u201d<\/strong> a\u00f1adi\u00f3 Galli.<\/p>\n<p>&nbsp;<\/p>\n<blockquote><p>Respecto de los ingresos que percibe el Municipio el intendente sostuvo que no crecen al ritmo de la inflaci\u00f3n. \u201cLa curva de ingreso viene tibia, tranquilita, no acompa\u00f1a la inflaci\u00f3n, la coparticipaci\u00f3n, como deber\u00eda hacerlo. En parte por una decisi\u00f3n pol\u00edtica, supongo. Y en parte tambi\u00e9n, porque la econom\u00eda est\u00e1 retray\u00e9ndose estamos entrando en una recesi\u00f3n, estamos entrando al peor de los mundos que es una estanflaci\u00f3n. Empresas que no producen porque no les conviene, gente que no consume porque no sabe cu\u00e1nto va a valer lo que tiene que comprar. Estamos realmente en un panorama complejo\u201d.<\/p><\/blockquote>\n<p>&nbsp;<\/p>\n<p>En el cierre de su respuesta, Galli se refiri\u00f3 al futuro y al contexto electoral: \u201cel 10 de diciembre, dios mediante y con una elecci\u00f3n de por medio, celebrando 40 a\u00f1os democracia,<strong> tendremos un nuevo gobierno que realmente le preocupe que haya un plan econ\u00f3mico<\/strong>, que los vecinos puedan llegar a fin de mes como corresponde y que los trabajadores no sean pobres como ha logrado este gobierno\u201d.<\/p>\n<p>&nbsp;<\/p>\n<blockquote class=\"wp-embedded-content\" data-secret=\"Mm8bBpgDvC\"><p><a href=\"https:\/\/cdnoticias.com\/index.php\/2023\/07\/21\/el-instituto-de-educacion-fisica-cerca-del-final-de-obra\/\">El Instituto de Educaci\u00f3n F\u00edsica, cerca del final de obra<\/a><\/p><\/blockquote>\n<p><iframe loading=\"lazy\" class=\"wp-embedded-content\" sandbox=\"allow-scripts\" security=\"restricted\" style=\"position: absolute; clip: rect(1px, 1px, 1px, 1px);\" title=\"&#8220;El Instituto de Educaci\u00f3n F\u00edsica, cerca del final de obra&#8221; &#8212; Central de Noticias | Olavarr\u00eda\" src=\"https:\/\/cdnoticias.com\/index.php\/2023\/07\/21\/el-instituto-de-educacion-fisica-cerca-del-final-de-obra\/embed\/#?secret=XcQWhObtMX#?secret=Mm8bBpgDvC\" data-secret=\"Mm8bBpgDvC\" width=\"600\" height=\"338\" frameborder=\"0\" marginwidth=\"0\" marginheight=\"0\" scrolling=\"no\"><\/iframe><\/p>\n<p>&nbsp;<\/p>\n","protected":false},"excerpt":{"rendered":"<p>El jefe comunal se refiri\u00f3 a la situaci\u00f3n econ\u00f3mica y al impacto en las arcas municipales. \u201cLa curva de ingreso<\/p>\n","protected":false},"author":4,"featured_media":90879,"comment_status":"closed","ping_status":"closed","sticky":false,"template":"","format":"standard","meta":{"_jetpack_memberships_contains_paid_content":false,"footnotes":""},"categories":[4,1],"tags":[],"class_list":["post-90887","post","type-post","status-publish","format-standard","has-post-thumbnail","hentry","category-politica","category-portada"],"jetpack_featured_media_url":"https:\/\/i0.wp.com\/cdnoticias.com\/wp-content\/uploads\/2023\/07\/galli-educacion-fisica-02.jpg?fit=800%2C445&ssl=1","jetpack_sharing_enabled":true,"_links":{"self":[{"href":"https:\/\/cdnoticias.com\/index.php\/wp-json\/wp\/v2\/posts\/90887","targetHints":{"allow":["GET"]}}],"collection":[{"href":"https:\/\/cdnoticias.com\/index.php\/wp-json\/wp\/v2\/posts"}],"about":[{"href":"https:\/\/cdnoticias.com\/index.php\/wp-json\/wp\/v2\/types\/post"}],"author":[{"embeddable":true,"href":"https:\/\/cdnoticias.com\/index.php\/wp-json\/wp\/v2\/users\/4"}],"replies":[{"embeddable":true,"href":"https:\/\/cdnoticias.com\/index.php\/wp-json\/wp\/v2\/comments?post=90887"}],"version-history":[{"count":0,"href":"https:\/\/cdnoticias.com\/index.php\/wp-json\/wp\/v2\/posts\/90887\/revisions"}],"wp:featuredmedia":[{"embeddable":true,"href":"https:\/\/cdnoticias.com\/index.php\/wp-json\/wp\/v2\/media\/90879"}],"wp:attachment":[{"href":"https:\/\/cdnoticias.com\/index.php\/wp-json\/wp\/v2\/media?parent=90887"}],"wp:term":[{"taxonomy":"category","embeddable":true,"href":"https:\/\/cdnoticias.com\/index.php\/wp-json\/wp\/v2\/categories?post=90887"},{"taxonomy":"post_tag","embeddable":true,"href":"https:\/\/cdnoticias.com\/index.php\/wp-json\/wp\/v2\/tags?post=90887"}],"curies":[{"name":"wp","href":"https:\/\/api.w.org\/{rel}","templated":true}]}}