{"id":90866,"date":"2023-07-21T10:08:36","date_gmt":"2023-07-21T13:08:36","guid":{"rendered":"https:\/\/www.centraldenoticias.com.ar\/?p=90866"},"modified":"2023-07-21T12:51:55","modified_gmt":"2023-07-21T15:51:55","slug":"este-viernes-comienza-la-feria-de-salud-arte-y-deporte","status":"publish","type":"post","link":"https:\/\/cdnoticias.com\/index.php\/2023\/07\/21\/este-viernes-comienza-la-feria-de-salud-arte-y-deporte\/","title":{"rendered":"Este viernes comienza la Feria de Salud, Arte y Deporte"},"content":{"rendered":"<p>Se llevar\u00e1 a cabo durante esta jornada y el s\u00e1bado en el Centro Cultural Municipal \u201cSan Jos\u00e9\u201d y el Paseo de la Salud. Habr\u00e1 cortes de tr\u00e1nsito.<!--more--><\/p>\n<hr \/>\n<p>Durante este viernes 21 y s\u00e1bado 22 de julio se llevar\u00e1 a cabo en el <strong>Centro Cultural Municipal \u201cSan Jos\u00e9\u201d y Paseo de la Salud,<\/strong> la Feria de Salud, Arte y Deporte. El evento se desarrollar\u00e1 este viernes en el horario de 12:30 a 17:00 y s\u00e1bado de 10:00 a 14:00.<\/p>\n<p>&nbsp;<\/p>\n<p>La jornada interdisciplinaria, es organizada por la Secretar\u00eda de Salud de Municipalidad de Olavarr\u00eda, con la participaci\u00f3n de las Secretar\u00edas de Desarrollo Humano y Calidad de Vida y de Desarrollo Econ\u00f3mico.<\/p>\n<p>&nbsp;<\/p>\n<blockquote><p>Se desarrollar\u00e1n controles de salud integral para ni\u00f1os y ni\u00f1as entre 3 y 19 a\u00f1os, en un \u00e1mbito amigable, rodeado de arte y propuestas culturales, fomentando el deporte y los buenos h\u00e1bitos.<\/p><\/blockquote>\n<p>&nbsp;<\/p>\n<p>Adem\u00e1s, se inform\u00f3 que desde esta madrugada se dispuso un <strong>vallado especial en inmediaciones del lugar<\/strong>, por lo cual <strong>el tr\u00e1nsito se encuentra interrumpido<\/strong> en dicho sector, debido a la gran convocatoria del evento.<\/p>\n<p>&nbsp;<\/p>\n<p>Tal como se comunic\u00f3 desde la organizaci\u00f3n, el corte de tr\u00e1nsito comprende las intersecciones de las calles <strong>Belgrano y Riobamba y Dorrego y Cerrito.<\/strong><\/p>\n","protected":false},"excerpt":{"rendered":"<p>Se llevar\u00e1 a cabo durante esta jornada y el s\u00e1bado en el Centro Cultural Municipal \u201cSan Jos\u00e9\u201d y el Paseo<\/p>\n","protected":false},"author":5,"featured_media":82482,"comment_status":"closed","ping_status":"closed","sticky":false,"template":"","format":"standard","meta":{"_jetpack_memberships_contains_paid_content":false,"footnotes":""},"categories":[5,1],"tags":[],"class_list":["post-90866","post","type-post","status-publish","format-standard","has-post-thumbnail","hentry","category-informacion-general","category-portada"],"jetpack_featured_media_url":"https:\/\/i0.wp.com\/cdnoticias.com\/wp-content\/uploads\/2023\/04\/paseo-de-la-salud-02.jpg?fit=800%2C445&ssl=1","jetpack_sharing_enabled":true,"_links":{"self":[{"href":"https:\/\/cdnoticias.com\/index.php\/wp-json\/wp\/v2\/posts\/90866","targetHints":{"allow":["GET"]}}],"collection":[{"href":"https:\/\/cdnoticias.com\/index.php\/wp-json\/wp\/v2\/posts"}],"about":[{"href":"https:\/\/cdnoticias.com\/index.php\/wp-json\/wp\/v2\/types\/post"}],"author":[{"embeddable":true,"href":"https:\/\/cdnoticias.com\/index.php\/wp-json\/wp\/v2\/users\/5"}],"replies":[{"embeddable":true,"href":"https:\/\/cdnoticias.com\/index.php\/wp-json\/wp\/v2\/comments?post=90866"}],"version-history":[{"count":0,"href":"https:\/\/cdnoticias.com\/index.php\/wp-json\/wp\/v2\/posts\/90866\/revisions"}],"wp:featuredmedia":[{"embeddable":true,"href":"https:\/\/cdnoticias.com\/index.php\/wp-json\/wp\/v2\/media\/82482"}],"wp:attachment":[{"href":"https:\/\/cdnoticias.com\/index.php\/wp-json\/wp\/v2\/media?parent=90866"}],"wp:term":[{"taxonomy":"category","embeddable":true,"href":"https:\/\/cdnoticias.com\/index.php\/wp-json\/wp\/v2\/categories?post=90866"},{"taxonomy":"post_tag","embeddable":true,"href":"https:\/\/cdnoticias.com\/index.php\/wp-json\/wp\/v2\/tags?post=90866"}],"curies":[{"name":"wp","href":"https:\/\/api.w.org\/{rel}","templated":true}]}}