{"id":90859,"date":"2023-07-21T08:43:34","date_gmt":"2023-07-21T11:43:34","guid":{"rendered":"https:\/\/www.centraldenoticias.com.ar\/?p=90859"},"modified":"2023-07-21T08:43:34","modified_gmt":"2023-07-21T11:43:34","slug":"estoy-segura-que-con-la-candidatura-de-sergio-massa-up-va-a-llegar-primero-en-las-paso","status":"publish","type":"post","link":"https:\/\/cdnoticias.com\/index.php\/2023\/07\/21\/estoy-segura-que-con-la-candidatura-de-sergio-massa-up-va-a-llegar-primero-en-las-paso\/","title":{"rendered":"&#8220;Estoy segura que con la candidatura de Sergio Massa, UP va a llegar primero en las PASO\u201d"},"content":{"rendered":"<p>Lo asegur\u00f3 la presidenta de la C\u00e1mara de Diputados, Cecilia Moreau. Pidi\u00f3 a la ciudadan\u00eda &#8220;que conf\u00ede en Sergio, en Cristina y en Axel&#8221;. <!--more--><\/p>\n<hr \/>\n<p>La <strong>presidenta de la C\u00e1mara de Diputados, Cecilia Moreau<\/strong>, asegur\u00f3 que <strong>\u201ccon la candidatura de Sergio Massa, Uni\u00f3n por la Patria va a llegar primero en las PASO\u201d<\/strong> y agreg\u00f3 que \u201ctenemos que pedirle a cada compa\u00f1ero, a cada argentino y argentina que vote, que participe y que hable m\u00e1s con su familia, que le explique a aquellos que no lo vivieron lo que significa el neoliberalismo en la Argentina\u201d.<\/p>\n<p>&nbsp;<\/p>\n<p>Adem\u00e1s, pidi\u00f3 a la ciudadan\u00eda \u201c<strong>que conf\u00ede en Sergio, en Cristina y en Axel, as\u00ed como en cada uno de nuestros candidatos a intendentes, para quienes somos bonaerenses.<\/strong> Nunca vamos a hacer nada que le haga da\u00f1o a la gente; sabemos que la inflaci\u00f3n es un problema y estamos tratando de contenerla\u201d.<\/p>\n<p>&nbsp;<\/p>\n<p>\u201cDe la oposici\u00f3n veo que van a terminar confluyendo juntos en un esquema de gobierno donde el objetivo es el mismo: dinamitar lo que se hizo. Hablamos de YPF, de Aerol\u00edneas, de los jubilados. A la Argentina no le conviene que ninguno de ellos gobierne\u201d, dijo y manifest\u00f3 que \u201cen estas elecciones est\u00e1 en juego dos modelos de pa\u00eds: uno que propone futuro con desarrollo y crecimiento y enfrente el ajuste y endeudamiento\u201d.<\/p>\n<p>&nbsp;<\/p>\n<blockquote><p>Asimismo, asegur\u00f3 que \u201cSergio Massa trabaja para que la revisi\u00f3n con el FMI no signifique m\u00e1s empobrecimiento al pueblo argentino\u201d y agreg\u00f3 que \u201cle toc\u00f3 el lugar m\u00e1s dif\u00edcil, no ser el candidato a Presidente, sino el de Ministro de Econom\u00eda, una tarea que lo tiene ocupado los siete d\u00edas de la semana para llevarle soluciones a los argentinos\u201d.<\/p><\/blockquote>\n<p>&nbsp;<\/p>\n<p>En declaraciones radiales, la titular de la C\u00e1mara baja se\u00f1al\u00f3 que \u201cmilito hace muchos a\u00f1os con Massa y si hay algo que lo caracteriz\u00f3 es el dialogo y el respeto a la fuerza pol\u00edtica a la que representa\u201d y expres\u00f3 que <strong>\u201cSergio no se corta solo, viene construyendo con Cristina, M\u00e1ximo, Wado, entre otros, alternativas para fortalecer el pa\u00eds\u201d.<\/strong><\/p>\n<p>&nbsp;<\/p>\n<p>En ese sentido, <strong>destac\u00f3 el rol de M\u00e1ximo Kirchner<\/strong> y subray\u00f3 que \u201csino fuera por \u00e9l no existir\u00eda el Frente de Todos y no hubi\u00e9ramos vuelto al gobierno\u201d y aclar\u00f3 que \u201cestaba construyendo junto a Sergio Massa una alternativa de gobierno para ganarle al macrismo\u201d.<\/p>\n<p>&nbsp;<\/p>\n<p>Consultada sobre una posible devaluaci\u00f3n que pedir\u00eda el Fondo Monetario, asever\u00f3 que \u201ctengo en claro que Sergio est\u00e1 trabajando, hace much\u00edsimo tiempo, junto a otros actores de nuestro espacio pol\u00edtico, redefiniendo objetivos para que la revisi\u00f3n del acuerdo no signifique m\u00e1s empobrecimiento para el pueblo argentino, porque est\u00e1 claro que<strong> las devaluaciones las pagan los sectores m\u00e1s pobres<\/strong>\u201d.<\/p>\n<p>&nbsp;<\/p>\n<p><strong>\u201cNo hay ning\u00fan acuerdo que sea m\u00e1s importante que la calidad de vida de la gente, de los trabajadores\u201d<\/strong>, dijo y enfatiz\u00f3 que el titular de Econom\u00eda \u201cest\u00e1 tratando de construir un proceso de ordenamiento macroecon\u00f3mico y esta reducci\u00f3n muy peque\u00f1a, pero certera para combatir la inflaci\u00f3n que se viene dando y sin ceder en todo este tiempo nunca a quien quer\u00edan devaluar la moneda porque sabemos que las devaluaciones la pagan los sectores populares y nuestro compromiso est\u00e1 ah\u00ed\u201d.<\/p>\n<p>&nbsp;<\/p>\n<p>Por \u00faltimo, Moreau afirm\u00f3 que <strong>\u201csiempre vamos a estar del lado de la gente, de la recuperaci\u00f3n del salario, de los jubilados\u201d<\/strong> e indic\u00f3 que \u201csi ganan los otros, en el 40 aniversario de la democracia, los argentinos vamos a retroceder en materia de derechos, nos vamos a despertar en 2001, no tengo ninguna duda\u201d.<\/p>\n","protected":false},"excerpt":{"rendered":"<p>Lo asegur\u00f3 la presidenta de la C\u00e1mara de Diputados, Cecilia Moreau. Pidi\u00f3 a la ciudadan\u00eda &#8220;que conf\u00ede en Sergio, en<\/p>\n","protected":false},"author":5,"featured_media":90861,"comment_status":"closed","ping_status":"closed","sticky":false,"template":"","format":"standard","meta":{"_jetpack_memberships_contains_paid_content":false,"footnotes":""},"categories":[6,1],"tags":[],"class_list":["post-90859","post","type-post","status-publish","format-standard","has-post-thumbnail","hentry","category-nacionales","category-portada"],"jetpack_featured_media_url":"https:\/\/i0.wp.com\/cdnoticias.com\/wp-content\/uploads\/2023\/07\/massa.jpg?fit=800%2C445&ssl=1","jetpack_sharing_enabled":true,"_links":{"self":[{"href":"https:\/\/cdnoticias.com\/index.php\/wp-json\/wp\/v2\/posts\/90859","targetHints":{"allow":["GET"]}}],"collection":[{"href":"https:\/\/cdnoticias.com\/index.php\/wp-json\/wp\/v2\/posts"}],"about":[{"href":"https:\/\/cdnoticias.com\/index.php\/wp-json\/wp\/v2\/types\/post"}],"author":[{"embeddable":true,"href":"https:\/\/cdnoticias.com\/index.php\/wp-json\/wp\/v2\/users\/5"}],"replies":[{"embeddable":true,"href":"https:\/\/cdnoticias.com\/index.php\/wp-json\/wp\/v2\/comments?post=90859"}],"version-history":[{"count":0,"href":"https:\/\/cdnoticias.com\/index.php\/wp-json\/wp\/v2\/posts\/90859\/revisions"}],"wp:featuredmedia":[{"embeddable":true,"href":"https:\/\/cdnoticias.com\/index.php\/wp-json\/wp\/v2\/media\/90861"}],"wp:attachment":[{"href":"https:\/\/cdnoticias.com\/index.php\/wp-json\/wp\/v2\/media?parent=90859"}],"wp:term":[{"taxonomy":"category","embeddable":true,"href":"https:\/\/cdnoticias.com\/index.php\/wp-json\/wp\/v2\/categories?post=90859"},{"taxonomy":"post_tag","embeddable":true,"href":"https:\/\/cdnoticias.com\/index.php\/wp-json\/wp\/v2\/tags?post=90859"}],"curies":[{"name":"wp","href":"https:\/\/api.w.org\/{rel}","templated":true}]}}