{"id":90843,"date":"2023-07-20T19:44:00","date_gmt":"2023-07-20T22:44:00","guid":{"rendered":"https:\/\/www.centraldenoticias.com.ar\/?p=90843"},"modified":"2023-07-21T08:38:35","modified_gmt":"2023-07-21T11:38:35","slug":"importante-movilizacion-local-en-apoyo-a-la-situacion-en-jujuy","status":"publish","type":"post","link":"https:\/\/cdnoticias.com\/index.php\/2023\/07\/20\/importante-movilizacion-local-en-apoyo-a-la-situacion-en-jujuy\/","title":{"rendered":"Importante movilizaci\u00f3n local en apoyo a la situaci\u00f3n en Jujuy"},"content":{"rendered":"<p>Es tras cumplirse un mes de la feroz represi\u00f3n y a 47 a\u00f1os de \u201cLa noche del apag\u00f3n\u201d. Fue encabezado por Santiago Seillant, olavarriense que reside en Jujuy: confirm\u00f3 que este jueves realizaron un operativo policial en su casa. <!--more--><\/p>\n<hr \/>\n<p>Este jueves por la tarde, <strong>una importante movilizaci\u00f3n se concentr\u00f3 en el Paseo Jes\u00fas Mend\u00eda <\/strong>encabezados por el <strong>dirigente juje\u00f1o <\/strong>(oriundo de Olavarr\u00eda)<strong> Santiago Seillant <\/strong>en conjunto con <strong>dirigentes sindicales, organizaciones sociales<\/strong>, entre los m\u00e1s destacados, para recordar y <strong>exigir Justicia a un mes de la feroz represi\u00f3n en la provincia del norte del pa\u00eds<\/strong>, sumado a la conmemoraci\u00f3n del <strong>47\u00b0 aniversario de \u201cLa noche del apag\u00f3n\u201d.<\/strong><\/p>\n<p>&nbsp;<\/p>\n<p><img data-recalc-dims=\"1\" loading=\"lazy\" decoding=\"async\" class=\"alignnone size-large wp-image-90837\" src=\"https:\/\/i0.wp.com\/cdnoticias.com\/wp-content\/uploads\/2023\/07\/jujuymarcha-2.png?resize=800%2C445&#038;ssl=1\" alt=\"\" width=\"800\" height=\"445\" srcset=\"https:\/\/i0.wp.com\/cdnoticias.com\/wp-content\/uploads\/2023\/07\/jujuymarcha-2.png?resize=1024%2C569&amp;ssl=1 1024w, https:\/\/i0.wp.com\/cdnoticias.com\/wp-content\/uploads\/2023\/07\/jujuymarcha-2.png?resize=300%2C167&amp;ssl=1 300w, https:\/\/i0.wp.com\/cdnoticias.com\/wp-content\/uploads\/2023\/07\/jujuymarcha-2.png?resize=768%2C427&amp;ssl=1 768w, https:\/\/i0.wp.com\/cdnoticias.com\/wp-content\/uploads\/2023\/07\/jujuymarcha-2.png?resize=800%2C445&amp;ssl=1 800w, https:\/\/i0.wp.com\/cdnoticias.com\/wp-content\/uploads\/2023\/07\/jujuymarcha-2.png?w=1363&amp;ssl=1 1363w\" sizes=\"auto, (max-width: 800px) 100vw, 800px\" \/><\/p>\n<p>&nbsp;<\/p>\n<blockquote><p>Tal es as\u00ed que estuvieron presentes el Movimiento Obrero Organizado (que se convertir\u00e1 en la nueva CGT) encabezados por Jos\u00e9 Stuppia, la Comisi\u00f3n por la Memoria, la agrupaci\u00f3n 1 de octubre, el Partido Obrero (con la participaci\u00f3n de Agust\u00edn Mestralet), entre los m\u00e1s destacados.<\/p><\/blockquote>\n<p>&nbsp;<\/p>\n<p>En un micr\u00f3fono abierto y tras mostrar pancartas y banderas alusivas a la convocatoria,<strong> hubo varios oradores, entre ellos Stuppia y Seillant.<\/strong><\/p>\n<p>&nbsp;<\/p>\n<p><img data-recalc-dims=\"1\" loading=\"lazy\" decoding=\"async\" class=\"alignnone size-large wp-image-90836\" src=\"https:\/\/i0.wp.com\/cdnoticias.com\/wp-content\/uploads\/2023\/07\/jujuymarcha-1.png?resize=800%2C445&#038;ssl=1\" alt=\"\" width=\"800\" height=\"445\" srcset=\"https:\/\/i0.wp.com\/cdnoticias.com\/wp-content\/uploads\/2023\/07\/jujuymarcha-1.png?resize=1024%2C570&amp;ssl=1 1024w, https:\/\/i0.wp.com\/cdnoticias.com\/wp-content\/uploads\/2023\/07\/jujuymarcha-1.png?resize=300%2C167&amp;ssl=1 300w, https:\/\/i0.wp.com\/cdnoticias.com\/wp-content\/uploads\/2023\/07\/jujuymarcha-1.png?resize=768%2C427&amp;ssl=1 768w, https:\/\/i0.wp.com\/cdnoticias.com\/wp-content\/uploads\/2023\/07\/jujuymarcha-1.png?resize=800%2C445&amp;ssl=1 800w, https:\/\/i0.wp.com\/cdnoticias.com\/wp-content\/uploads\/2023\/07\/jujuymarcha-1.png?w=1360&amp;ssl=1 1360w\" sizes=\"auto, (max-width: 800px) 100vw, 800px\" \/><\/p>\n<p>&nbsp;<\/p>\n<p>El titular del STM de nuestra ciudad carg\u00f3 con dureza contra el gobierno de Gerardo Morales al compararlo con las dictaduras<em> \u201capoyada por los civiles como fue la del 55, la del 76 y hoy nos encontramos con los mismos protagonistas sometiendo al pueblo juje\u00f1o\u201d. Plante\u00f3 que la diferencia es que \u201cahora estos dan la cara\u201d.<\/em><\/p>\n<p>&nbsp;<\/p>\n<blockquote><p>\u201cMuchos todav\u00eda est\u00e1n, pero hoy sabemos qui\u00e9nes son los que en su momento golpearon la puerta de los cuarteles para someter al pueblo argentino y particularmente al pueblo juje\u00f1o\u201d.<\/p><\/blockquote>\n<p>&nbsp;<\/p>\n<p>Dijo que la provincia est\u00e1<strong><em> \u201cen democracia entre comillas\u201d<\/em><\/strong> porque <em>\u201cen Jujuy con esta constituci\u00f3n ilegal que ha hecho Gerardo Morales est\u00e1 sometiendo a todo el pueblo de Jujuy\u201d.<\/em><\/p>\n<p>&nbsp;<\/p>\n<p><em>\u201cEste acto es precisamente para repudiar a toda la clase pol\u00edtica de Jujuy porque no hay diferencias. Ni peronistas, ni radicales, se han juntado todos para someter al pueblo de Jujuy. Gracias a Dios hay una reacci\u00f3n, una resistencia, hoy lo tenemos al compa\u00f1ero Santiago Seillant protagonista de esta resistencia, un compa\u00f1ero municipal igual que muchos de los que estamos ac\u00e1 y para nosotros Santiago es un orgullo que hoy est\u00e9s este con nosotros en este momento en esta plaza y en este acto\u201d<\/em> cerr\u00f3 Stuppia en su oratoria.<\/p>\n<p>&nbsp;<\/p>\n<p><img data-recalc-dims=\"1\" loading=\"lazy\" decoding=\"async\" class=\"alignnone size-large wp-image-90838\" src=\"https:\/\/i0.wp.com\/cdnoticias.com\/wp-content\/uploads\/2023\/07\/jujuymarcha-3.png?resize=800%2C445&#038;ssl=1\" alt=\"\" width=\"800\" height=\"445\" srcset=\"https:\/\/i0.wp.com\/cdnoticias.com\/wp-content\/uploads\/2023\/07\/jujuymarcha-3.png?resize=1024%2C570&amp;ssl=1 1024w, https:\/\/i0.wp.com\/cdnoticias.com\/wp-content\/uploads\/2023\/07\/jujuymarcha-3.png?resize=300%2C167&amp;ssl=1 300w, https:\/\/i0.wp.com\/cdnoticias.com\/wp-content\/uploads\/2023\/07\/jujuymarcha-3.png?resize=768%2C427&amp;ssl=1 768w, https:\/\/i0.wp.com\/cdnoticias.com\/wp-content\/uploads\/2023\/07\/jujuymarcha-3.png?resize=800%2C445&amp;ssl=1 800w, https:\/\/i0.wp.com\/cdnoticias.com\/wp-content\/uploads\/2023\/07\/jujuymarcha-3.png?w=1360&amp;ssl=1 1360w\" sizes=\"auto, (max-width: 800px) 100vw, 800px\" \/><\/p>\n<p>&nbsp;<\/p>\n<p>A su t\u00e9rmino,<strong> el dirigente olavarriense residente de Jujuy<\/strong> se\u00f1al\u00f3 que es<em> \u201cuna sorpresa\u201d<\/em> y <em>\u201cuna alegr\u00eda estar ac\u00e1 a pesar de este contexto que est\u00e1 tan dif\u00edcil en Jujuy\u201d.<\/em><\/p>\n<p>&nbsp;<\/p>\n<p>Casualmente, esta ma\u00f1ana realizaron un operativo policial en su casa de Jujuy <strong><em>\u201cpor una orden contravencional por el 20 de junio, hace un mes cerca de 60 mil personas en Jujuy de todos los sectores docentes, municipales, gauchos a caballos, estaban movilizados cuando se jur\u00f3 la constituci\u00f3n provincial de Jujuy y por esa manifestaci\u00f3n nos mandan una contravencional que es un c\u00f3digo que multa a todos los presentes\u201d.<\/em><\/strong><\/p>\n<p>&nbsp;<\/p>\n<blockquote><p>Las contravenciones, de hecho, son \u201cmultas de 2 millones de pesos por persona solamente por manifestarnos, aunque no estemos cortando la calle dado que \u2018estamos obstruyendo el paso peatonal\u2019.<\/p><\/blockquote>\n<p>&nbsp;<\/p>\n<p><strong>Seillant profundiz\u00f3 en su relato sobre la situaci\u00f3n<\/strong> y ejemplific\u00f3 <em>\u201cpara que se den una idea del nivel de la violencia institucional que hay en la provincia y que se quiere someter al pueblo a una cuesti\u00f3n de no manifestaci\u00f3n y un pueblo que tiene muchas riquezas como gran parte de las provincias, pero hay poca riqueza en la calle, en los bolsillos de la gente\u201d.<\/em><\/p>\n<p>&nbsp;<\/p>\n<p>Adem\u00e1s, se present\u00f3 como el<em> \u201csecretario adjunto del Sindicato de Empleados Municipales de Jujuy que abarca toda la provincia nuestro sindicato tiene delegaciones en todas las localidades. Es como una Federaci\u00f3n, somos un conjunto de dirigentes y dirigentes mujeres, hace 15 a\u00f1os que estoy en Jujuy\u201d.<\/em><\/p>\n<p>&nbsp;<\/p>\n<p><img data-recalc-dims=\"1\" loading=\"lazy\" decoding=\"async\" class=\"alignnone size-large wp-image-90840\" src=\"https:\/\/i0.wp.com\/cdnoticias.com\/wp-content\/uploads\/2023\/07\/jujuymarcha-5.png?resize=800%2C445&#038;ssl=1\" alt=\"\" width=\"800\" height=\"445\" srcset=\"https:\/\/i0.wp.com\/cdnoticias.com\/wp-content\/uploads\/2023\/07\/jujuymarcha-5.png?resize=1024%2C569&amp;ssl=1 1024w, https:\/\/i0.wp.com\/cdnoticias.com\/wp-content\/uploads\/2023\/07\/jujuymarcha-5.png?resize=300%2C167&amp;ssl=1 300w, https:\/\/i0.wp.com\/cdnoticias.com\/wp-content\/uploads\/2023\/07\/jujuymarcha-5.png?resize=768%2C427&amp;ssl=1 768w, https:\/\/i0.wp.com\/cdnoticias.com\/wp-content\/uploads\/2023\/07\/jujuymarcha-5.png?resize=800%2C445&amp;ssl=1 800w, https:\/\/i0.wp.com\/cdnoticias.com\/wp-content\/uploads\/2023\/07\/jujuymarcha-5.png?w=1363&amp;ssl=1 1363w\" sizes=\"auto, (max-width: 800px) 100vw, 800px\" \/><\/p>\n<p>&nbsp;<\/p>\n<p>Agradeci\u00f3 a todos los compa\u00f1eros y sindicatos y <strong>cont\u00f3 que sali\u00f3 de Jujuy <em>\u201ca escondidas porque el mi\u00e9rcoles hubo 20 \u00f3rdenes de allanamientos, te las mandan por WhatsApp\u201d.<\/em><\/strong><\/p>\n<p>&nbsp;<\/p>\n<blockquote><p>\u201cHan metido preso a un abogado porque dijo que la constituci\u00f3n que hizo Morales era nula, anticonstitucional. Morales el a\u00f1o pasado planteo una reforma de la constituci\u00f3n provincial y nunca anuncio el contenido\u201d dijo.<\/p><\/blockquote>\n<p>&nbsp;<\/p>\n<p>Para cerrar, dio cuenta de la magnitud del pedido con<strong><em> \u201cpueblos originarios que est\u00e1n en lucha, son 400 comunidades y est\u00e1n cortando las rutas con el frio que hace. Los docentes estaban movilizados pidiendo paritarias, dado que tienen los sueldos m\u00e1s bajos del pa\u00eds con 90 mil pesos mensuales\u201d.<\/em><\/strong><\/p>\n<p>&nbsp;<\/p>\n<p><em>Fotos: Gentileza Mart\u00edn Rodr\u00edguez\/LU32 Radio Olavarr\u00eda<\/em><\/p>\n","protected":false},"excerpt":{"rendered":"<p>Es tras cumplirse un mes de la feroz represi\u00f3n y a 47 a\u00f1os de \u201cLa noche del apag\u00f3n\u201d. Fue encabezado<\/p>\n","protected":false},"author":2,"featured_media":90839,"comment_status":"closed","ping_status":"closed","sticky":false,"template":"","format":"standard","meta":{"_jetpack_memberships_contains_paid_content":false,"footnotes":""},"categories":[4,1],"tags":[],"class_list":["post-90843","post","type-post","status-publish","format-standard","has-post-thumbnail","hentry","category-politica","category-portada"],"jetpack_featured_media_url":"https:\/\/i0.wp.com\/cdnoticias.com\/wp-content\/uploads\/2023\/07\/jujuymarcha-4.png?fit=1363%2C758&ssl=1","jetpack_sharing_enabled":true,"_links":{"self":[{"href":"https:\/\/cdnoticias.com\/index.php\/wp-json\/wp\/v2\/posts\/90843","targetHints":{"allow":["GET"]}}],"collection":[{"href":"https:\/\/cdnoticias.com\/index.php\/wp-json\/wp\/v2\/posts"}],"about":[{"href":"https:\/\/cdnoticias.com\/index.php\/wp-json\/wp\/v2\/types\/post"}],"author":[{"embeddable":true,"href":"https:\/\/cdnoticias.com\/index.php\/wp-json\/wp\/v2\/users\/2"}],"replies":[{"embeddable":true,"href":"https:\/\/cdnoticias.com\/index.php\/wp-json\/wp\/v2\/comments?post=90843"}],"version-history":[{"count":0,"href":"https:\/\/cdnoticias.com\/index.php\/wp-json\/wp\/v2\/posts\/90843\/revisions"}],"wp:featuredmedia":[{"embeddable":true,"href":"https:\/\/cdnoticias.com\/index.php\/wp-json\/wp\/v2\/media\/90839"}],"wp:attachment":[{"href":"https:\/\/cdnoticias.com\/index.php\/wp-json\/wp\/v2\/media?parent=90843"}],"wp:term":[{"taxonomy":"category","embeddable":true,"href":"https:\/\/cdnoticias.com\/index.php\/wp-json\/wp\/v2\/categories?post=90843"},{"taxonomy":"post_tag","embeddable":true,"href":"https:\/\/cdnoticias.com\/index.php\/wp-json\/wp\/v2\/tags?post=90843"}],"curies":[{"name":"wp","href":"https:\/\/api.w.org\/{rel}","templated":true}]}}