{"id":90827,"date":"2023-07-21T08:34:59","date_gmt":"2023-07-21T11:34:59","guid":{"rendered":"https:\/\/www.centraldenoticias.com.ar\/?p=90827"},"modified":"2023-07-21T10:08:50","modified_gmt":"2023-07-21T13:08:50","slug":"el-radicalismo-manifesto-su-preocupacion-ante-la-falta-de-funcionamiento-del-tren-de-pasajeros","status":"publish","type":"post","link":"https:\/\/cdnoticias.com\/index.php\/2023\/07\/21\/el-radicalismo-manifesto-su-preocupacion-ante-la-falta-de-funcionamiento-del-tren-de-pasajeros\/","title":{"rendered":"El radicalismo manifest\u00f3 su preocupaci\u00f3n ante la falta de funcionamiento del tren de pasajeros"},"content":{"rendered":"<p>En marzo de este a\u00f1o volvi\u00f3 a descarrilar una formaci\u00f3n, desde entonces se encuentra suspendido el servicio. Desde el espacio piden una soluci\u00f3n.<!--more--><\/p>\n<hr \/>\n<p>La concejal <strong>Bel\u00e9n Vergel<\/strong> y el precandidato a concejal <strong>Francisco Gonz\u00e1lez<\/strong> volvieron a <strong>manifestar su preocupaci\u00f3n ante la falta de funcionamiento del tren de pasajeros<\/strong> del ramal que une Plaza Constituci\u00f3n con Bah\u00eda Blanca.<\/p>\n<p>&nbsp;<\/p>\n<p>El servicio se vio <strong>interrumpido a mitad de marzo de este a\u00f1o<\/strong>,<strong> tras un descarrilamiento<\/strong> a la altura de nuestra ciudad, y desde entonces se encuentra sin actividad. &#8220;En su momento, el bloque de concejales del radicalismo present\u00f3 un Proyecto de Comunicaci\u00f3n para que se arbitren las acciones pertinentes y que r\u00e1pidamente se solucione la problem\u00e1tica evitando este tipo de inconvenientes que pone en riesgo la vida de quienes hacen uso del medio de transporte&#8221; expresaron.<\/p>\n<p>&nbsp;<\/p>\n<p><img data-recalc-dims=\"1\" loading=\"lazy\" decoding=\"async\" class=\"size-large wp-image-77798 aligncenter\" src=\"https:\/\/i0.wp.com\/cdnoticias.com\/wp-content\/uploads\/2023\/02\/el-tren-2.jpg?resize=800%2C534&#038;ssl=1\" alt=\"\" width=\"800\" height=\"534\" srcset=\"https:\/\/i0.wp.com\/cdnoticias.com\/wp-content\/uploads\/2023\/02\/el-tren-2.jpg?resize=1024%2C684&amp;ssl=1 1024w, https:\/\/i0.wp.com\/cdnoticias.com\/wp-content\/uploads\/2023\/02\/el-tren-2.jpg?resize=300%2C200&amp;ssl=1 300w, https:\/\/i0.wp.com\/cdnoticias.com\/wp-content\/uploads\/2023\/02\/el-tren-2.jpg?resize=768%2C513&amp;ssl=1 768w, https:\/\/i0.wp.com\/cdnoticias.com\/wp-content\/uploads\/2023\/02\/el-tren-2.jpg?resize=1536%2C1026&amp;ssl=1 1536w, https:\/\/i0.wp.com\/cdnoticias.com\/wp-content\/uploads\/2023\/02\/el-tren-2.jpg?resize=272%2C182&amp;ssl=1 272w, https:\/\/i0.wp.com\/cdnoticias.com\/wp-content\/uploads\/2023\/02\/el-tren-2.jpg?w=2048&amp;ssl=1 2048w, https:\/\/i0.wp.com\/cdnoticias.com\/wp-content\/uploads\/2023\/02\/el-tren-2.jpg?w=1600&amp;ssl=1 1600w\" sizes=\"auto, (max-width: 800px) 100vw, 800px\" \/><\/p>\n<p>&nbsp;<\/p>\n<p>Adem\u00e1s, solicitaron que Ferrocarriles Sociedad del Estado informe al Concejo Deliberante sobre el<strong> estado actual de las v\u00edas<\/strong> correspondientes al ramal en concesi\u00f3n integral a la empresa FEPSA, en particular de las v\u00edas que une las cabeceras Plaza Constituci\u00f3n \u2013 Bah\u00eda Blanca, y del tramo donde ocurri\u00f3 el descarrilamiento. &#8220;<em>A pesar de lo mencionado anteriormente, hasta el momento no se obtuvo ninguna respuesta ni soluci\u00f3n al respecto<\/em>&#8221; agregaron desde el bloque.<\/p>\n<p>&nbsp;<\/p>\n<p>Por \u00faltimo, este jueves el espacio se acerc\u00f3 hasta la boleter\u00eda de la Estaci\u00f3n de Tren y se comunicaron con Trenes Argentinos con el objetivo de poder obtener informaci\u00f3n sobre la reactivaci\u00f3n del servicio. Sin embargo, expresaron que &#8220;<em><strong>no obtuvieron ninguna respuesta certera y precisa al respecto&#8221;.<\/strong><\/em><\/p>\n","protected":false},"excerpt":{"rendered":"<p>En marzo de este a\u00f1o volvi\u00f3 a descarrilar una formaci\u00f3n, desde entonces se encuentra suspendido el servicio. Desde el espacio<\/p>\n","protected":false},"author":6,"featured_media":90857,"comment_status":"closed","ping_status":"closed","sticky":false,"template":"","format":"standard","meta":{"_jetpack_memberships_contains_paid_content":false,"footnotes":""},"categories":[4,1],"tags":[],"class_list":["post-90827","post","type-post","status-publish","format-standard","has-post-thumbnail","hentry","category-politica","category-portada"],"jetpack_featured_media_url":"https:\/\/i0.wp.com\/cdnoticias.com\/wp-content\/uploads\/2023\/07\/tren-cancelados.jpg?fit=800%2C445&ssl=1","jetpack_sharing_enabled":true,"_links":{"self":[{"href":"https:\/\/cdnoticias.com\/index.php\/wp-json\/wp\/v2\/posts\/90827","targetHints":{"allow":["GET"]}}],"collection":[{"href":"https:\/\/cdnoticias.com\/index.php\/wp-json\/wp\/v2\/posts"}],"about":[{"href":"https:\/\/cdnoticias.com\/index.php\/wp-json\/wp\/v2\/types\/post"}],"author":[{"embeddable":true,"href":"https:\/\/cdnoticias.com\/index.php\/wp-json\/wp\/v2\/users\/6"}],"replies":[{"embeddable":true,"href":"https:\/\/cdnoticias.com\/index.php\/wp-json\/wp\/v2\/comments?post=90827"}],"version-history":[{"count":0,"href":"https:\/\/cdnoticias.com\/index.php\/wp-json\/wp\/v2\/posts\/90827\/revisions"}],"wp:featuredmedia":[{"embeddable":true,"href":"https:\/\/cdnoticias.com\/index.php\/wp-json\/wp\/v2\/media\/90857"}],"wp:attachment":[{"href":"https:\/\/cdnoticias.com\/index.php\/wp-json\/wp\/v2\/media?parent=90827"}],"wp:term":[{"taxonomy":"category","embeddable":true,"href":"https:\/\/cdnoticias.com\/index.php\/wp-json\/wp\/v2\/categories?post=90827"},{"taxonomy":"post_tag","embeddable":true,"href":"https:\/\/cdnoticias.com\/index.php\/wp-json\/wp\/v2\/tags?post=90827"}],"curies":[{"name":"wp","href":"https:\/\/api.w.org\/{rel}","templated":true}]}}