{"id":90807,"date":"2023-07-20T18:47:12","date_gmt":"2023-07-20T21:47:12","guid":{"rendered":"https:\/\/www.centraldenoticias.com.ar\/?p=90807"},"modified":"2023-07-20T19:44:44","modified_gmt":"2023-07-20T22:44:44","slug":"wesner-recorrio-la-obra-del-nuevo-acceso-a-sierras-bayas","status":"publish","type":"post","link":"https:\/\/cdnoticias.com\/index.php\/2023\/07\/20\/wesner-recorrio-la-obra-del-nuevo-acceso-a-sierras-bayas\/","title":{"rendered":"Wesner recorri\u00f3 la obra del nuevo acceso a Sierras Bayas"},"content":{"rendered":"<p>Los trabajos muestran avances sobre la ruta nacional 226. El precandidato intendente de Uni\u00f3n por la Patria (UxP) destac\u00f3 que \u201ces una obra muy esperada por toda la comunidad y el sector productivo\u201d.<\/p>\n<p><!--more--><\/p>\n<hr \/>\n<p>El <strong>precandidato intendente de Uni\u00f3n por la Patria (UxP), Maximiliano Wesner<\/strong>, recorri\u00f3 los avances de la <strong>obra de acceso a la localidad de Sierras Bayas<\/strong> que realiza Vialidad Nacional sobre la<strong> Ruta Nacional 226<\/strong>.<\/p>\n<p>&nbsp;<\/p>\n<blockquote><p>&#8220;Esta es una obra muy esperada por toda la comunidad y el sector productivo que se traducir\u00e1 en mayor seguridad e impactar\u00e1 en toda la regi\u00f3n ya que es un acceso sumamente transitado&#8221;, remarc\u00f3 Wesner.<\/p><\/blockquote>\n<p>&nbsp;<\/p>\n<p><img data-recalc-dims=\"1\" loading=\"lazy\" decoding=\"async\" class=\"size-full wp-image-90808 aligncenter\" src=\"https:\/\/i0.wp.com\/cdnoticias.com\/wp-content\/uploads\/2023\/07\/wesner-ruta-226-acceso-sierras-bayas.jpg?resize=800%2C445&#038;ssl=1\" alt=\"\" width=\"800\" height=\"445\" srcset=\"https:\/\/i0.wp.com\/cdnoticias.com\/wp-content\/uploads\/2023\/07\/wesner-ruta-226-acceso-sierras-bayas.jpg?w=800&amp;ssl=1 800w, https:\/\/i0.wp.com\/cdnoticias.com\/wp-content\/uploads\/2023\/07\/wesner-ruta-226-acceso-sierras-bayas.jpg?resize=300%2C167&amp;ssl=1 300w, https:\/\/i0.wp.com\/cdnoticias.com\/wp-content\/uploads\/2023\/07\/wesner-ruta-226-acceso-sierras-bayas.jpg?resize=768%2C427&amp;ssl=1 768w\" sizes=\"auto, (max-width: 800px) 100vw, 800px\" \/><\/p>\n<p><img data-recalc-dims=\"1\" loading=\"lazy\" decoding=\"async\" class=\"size-full wp-image-90803 aligncenter\" src=\"https:\/\/i0.wp.com\/cdnoticias.com\/wp-content\/uploads\/2023\/07\/ruta-226-acceso-sierras-bayas-03.jpg?resize=800%2C445&#038;ssl=1\" alt=\"\" width=\"800\" height=\"445\" srcset=\"https:\/\/i0.wp.com\/cdnoticias.com\/wp-content\/uploads\/2023\/07\/ruta-226-acceso-sierras-bayas-03.jpg?w=800&amp;ssl=1 800w, https:\/\/i0.wp.com\/cdnoticias.com\/wp-content\/uploads\/2023\/07\/ruta-226-acceso-sierras-bayas-03.jpg?resize=300%2C167&amp;ssl=1 300w, https:\/\/i0.wp.com\/cdnoticias.com\/wp-content\/uploads\/2023\/07\/ruta-226-acceso-sierras-bayas-03.jpg?resize=768%2C427&amp;ssl=1 768w\" sizes=\"auto, (max-width: 800px) 100vw, 800px\" \/><\/p>\n<p>&nbsp;<\/p>\n<p>Detall\u00f3 adem\u00e1s que \u201cla empresa adjudicataria est\u00e1 trabajando en la<strong> demarcaci\u00f3n de la traza, obras de alcantarillado, movimiento de suelo y el obrador<\/strong>. Obras p\u00fablicas que generan empleo y transforman la calidad de vida de nuestros vecinos y vecinas&#8221;.<\/p>\n<p>&nbsp;<\/p>\n<p>La obra financiada por Vialidad Nacional dependiente del Ministerio de Obras P\u00fablicas fue adjudicada a la <strong>empresa Paolini Hnos S.A<\/strong> por un monto de <strong>$668.681.604,42<\/strong>. La adjudicaci\u00f3n se realiz\u00f3 en abril de 2022, <a href=\"https:\/\/cdnoticias.com\/index.php\/2022\/05\/20\/aguilera-estuvo-presente-en-la-firma-de-contrato-para-la-obra-de-acceso-a-sierras-bayas\/\" target=\"_blank\" rel=\"noopener\">en mayo se firm\u00f3 la contrataci\u00f3n<\/a> y los trabajos de la empresa <a href=\"https:\/\/cdnoticias.com\/index.php\/2023\/02\/27\/comenzara-la-obra-del-acceso-a-sierras-bayas-por-ruta-226\/\" target=\"_blank\" rel=\"noopener\">comenzaron en febrero de este a\u00f1o<\/a>.<\/p>\n<p>&nbsp;<\/p>\n<p><img data-recalc-dims=\"1\" loading=\"lazy\" decoding=\"async\" class=\"size-full wp-image-90804 aligncenter\" src=\"https:\/\/i0.wp.com\/cdnoticias.com\/wp-content\/uploads\/2023\/07\/ruta-226-acceso-sierras-bayas-04.jpg?resize=800%2C445&#038;ssl=1\" alt=\"\" width=\"800\" height=\"445\" srcset=\"https:\/\/i0.wp.com\/cdnoticias.com\/wp-content\/uploads\/2023\/07\/ruta-226-acceso-sierras-bayas-04.jpg?w=800&amp;ssl=1 800w, https:\/\/i0.wp.com\/cdnoticias.com\/wp-content\/uploads\/2023\/07\/ruta-226-acceso-sierras-bayas-04.jpg?resize=300%2C167&amp;ssl=1 300w, https:\/\/i0.wp.com\/cdnoticias.com\/wp-content\/uploads\/2023\/07\/ruta-226-acceso-sierras-bayas-04.jpg?resize=768%2C427&amp;ssl=1 768w\" sizes=\"auto, (max-width: 800px) 100vw, 800px\" \/><\/p>\n<p><img data-recalc-dims=\"1\" loading=\"lazy\" decoding=\"async\" class=\"size-full wp-image-90800 aligncenter\" src=\"https:\/\/i0.wp.com\/cdnoticias.com\/wp-content\/uploads\/2023\/07\/ruta-226-acceso-sierras-bayas-00.jpg?resize=800%2C445&#038;ssl=1\" alt=\"\" width=\"800\" height=\"445\" srcset=\"https:\/\/i0.wp.com\/cdnoticias.com\/wp-content\/uploads\/2023\/07\/ruta-226-acceso-sierras-bayas-00.jpg?w=800&amp;ssl=1 800w, https:\/\/i0.wp.com\/cdnoticias.com\/wp-content\/uploads\/2023\/07\/ruta-226-acceso-sierras-bayas-00.jpg?resize=300%2C167&amp;ssl=1 300w, https:\/\/i0.wp.com\/cdnoticias.com\/wp-content\/uploads\/2023\/07\/ruta-226-acceso-sierras-bayas-00.jpg?resize=768%2C427&amp;ssl=1 768w\" sizes=\"auto, (max-width: 800px) 100vw, 800px\" \/><\/p>\n<p>&nbsp;<\/p>\n<p>La misma consiste en la <strong>construcci\u00f3n de \u201cun distribuidor tipo diamante con pesas, en alto nivel\u201d<\/strong> a emplazarse al suroeste del actual camino de acceso a la localidad de Sierras Bayas.<\/p>\n<p>&nbsp;<\/p>\n<p>El camino transversal medir\u00e1 762,42 metros y llevar\u00e1 a dos rotondas laterales de 50 metros de di\u00e1metros con banquinas internas y externas pavimentadas, e isletas que contar\u00e1n con cordones emergentes y cuneta. Tambi\u00e9n se realizar\u00e1 la se\u00f1alizaci\u00f3n vertical y horizontal del sector; y la iluminaci\u00f3n completa del distribuidor.<\/p>\n<p>&nbsp;<\/p>\n<p><img data-recalc-dims=\"1\" loading=\"lazy\" decoding=\"async\" class=\"size-full wp-image-90802 aligncenter\" src=\"https:\/\/i0.wp.com\/cdnoticias.com\/wp-content\/uploads\/2023\/07\/ruta-226-acceso-sierras-bayas-02.jpg?resize=800%2C445&#038;ssl=1\" alt=\"\" width=\"800\" height=\"445\" srcset=\"https:\/\/i0.wp.com\/cdnoticias.com\/wp-content\/uploads\/2023\/07\/ruta-226-acceso-sierras-bayas-02.jpg?w=800&amp;ssl=1 800w, https:\/\/i0.wp.com\/cdnoticias.com\/wp-content\/uploads\/2023\/07\/ruta-226-acceso-sierras-bayas-02.jpg?resize=300%2C167&amp;ssl=1 300w, https:\/\/i0.wp.com\/cdnoticias.com\/wp-content\/uploads\/2023\/07\/ruta-226-acceso-sierras-bayas-02.jpg?resize=768%2C427&amp;ssl=1 768w\" sizes=\"auto, (max-width: 800px) 100vw, 800px\" \/><\/p>\n<p>&nbsp;<\/p>\n<p><img data-recalc-dims=\"1\" loading=\"lazy\" decoding=\"async\" class=\"aligncenter wp-image-39438\" src=\"https:\/\/i0.wp.com\/cdnoticias.com\/wp-content\/uploads\/2021\/11\/obra-ruta-226-acceso-sierras-bayas-00.jpg?resize=800%2C445&#038;ssl=1\" alt=\"\" width=\"800\" height=\"445\" srcset=\"https:\/\/i0.wp.com\/cdnoticias.com\/wp-content\/uploads\/2021\/11\/obra-ruta-226-acceso-sierras-bayas-00.jpg?w=1000&amp;ssl=1 1000w, https:\/\/i0.wp.com\/cdnoticias.com\/wp-content\/uploads\/2021\/11\/obra-ruta-226-acceso-sierras-bayas-00.jpg?resize=300%2C167&amp;ssl=1 300w, https:\/\/i0.wp.com\/cdnoticias.com\/wp-content\/uploads\/2021\/11\/obra-ruta-226-acceso-sierras-bayas-00.jpg?resize=768%2C427&amp;ssl=1 768w, https:\/\/i0.wp.com\/cdnoticias.com\/wp-content\/uploads\/2021\/11\/obra-ruta-226-acceso-sierras-bayas-00.jpg?resize=800%2C445&amp;ssl=1 800w\" sizes=\"auto, (max-width: 800px) 100vw, 800px\" \/><\/p>\n<p>&nbsp;<\/p>\n","protected":false},"excerpt":{"rendered":"<p>Los trabajos muestran avances sobre la ruta nacional 226. El precandidato intendente de Uni\u00f3n por la Patria (UxP) destac\u00f3 que<\/p>\n","protected":false},"author":4,"featured_media":90801,"comment_status":"closed","ping_status":"closed","sticky":false,"template":"","format":"standard","meta":{"_jetpack_memberships_contains_paid_content":false,"footnotes":""},"categories":[5,1],"tags":[],"class_list":["post-90807","post","type-post","status-publish","format-standard","has-post-thumbnail","hentry","category-informacion-general","category-portada"],"jetpack_featured_media_url":"https:\/\/i0.wp.com\/cdnoticias.com\/wp-content\/uploads\/2023\/07\/ruta-226-acceso-sierras-bayas-01.jpg?fit=800%2C445&ssl=1","jetpack_sharing_enabled":true,"_links":{"self":[{"href":"https:\/\/cdnoticias.com\/index.php\/wp-json\/wp\/v2\/posts\/90807","targetHints":{"allow":["GET"]}}],"collection":[{"href":"https:\/\/cdnoticias.com\/index.php\/wp-json\/wp\/v2\/posts"}],"about":[{"href":"https:\/\/cdnoticias.com\/index.php\/wp-json\/wp\/v2\/types\/post"}],"author":[{"embeddable":true,"href":"https:\/\/cdnoticias.com\/index.php\/wp-json\/wp\/v2\/users\/4"}],"replies":[{"embeddable":true,"href":"https:\/\/cdnoticias.com\/index.php\/wp-json\/wp\/v2\/comments?post=90807"}],"version-history":[{"count":0,"href":"https:\/\/cdnoticias.com\/index.php\/wp-json\/wp\/v2\/posts\/90807\/revisions"}],"wp:featuredmedia":[{"embeddable":true,"href":"https:\/\/cdnoticias.com\/index.php\/wp-json\/wp\/v2\/media\/90801"}],"wp:attachment":[{"href":"https:\/\/cdnoticias.com\/index.php\/wp-json\/wp\/v2\/media?parent=90807"}],"wp:term":[{"taxonomy":"category","embeddable":true,"href":"https:\/\/cdnoticias.com\/index.php\/wp-json\/wp\/v2\/categories?post=90807"},{"taxonomy":"post_tag","embeddable":true,"href":"https:\/\/cdnoticias.com\/index.php\/wp-json\/wp\/v2\/tags?post=90807"}],"curies":[{"name":"wp","href":"https:\/\/api.w.org\/{rel}","templated":true}]}}