{"id":90774,"date":"2023-07-20T10:53:28","date_gmt":"2023-07-20T13:53:28","guid":{"rendered":"https:\/\/www.centraldenoticias.com.ar\/?p=90774"},"modified":"2023-07-20T10:53:28","modified_gmt":"2023-07-20T13:53:28","slug":"paso-cuanto-cobraran-las-autoridades-de-las-mesas-de-extranjeros-en-la-provincia","status":"publish","type":"post","link":"https:\/\/cdnoticias.com\/index.php\/2023\/07\/20\/paso-cuanto-cobraran-las-autoridades-de-las-mesas-de-extranjeros-en-la-provincia\/","title":{"rendered":"PASO: cu\u00e1nto cobrar\u00e1n las autoridades de las mesas de extranjeros en la provincia"},"content":{"rendered":"<p>El Gobierno bonaerense fij\u00f3 los vi\u00e1ticos que se destinar\u00e1n para quienes cumplan efectivamente esas funciones.<!--more--><\/p>\n<hr \/>\n<p>El Gobierno bonaerense <strong>estableci\u00f3 los montos de los vi\u00e1ticos que percibir\u00e1n las autoridades electorales en las mesas receptoras de votos de residentes extranjeros y los delegados designados por la Junta Electoral<\/strong> en las PASO del 13 de agosto pr\u00f3ximo.<\/p>\n<p>&nbsp;<\/p>\n<p>Mediante el decreto 1230 publicado este mi\u00e9rcoles en el Bolet\u00edn Oficial de la provincia de Buenos Aires, se estableci\u00f3 que el Ejecutivo bonaerense destinar\u00e1 <strong>$ 7.000 en concepto de vi\u00e1tico para quienes cumplan efectivamente funciones de autoridades en las mesas receptoras de votos de residentes extranjeros.<\/strong><\/p>\n<p>&nbsp;<\/p>\n<p>Adem\u00e1s, se fij\u00f3 un <strong>adicional de $ 3.000<\/strong> si participaron previamente de las actividades de capacitaci\u00f3n dictadas por la Junta Electoral de la provincia.<\/p>\n<p>&nbsp;<\/p>\n<p>Tambi\u00e9n <strong>se abonar\u00e1 $ 11.500 a quienes fueron designados como delegados por la Junta Electoral<\/strong> en los locales de votaci\u00f3n en los cuales funcionen las <strong>mesas receptoras de votos de residentes extranjeros\/as<\/strong>, y que cumplan efectivamente tal funci\u00f3n.<\/p>\n<p>&nbsp;<\/p>\n<p>En la normativa se resolvi\u00f3 otorgar <strong>$ 3.500 adicional<\/strong> a los que den cumplimiento a la remisi\u00f3n de reportes de eventos, de incidencias o dem\u00e1s datos adicionales solicitados por la Junta Electoral de la provincia.<\/p>\n<p>&nbsp;<\/p>\n<p>Dentro de los treinta d\u00edas posteriores a las PASO, la Junta Electoral informar\u00e1 fehacientemente los nombres, apellidos y n\u00fameros de documento de identidad de los\/as electores\/as que efectivamente hayan cumplido funciones como autoridades de mesa y como delegados\/as electorales.<\/p>\n<p>&nbsp;<\/p>\n<p>Las compensaciones en concepto de vi\u00e1ticos fijadas por este decreto <strong>ser\u00e1n pagadas por el Ministerio de Gobierno a cada autoridad de mesa y a cada delegado<\/strong> comprendido por el presente decreto que efectivamente haya cumplido sus funciones, conforme la informaci\u00f3n remitida por la Junta Electoral de la provincia, a trav\u00e9s de los servicios del Banco de la Provincia de Buenos Aires.<\/p>\n<p>&nbsp;<\/p>\n<p>Los electores con derecho a percibir los vi\u00e1ticos contenidos en la presente medida podr\u00e1n hacerlo a trav\u00e9s de<strong> Cuenta DNI o por ventanilla del Banco de la provincia de Buenos Aires,<\/strong> conforme se les indique oportunamente.<\/p>\n<p>&nbsp;<\/p>\n<p>Pasados tres meses de la fecha de la elecci\u00f3n general del a\u00f1o 2023, operar\u00e1 el vencimiento para la percepci\u00f3n de los mismos.<\/p>\n<p>&nbsp;<\/p>\n<p><em>Fuente: DIB.<\/em><\/p>\n","protected":false},"excerpt":{"rendered":"<p>El Gobierno bonaerense fij\u00f3 los vi\u00e1ticos que se destinar\u00e1n para quienes cumplan efectivamente esas funciones.<\/p>\n","protected":false},"author":5,"featured_media":16412,"comment_status":"closed","ping_status":"closed","sticky":false,"template":"","format":"standard","meta":{"_jetpack_memberships_contains_paid_content":false,"footnotes":""},"categories":[6,1],"tags":[],"class_list":["post-90774","post","type-post","status-publish","format-standard","has-post-thumbnail","hentry","category-nacionales","category-portada"],"jetpack_featured_media_url":"https:\/\/i0.wp.com\/cdnoticias.com\/wp-content\/uploads\/2021\/03\/URNA-ELECCIONES.png?fit=1278%2C549&ssl=1","jetpack_sharing_enabled":true,"_links":{"self":[{"href":"https:\/\/cdnoticias.com\/index.php\/wp-json\/wp\/v2\/posts\/90774","targetHints":{"allow":["GET"]}}],"collection":[{"href":"https:\/\/cdnoticias.com\/index.php\/wp-json\/wp\/v2\/posts"}],"about":[{"href":"https:\/\/cdnoticias.com\/index.php\/wp-json\/wp\/v2\/types\/post"}],"author":[{"embeddable":true,"href":"https:\/\/cdnoticias.com\/index.php\/wp-json\/wp\/v2\/users\/5"}],"replies":[{"embeddable":true,"href":"https:\/\/cdnoticias.com\/index.php\/wp-json\/wp\/v2\/comments?post=90774"}],"version-history":[{"count":0,"href":"https:\/\/cdnoticias.com\/index.php\/wp-json\/wp\/v2\/posts\/90774\/revisions"}],"wp:featuredmedia":[{"embeddable":true,"href":"https:\/\/cdnoticias.com\/index.php\/wp-json\/wp\/v2\/media\/16412"}],"wp:attachment":[{"href":"https:\/\/cdnoticias.com\/index.php\/wp-json\/wp\/v2\/media?parent=90774"}],"wp:term":[{"taxonomy":"category","embeddable":true,"href":"https:\/\/cdnoticias.com\/index.php\/wp-json\/wp\/v2\/categories?post=90774"},{"taxonomy":"post_tag","embeddable":true,"href":"https:\/\/cdnoticias.com\/index.php\/wp-json\/wp\/v2\/tags?post=90774"}],"curies":[{"name":"wp","href":"https:\/\/api.w.org\/{rel}","templated":true}]}}