{"id":90768,"date":"2023-07-20T08:55:19","date_gmt":"2023-07-20T11:55:19","guid":{"rendered":"https:\/\/www.centraldenoticias.com.ar\/?p=90768"},"modified":"2023-07-20T08:55:19","modified_gmt":"2023-07-20T11:55:19","slug":"sopla-el-viento-norte-y-trae-alerta-para-olavarria","status":"publish","type":"post","link":"https:\/\/cdnoticias.com\/index.php\/2023\/07\/20\/sopla-el-viento-norte-y-trae-alerta-para-olavarria\/","title":{"rendered":"Sopla el viento norte y trae alerta para Olavarr\u00eda"},"content":{"rendered":"<p>As\u00ed lo inform\u00f3 el Servicio Meteorol\u00f3gico Nacional. Las r\u00e1fagas podr\u00e1n llegar hasta los 80 km\/h.<!--more--><\/p>\n<hr \/>\n<p><em>\u201cC\u00f3mo mata el viento norte, cuando agosto est\u00e1 en el d\u00eda\u201d<\/em>, dice la canci\u00f3n popularizada por Charly Garc\u00eda y Mercedes Sosa. Si bien estamos en el mes de julio, el Servicio Meteorol\u00f3gico Nacional (SMN) emiti\u00f3 una <strong>alerta de color \u201camarillo\u201d por viento para Olavarr\u00eda.<\/strong><\/p>\n<p>&nbsp;<\/p>\n<p>La zona afectada incluye Laprida y Lamadrid y anticipa para la noche de este jueves<strong> \u201cvientos del sector norte, con velocidades entre 40 y 50 km\/h y r\u00e1fagas de hasta 80 km\/h\u201d.<\/strong><\/p>\n<p>&nbsp;<\/p>\n<p><img data-recalc-dims=\"1\" loading=\"lazy\" decoding=\"async\" class=\"aligncenter size-full wp-image-90769\" src=\"https:\/\/i0.wp.com\/cdnoticias.com\/wp-content\/uploads\/2023\/07\/alerta.jpg?resize=800%2C444&#038;ssl=1\" alt=\"\" width=\"800\" height=\"444\" srcset=\"https:\/\/i0.wp.com\/cdnoticias.com\/wp-content\/uploads\/2023\/07\/alerta.jpg?w=882&amp;ssl=1 882w, https:\/\/i0.wp.com\/cdnoticias.com\/wp-content\/uploads\/2023\/07\/alerta.jpg?resize=300%2C167&amp;ssl=1 300w, https:\/\/i0.wp.com\/cdnoticias.com\/wp-content\/uploads\/2023\/07\/alerta.jpg?resize=768%2C427&amp;ssl=1 768w, https:\/\/i0.wp.com\/cdnoticias.com\/wp-content\/uploads\/2023\/07\/alerta.jpg?resize=800%2C445&amp;ssl=1 800w\" sizes=\"auto, (max-width: 800px) 100vw, 800px\" \/><\/p>\n<p>&nbsp;<\/p>\n<p>Adem\u00e1s, el organismo prev\u00e9 para la jornada una temperatura <strong>m\u00e1xima de 15\u00b0C.<\/strong> En tanto, el viernes se presentar\u00e1 con una m\u00ednima estimada en 7\u00b0C y una m\u00e1xima de 18\u00b0C.<\/p>\n","protected":false},"excerpt":{"rendered":"<p>As\u00ed lo inform\u00f3 el Servicio Meteorol\u00f3gico Nacional. Las r\u00e1fagas podr\u00e1n llegar hasta los 80 km\/h.<\/p>\n","protected":false},"author":5,"featured_media":3176,"comment_status":"closed","ping_status":"closed","sticky":false,"template":"","format":"standard","meta":{"_jetpack_memberships_contains_paid_content":false,"footnotes":""},"categories":[5,1],"tags":[],"class_list":["post-90768","post","type-post","status-publish","format-standard","has-post-thumbnail","hentry","category-informacion-general","category-portada"],"jetpack_featured_media_url":"https:\/\/i0.wp.com\/cdnoticias.com\/wp-content\/uploads\/2020\/10\/WhatsApp-Image-2020-10-04-at-11.16.28.jpeg?fit=1152%2C864&ssl=1","jetpack_sharing_enabled":true,"_links":{"self":[{"href":"https:\/\/cdnoticias.com\/index.php\/wp-json\/wp\/v2\/posts\/90768","targetHints":{"allow":["GET"]}}],"collection":[{"href":"https:\/\/cdnoticias.com\/index.php\/wp-json\/wp\/v2\/posts"}],"about":[{"href":"https:\/\/cdnoticias.com\/index.php\/wp-json\/wp\/v2\/types\/post"}],"author":[{"embeddable":true,"href":"https:\/\/cdnoticias.com\/index.php\/wp-json\/wp\/v2\/users\/5"}],"replies":[{"embeddable":true,"href":"https:\/\/cdnoticias.com\/index.php\/wp-json\/wp\/v2\/comments?post=90768"}],"version-history":[{"count":0,"href":"https:\/\/cdnoticias.com\/index.php\/wp-json\/wp\/v2\/posts\/90768\/revisions"}],"wp:featuredmedia":[{"embeddable":true,"href":"https:\/\/cdnoticias.com\/index.php\/wp-json\/wp\/v2\/media\/3176"}],"wp:attachment":[{"href":"https:\/\/cdnoticias.com\/index.php\/wp-json\/wp\/v2\/media?parent=90768"}],"wp:term":[{"taxonomy":"category","embeddable":true,"href":"https:\/\/cdnoticias.com\/index.php\/wp-json\/wp\/v2\/categories?post=90768"},{"taxonomy":"post_tag","embeddable":true,"href":"https:\/\/cdnoticias.com\/index.php\/wp-json\/wp\/v2\/tags?post=90768"}],"curies":[{"name":"wp","href":"https:\/\/api.w.org\/{rel}","templated":true}]}}