{"id":90711,"date":"2023-07-20T19:30:06","date_gmt":"2023-07-20T22:30:06","guid":{"rendered":"https:\/\/www.centraldenoticias.com.ar\/?p=90711"},"modified":"2023-07-20T19:30:06","modified_gmt":"2023-07-20T22:30:06","slug":"taller-de-formacion-en-perspectiva-de-genero-para-agentes-penitenciarios-en-sierra-chica","status":"publish","type":"post","link":"https:\/\/cdnoticias.com\/index.php\/2023\/07\/20\/taller-de-formacion-en-perspectiva-de-genero-para-agentes-penitenciarios-en-sierra-chica\/","title":{"rendered":"Taller de formaci\u00f3n en perspectiva de g\u00e9nero para agentes penitenciarios en Sierra Chica"},"content":{"rendered":"<p>Participaron subdirectoras\/es de Seguridad, subjefas\/es de Vigilancia, jefas\/es de la guardia, subdirectoras\/es de Asistencia y Tratamiento, subjefas\/es de Asistencia y Tratamiento de las Unidades Penitenciarias N\u00b0 2, 17, 27, 38, 7, 14, 30, 37 y 52.<!--more--><\/p>\n<hr \/>\n<p>Recientemente se llevaron a cabo <strong>dos capacitaciones destinadas al personal que cumple funciones en las Unidades de Sierra Chica<\/strong> que integran el Complejo Penitenciario Centro Zona Sur. La primera de ellas se refiri\u00f3 al <strong>Patronato de Liberados<\/strong> y el trabajo en conjunto que realizan con los agentes. Estuvo a cargo de la subdirectora Territorial 1 Mariana Begbeder y el objetivo fue la profundizaci\u00f3n en cuanto a las tareas y funciones del Patronato, &#8220;las cuales se plantean como bisagra en el tratamiento de las personas en conflicto con la ley penal&#8221;.<\/p>\n<p>&nbsp;<\/p>\n<p>Por otra parte, <strong>Andrea Lescano y N\u00e9stor Garc\u00eda, los padres de Micaela Garc\u00eda,<\/strong> v\u00edctima de femicidio en 2017, y responsables de la fundaci\u00f3n que lleva su nombre, brindaron un nuevo encuentro para agentes penitenciarios de la zona.<\/p>\n<p>&nbsp;<\/p>\n<p>El <strong>taller de formaci\u00f3n en perspectiva de g\u00e9nero,<\/strong> impulsado desde la Direcci\u00f3n de Estudios Penitenciarios, &#8220;apunt\u00f3 a sensibilizar acerca de la problem\u00e1tica de la violencia de g\u00e9nero, los motivos sociales y culturales que la generan y reproducen, su alcance y consecuencias&#8221;.<\/p>\n<p>&nbsp;<\/p>\n<p><img data-recalc-dims=\"1\" loading=\"lazy\" decoding=\"async\" class=\"aligncenter wp-image-90712 size-full\" src=\"https:\/\/i0.wp.com\/cdnoticias.com\/wp-content\/uploads\/2023\/07\/CCZS-Capacitaciones-Patronato-y-Micaela-Julio-2023-Ley-MicaelaB.jpeg?resize=800%2C369&#038;ssl=1\" alt=\"\" width=\"800\" height=\"369\" srcset=\"https:\/\/i0.wp.com\/cdnoticias.com\/wp-content\/uploads\/2023\/07\/CCZS-Capacitaciones-Patronato-y-Micaela-Julio-2023-Ley-MicaelaB.jpeg?w=1156&amp;ssl=1 1156w, https:\/\/i0.wp.com\/cdnoticias.com\/wp-content\/uploads\/2023\/07\/CCZS-Capacitaciones-Patronato-y-Micaela-Julio-2023-Ley-MicaelaB.jpeg?resize=300%2C138&amp;ssl=1 300w, https:\/\/i0.wp.com\/cdnoticias.com\/wp-content\/uploads\/2023\/07\/CCZS-Capacitaciones-Patronato-y-Micaela-Julio-2023-Ley-MicaelaB.jpeg?resize=1024%2C472&amp;ssl=1 1024w, https:\/\/i0.wp.com\/cdnoticias.com\/wp-content\/uploads\/2023\/07\/CCZS-Capacitaciones-Patronato-y-Micaela-Julio-2023-Ley-MicaelaB.jpeg?resize=768%2C354&amp;ssl=1 768w\" sizes=\"auto, (max-width: 800px) 100vw, 800px\" \/><\/p>\n<p>&nbsp;<\/p>\n<p>Adem\u00e1s, se hizo hincapi\u00e9 en &#8220;<em><strong>modernizar las pr\u00e1cticas institucionales del Estado, identificando cr\u00edticamente aquellas miradas y pr\u00e1cticas que naturalizan y reproducen la discriminaci\u00f3n y la violencia por motivos de g\u00e9nero dentro de la Instituci\u00f3n&#8221;.\u00a0<\/strong><\/em><\/p>\n<p>&nbsp;<\/p>\n<p>Participaron subdirectoras\/es de Seguridad, subjefas\/es de Vigilancia, jefas\/es de la guardia, subdirectoras\/es de Asistencia y Tratamiento, subjefas\/es de Asistencia y Tratamiento de las Unidades Penitenciarias N\u00b0 2, 17, 27, 38, 7, 14, 30, 37 y 52. Capacitaci\u00f3n fundamental para acompa\u00f1ar y visibilizar la apuesta de transversalizar la formaci\u00f3n en perspectiva de g\u00e9nero.<\/p>\n<p>&nbsp;<\/p>\n<p>Ambas capacitaciones se realizaron en la Sede Acad\u00e9mica Descentralizada del Complejo \u201cInspector General Fabi\u00e1n Roberto Recofsky\u201d, perteneciente al Centro de Capacitaci\u00f3n y Reentrenamiento Permanente del Personal Penitenciario.<\/p>\n","protected":false},"excerpt":{"rendered":"<p>Participaron subdirectoras\/es de Seguridad, subjefas\/es de Vigilancia, jefas\/es de la guardia, subdirectoras\/es de Asistencia y Tratamiento, subjefas\/es de Asistencia y<\/p>\n","protected":false},"author":6,"featured_media":90713,"comment_status":"closed","ping_status":"closed","sticky":false,"template":"","format":"standard","meta":{"_jetpack_memberships_contains_paid_content":false,"footnotes":""},"categories":[5,1],"tags":[],"class_list":["post-90711","post","type-post","status-publish","format-standard","has-post-thumbnail","hentry","category-informacion-general","category-portada"],"jetpack_featured_media_url":"https:\/\/i0.wp.com\/cdnoticias.com\/wp-content\/uploads\/2023\/07\/CCZS-Capacitaciones-Patronato-y-Micaela-Julio-2023-Ley-MicaelaA.jpeg?fit=1280%2C720&ssl=1","jetpack_sharing_enabled":true,"_links":{"self":[{"href":"https:\/\/cdnoticias.com\/index.php\/wp-json\/wp\/v2\/posts\/90711","targetHints":{"allow":["GET"]}}],"collection":[{"href":"https:\/\/cdnoticias.com\/index.php\/wp-json\/wp\/v2\/posts"}],"about":[{"href":"https:\/\/cdnoticias.com\/index.php\/wp-json\/wp\/v2\/types\/post"}],"author":[{"embeddable":true,"href":"https:\/\/cdnoticias.com\/index.php\/wp-json\/wp\/v2\/users\/6"}],"replies":[{"embeddable":true,"href":"https:\/\/cdnoticias.com\/index.php\/wp-json\/wp\/v2\/comments?post=90711"}],"version-history":[{"count":0,"href":"https:\/\/cdnoticias.com\/index.php\/wp-json\/wp\/v2\/posts\/90711\/revisions"}],"wp:featuredmedia":[{"embeddable":true,"href":"https:\/\/cdnoticias.com\/index.php\/wp-json\/wp\/v2\/media\/90713"}],"wp:attachment":[{"href":"https:\/\/cdnoticias.com\/index.php\/wp-json\/wp\/v2\/media?parent=90711"}],"wp:term":[{"taxonomy":"category","embeddable":true,"href":"https:\/\/cdnoticias.com\/index.php\/wp-json\/wp\/v2\/categories?post=90711"},{"taxonomy":"post_tag","embeddable":true,"href":"https:\/\/cdnoticias.com\/index.php\/wp-json\/wp\/v2\/tags?post=90711"}],"curies":[{"name":"wp","href":"https:\/\/api.w.org\/{rel}","templated":true}]}}