{"id":90702,"date":"2023-07-20T18:30:48","date_gmt":"2023-07-20T21:30:48","guid":{"rendered":"https:\/\/www.centraldenoticias.com.ar\/?p=90702"},"modified":"2023-07-20T18:30:48","modified_gmt":"2023-07-20T21:30:48","slug":"funcion-de-titeres-en-la-casa-del-bicentenario","status":"publish","type":"post","link":"https:\/\/cdnoticias.com\/index.php\/2023\/07\/20\/funcion-de-titeres-en-la-casa-del-bicentenario\/","title":{"rendered":"Funci\u00f3n de t\u00edteres en la Casa del Bicentenario"},"content":{"rendered":"<p>Ser\u00e1 este viernes 21 de julio a partir de las 16 horas. Las entradas ya se encuentran a la venta. <!--more--><\/p>\n<hr \/>\n<p>Este<strong> viernes<\/strong> se llevar\u00e1 a cabo una <strong>funci\u00f3n de t\u00edteres<\/strong> en la <strong>Casa del Bicentenario<\/strong> a partir de las 16 horas.<\/p>\n<p>&nbsp;<\/p>\n<p>La obra se llama &#8220;\u00a1<em><strong>El monte era una fiesta<\/strong><\/em>!&#8221;, una versi\u00f3n libre de los cuentos de Gustavo Rold\u00e1n.<\/p>\n<p>&nbsp;<\/p>\n<p>La reserva de entradas se puede hacer al n\u00famero <strong>3541-648843.<\/strong> El valor de entradas anticipadas es de $1000. Entradas en puerta $1300.<\/p>\n<p>&nbsp;<\/p>\n<p>&nbsp;<\/p>\n","protected":false},"excerpt":{"rendered":"<p>Ser\u00e1 este viernes 21 de julio a partir de las 16 horas. Las entradas ya se encuentran a la venta.<\/p>\n","protected":false},"author":6,"featured_media":90705,"comment_status":"closed","ping_status":"closed","sticky":false,"template":"","format":"standard","meta":{"_jetpack_memberships_contains_paid_content":false,"footnotes":""},"categories":[9,1],"tags":[],"class_list":["post-90702","post","type-post","status-publish","format-standard","has-post-thumbnail","hentry","category-cultura","category-portada"],"jetpack_featured_media_url":"https:\/\/i0.wp.com\/cdnoticias.com\/wp-content\/uploads\/2023\/07\/Diseno-sin-titulo-88.jpg?fit=1920%2C1080&ssl=1","jetpack_sharing_enabled":true,"_links":{"self":[{"href":"https:\/\/cdnoticias.com\/index.php\/wp-json\/wp\/v2\/posts\/90702","targetHints":{"allow":["GET"]}}],"collection":[{"href":"https:\/\/cdnoticias.com\/index.php\/wp-json\/wp\/v2\/posts"}],"about":[{"href":"https:\/\/cdnoticias.com\/index.php\/wp-json\/wp\/v2\/types\/post"}],"author":[{"embeddable":true,"href":"https:\/\/cdnoticias.com\/index.php\/wp-json\/wp\/v2\/users\/6"}],"replies":[{"embeddable":true,"href":"https:\/\/cdnoticias.com\/index.php\/wp-json\/wp\/v2\/comments?post=90702"}],"version-history":[{"count":0,"href":"https:\/\/cdnoticias.com\/index.php\/wp-json\/wp\/v2\/posts\/90702\/revisions"}],"wp:featuredmedia":[{"embeddable":true,"href":"https:\/\/cdnoticias.com\/index.php\/wp-json\/wp\/v2\/media\/90705"}],"wp:attachment":[{"href":"https:\/\/cdnoticias.com\/index.php\/wp-json\/wp\/v2\/media?parent=90702"}],"wp:term":[{"taxonomy":"category","embeddable":true,"href":"https:\/\/cdnoticias.com\/index.php\/wp-json\/wp\/v2\/categories?post=90702"},{"taxonomy":"post_tag","embeddable":true,"href":"https:\/\/cdnoticias.com\/index.php\/wp-json\/wp\/v2\/tags?post=90702"}],"curies":[{"name":"wp","href":"https:\/\/api.w.org\/{rel}","templated":true}]}}