{"id":90683,"date":"2023-07-19T17:30:03","date_gmt":"2023-07-19T20:30:03","guid":{"rendered":"https:\/\/www.centraldenoticias.com.ar\/?p=90683"},"modified":"2023-07-19T18:55:33","modified_gmt":"2023-07-19T21:55:33","slug":"paso-casi-100-mil-electores-en-olavarria","status":"publish","type":"post","link":"https:\/\/cdnoticias.com\/index.php\/2023\/07\/19\/paso-casi-100-mil-electores-en-olavarria\/","title":{"rendered":"PASO: casi 100 mil electores en Olavarr\u00eda"},"content":{"rendered":"<p>El padr\u00f3n general cuenta con 98.339 electores y a ellos se suman los extranjeros. Representa un crecimiento de 1,2%.<\/p>\n<p><!--more--><\/p>\n<hr \/>\n<p>A poco menos de un mes para las <strong>PASO<\/strong>, comienza a conocerse informaci\u00f3n de la <strong>organizaci\u00f3n del acto eleccionario<\/strong>.<\/p>\n<p>&nbsp;<\/p>\n<p>En ese sentido, <strong>Central de Noticias<\/strong> pudo saber que el padr\u00f3n general de electores de Olavarr\u00eda se compone de <strong>98.339 electores<\/strong> para quienes se dispondr\u00e1n <strong>292 mesas<\/strong>.<\/p>\n<p>&nbsp;<\/p>\n<p>A ello debe sumarse el padr\u00f3n de<strong> extranjeros<\/strong>:<strong> son 1.527 los electores habilitados<\/strong> y tendr\u00e1n cuatro mesas, <a href=\"https:\/\/cdnoticias.com\/index.php\/2023\/07\/09\/en-olavarria-estan-habilitados-a-votar-1-527-extranjeros\/\" target=\"_blank\" rel=\"noopener\">tal como se inform\u00f3 d\u00edas pasados<\/a>.<\/p>\n<p>&nbsp;<\/p>\n<blockquote><p>De esa manera, son 99.866 las personas habilitadas a votar en las Primarias del 11 de agosto en Olavarr\u00eda en 296 mesas.<\/p><\/blockquote>\n<p>&nbsp;<\/p>\n<p>La cifra representa un<strong> crecimiento de 1,2% de la cantidad de electores<\/strong> en comparaci\u00f3n con las PASO de 2021. Hace dos a\u00f1os se contaron 98.577 electores en 294 mesas.<\/p>\n<p>&nbsp;<\/p>\n<p>Respecto de las mesas, si bien a\u00fan no se conoci\u00f3 la ubicaci\u00f3n de todas ellas, se confirm\u00f3 que <a href=\"https:\/\/cdnoticias.com\/index.php\/2023\/07\/19\/al-final-hubo-cambio-la-escuela-de-espigas-tendra-las-dos-mesas-para-las-paso\/\" target=\"_blank\" rel=\"noopener\">la EP N\u00ba 30 de Espigas se mantendr\u00e1 como sede del Circuito 725<\/a>.<\/p>\n<p>&nbsp;<\/p>\n<blockquote class=\"wp-embedded-content\" data-secret=\"Qhg2R4mLlW\"><p><a href=\"https:\/\/cdnoticias.com\/index.php\/2023\/07\/09\/en-olavarria-estan-habilitados-a-votar-1-527-extranjeros\/\">En Olavarr\u00eda est\u00e1n habilitados a votar 1.527 extranjeros<\/a><\/p><\/blockquote>\n<p><iframe loading=\"lazy\" class=\"wp-embedded-content\" sandbox=\"allow-scripts\" security=\"restricted\" style=\"position: absolute; clip: rect(1px, 1px, 1px, 1px);\" title=\"&#8220;En Olavarr\u00eda est\u00e1n habilitados a votar 1.527 extranjeros&#8221; &#8212; Central de Noticias | Olavarr\u00eda\" src=\"https:\/\/cdnoticias.com\/index.php\/2023\/07\/09\/en-olavarria-estan-habilitados-a-votar-1-527-extranjeros\/embed\/#?secret=AnkxYWPglW#?secret=Qhg2R4mLlW\" data-secret=\"Qhg2R4mLlW\" width=\"600\" height=\"338\" frameborder=\"0\" marginwidth=\"0\" marginheight=\"0\" scrolling=\"no\"><\/iframe><\/p>\n","protected":false},"excerpt":{"rendered":"<p>El padr\u00f3n general cuenta con 98.339 electores y a ellos se suman los extranjeros. Representa un crecimiento de 1,2%.<\/p>\n","protected":false},"author":4,"featured_media":32914,"comment_status":"closed","ping_status":"closed","sticky":false,"template":"","format":"standard","meta":{"_jetpack_memberships_contains_paid_content":false,"footnotes":""},"categories":[4,1],"tags":[],"class_list":["post-90683","post","type-post","status-publish","format-standard","has-post-thumbnail","hentry","category-politica","category-portada"],"jetpack_featured_media_url":"https:\/\/i0.wp.com\/cdnoticias.com\/wp-content\/uploads\/2021\/09\/elecciones-PASO-2021-02.jpg?fit=1270%2C706&ssl=1","jetpack_sharing_enabled":true,"_links":{"self":[{"href":"https:\/\/cdnoticias.com\/index.php\/wp-json\/wp\/v2\/posts\/90683","targetHints":{"allow":["GET"]}}],"collection":[{"href":"https:\/\/cdnoticias.com\/index.php\/wp-json\/wp\/v2\/posts"}],"about":[{"href":"https:\/\/cdnoticias.com\/index.php\/wp-json\/wp\/v2\/types\/post"}],"author":[{"embeddable":true,"href":"https:\/\/cdnoticias.com\/index.php\/wp-json\/wp\/v2\/users\/4"}],"replies":[{"embeddable":true,"href":"https:\/\/cdnoticias.com\/index.php\/wp-json\/wp\/v2\/comments?post=90683"}],"version-history":[{"count":0,"href":"https:\/\/cdnoticias.com\/index.php\/wp-json\/wp\/v2\/posts\/90683\/revisions"}],"wp:featuredmedia":[{"embeddable":true,"href":"https:\/\/cdnoticias.com\/index.php\/wp-json\/wp\/v2\/media\/32914"}],"wp:attachment":[{"href":"https:\/\/cdnoticias.com\/index.php\/wp-json\/wp\/v2\/media?parent=90683"}],"wp:term":[{"taxonomy":"category","embeddable":true,"href":"https:\/\/cdnoticias.com\/index.php\/wp-json\/wp\/v2\/categories?post=90683"},{"taxonomy":"post_tag","embeddable":true,"href":"https:\/\/cdnoticias.com\/index.php\/wp-json\/wp\/v2\/tags?post=90683"}],"curies":[{"name":"wp","href":"https:\/\/api.w.org\/{rel}","templated":true}]}}