{"id":90681,"date":"2023-07-19T12:21:51","date_gmt":"2023-07-19T15:21:51","guid":{"rendered":"https:\/\/www.centraldenoticias.com.ar\/?p=90681"},"modified":"2023-07-19T12:21:51","modified_gmt":"2023-07-19T15:21:51","slug":"vergel-celebro-el-cambio-de-lugar-de-votacion-en-espigas","status":"publish","type":"post","link":"https:\/\/cdnoticias.com\/index.php\/2023\/07\/19\/vergel-celebro-el-cambio-de-lugar-de-votacion-en-espigas\/","title":{"rendered":"Vergel celebr\u00f3 el cambio de lugar de votaci\u00f3n en Espigas"},"content":{"rendered":"<p>Finalmente y luego de las gestiones realizadas por la edil radical, los vecinos de la localidad votar\u00e1n en la Escuela Primaria N\u00b0 30.<\/p>\n<p><!--more--><\/p>\n<hr \/>\n<p>La <strong>concejal de la Uni\u00f3n C\u00edvica Radical, Bel\u00e9n Vergel<\/strong>, inform\u00f3 a trav\u00e9s de sus redes sociales que el <strong>Juzgado Federal Electoral N\u00b0 1 de La Plata<\/strong> resolvi\u00f3 el cambio del<strong> lugar de votaci\u00f3n en Espigas<\/strong> para los pr\u00f3ximos comicios.<\/p>\n<p>&nbsp;<\/p>\n<p>&#8220;Esto se pudo lograr <strong>gracias a las gestiones que la edil radical llev\u00f3 adelante en las \u00faltimas horas<\/strong>, tras el encuentro que mantuvo con los vecinos de la localidad quienes le hab\u00edan transmitido su preocupaci\u00f3n ante esta situaci\u00f3n&#8221; inform\u00f3 la UCR. <a href=\"https:\/\/cdnoticias.com\/index.php\/2023\/07\/18\/elecciones-y-mesas-de-espigas-hay-tiempo-para-resolverlo-hace-falta-voluntad\/\" target=\"_blank\" rel=\"noopener\">La concejal y tambi\u00e9n presidenta del radicalismo local se hab\u00eda mostrado confiada en que la modificaci\u00f3n iba a realizarse<\/a>.<\/p>\n<p>&nbsp;<\/p>\n<blockquote><p>Finalmente, los habitantes podr\u00e1n votar en la Escuela Primaria N\u00b0 30 como hist\u00f3ricamente lo han hecho, y no en la Escuela Primaria N\u00b0 47 que se encuentra a casi 20 kil\u00f3metros de Espigas.<\/p><\/blockquote>\n<p>&nbsp;<\/p>\n<p>Al respecto, Vergel celebr\u00f3 lo sucedido y manifest\u00f3 en su cuenta de Twitter:<em> &#8220;Lo logramos. Luego de haber enviado videos, fotos y los reclamos de los vecinos de Espigas, lleg\u00f3 el cambio de lugar de votaci\u00f3n. Ser\u00e1 en la EP 30 como fue hist\u00f3ricamente&#8221;<\/em>.<\/p>\n<p>&nbsp;<\/p>\n<blockquote class=\"twitter-tweet\">\n<p dir=\"ltr\" lang=\"es\">Lo logramos!!! Luego de haber enviado, videos, fotos y los reclamos de los vecinos de Espigas, lleg\u00f3 el cambio de lugar de votaci\u00f3n. Ser\u00e1 en la EP 30 como fue hist\u00f3ricamente <a href=\"https:\/\/t.co\/U4dyXA7Z4n\">pic.twitter.com\/U4dyXA7Z4n<\/a><\/p>\n<p>\u2014 Bel\u00e9n Vergel (@vergel_belen) <a href=\"https:\/\/twitter.com\/vergel_belen\/status\/1681671956976881664?ref_src=twsrc%5Etfw\">July 19, 2023<\/a><\/p><\/blockquote>\n<p><script async src=\"https:\/\/platform.twitter.com\/widgets.js\" charset=\"utf-8\"><\/script><\/p>\n<p>&nbsp;<\/p>\n","protected":false},"excerpt":{"rendered":"<p>Finalmente y luego de las gestiones realizadas por la edil radical, los vecinos de la localidad votar\u00e1n en la Escuela<\/p>\n","protected":false},"author":4,"featured_media":75039,"comment_status":"closed","ping_status":"closed","sticky":false,"template":"","format":"standard","meta":{"_jetpack_memberships_contains_paid_content":false,"footnotes":""},"categories":[4,1],"tags":[],"class_list":["post-90681","post","type-post","status-publish","format-standard","has-post-thumbnail","hentry","category-politica","category-portada"],"jetpack_featured_media_url":"https:\/\/i0.wp.com\/cdnoticias.com\/wp-content\/uploads\/2023\/01\/Belen-Vergel-UCR.jpeg?fit=1280%2C855&ssl=1","jetpack_sharing_enabled":true,"_links":{"self":[{"href":"https:\/\/cdnoticias.com\/index.php\/wp-json\/wp\/v2\/posts\/90681","targetHints":{"allow":["GET"]}}],"collection":[{"href":"https:\/\/cdnoticias.com\/index.php\/wp-json\/wp\/v2\/posts"}],"about":[{"href":"https:\/\/cdnoticias.com\/index.php\/wp-json\/wp\/v2\/types\/post"}],"author":[{"embeddable":true,"href":"https:\/\/cdnoticias.com\/index.php\/wp-json\/wp\/v2\/users\/4"}],"replies":[{"embeddable":true,"href":"https:\/\/cdnoticias.com\/index.php\/wp-json\/wp\/v2\/comments?post=90681"}],"version-history":[{"count":0,"href":"https:\/\/cdnoticias.com\/index.php\/wp-json\/wp\/v2\/posts\/90681\/revisions"}],"wp:featuredmedia":[{"embeddable":true,"href":"https:\/\/cdnoticias.com\/index.php\/wp-json\/wp\/v2\/media\/75039"}],"wp:attachment":[{"href":"https:\/\/cdnoticias.com\/index.php\/wp-json\/wp\/v2\/media?parent=90681"}],"wp:term":[{"taxonomy":"category","embeddable":true,"href":"https:\/\/cdnoticias.com\/index.php\/wp-json\/wp\/v2\/categories?post=90681"},{"taxonomy":"post_tag","embeddable":true,"href":"https:\/\/cdnoticias.com\/index.php\/wp-json\/wp\/v2\/tags?post=90681"}],"curies":[{"name":"wp","href":"https:\/\/api.w.org\/{rel}","templated":true}]}}