{"id":90668,"date":"2023-07-19T09:20:22","date_gmt":"2023-07-19T12:20:22","guid":{"rendered":"https:\/\/www.centraldenoticias.com.ar\/?p=90668"},"modified":"2023-07-19T11:13:04","modified_gmt":"2023-07-19T14:13:04","slug":"paso-2023-desde-este-miercoles-quedan-prohibidos-los-actos-y-anuncios-de-gobierno","status":"publish","type":"post","link":"https:\/\/cdnoticias.com\/index.php\/2023\/07\/19\/paso-2023-desde-este-miercoles-quedan-prohibidos-los-actos-y-anuncios-de-gobierno\/","title":{"rendered":"PASO 2023: desde este mi\u00e9rcoles quedan prohibidos los actos y anuncios de Gobierno"},"content":{"rendered":"<p>Estos eventos no se pueden realizar durante los 25 d\u00edas anteriores a la celebraci\u00f3n de los comicios. Las PASO ser\u00e1n el 13 de agosto y las generales, el 22 de octubre.<!--more--><\/p>\n<hr \/>\n<p>Los gobiernos nacionales, provinciales o municipales no podr\u00e1n <strong>desde este mi\u00e9rcoles realizar actos ni anuncios p\u00fablicos de gesti\u00f3n que puedan promover la captaci\u00f3n del sufragio<\/strong>, de cara a las elecciones primarias, abiertas, simult\u00e1neas y obligatorias (PASO).<\/p>\n<p>&nbsp;<\/p>\n<p>El art\u00edculo 64 del C\u00f3digo Electoral Nacional (Ley 19.945) establece la <strong>prohibici\u00f3n de esos eventos durante los 25 d\u00edas anteriores a la celebraci\u00f3n de las PASO<\/strong>, que ser\u00e1n el 13 de agosto, y de las generales, programadas para el 22 de octubre.<\/p>\n<p>&nbsp;<\/p>\n<blockquote><p>\u201cQueda prohibido durante los veinticinco (25) d\u00edas anteriores a la fecha fijada para la celebraci\u00f3n de las elecciones primarias, abiertas y simult\u00e1neas, y la elecci\u00f3n general, la realizaci\u00f3n de actos inaugurales de obras p\u00fablicas, el lanzamiento o promoci\u00f3n de planes, proyectos o programas de alcance colectivo\u201d, reza el art\u00edculo.<\/p><\/blockquote>\n<p>&nbsp;<\/p>\n<p>Y agrega: \u201cen general, la realizaci\u00f3n de todo acto de gobierno que pueda promover la captaci\u00f3n del sufragio a favor de cualquiera de los candidatos a cargos p\u00fablicos electivos nacionales, o de las agrupaciones por las que compiten\u201d.<\/p>\n<p>&nbsp;<\/p>\n<p><em>Fuente: DIB.<\/em><\/p>\n","protected":false},"excerpt":{"rendered":"<p>Estos eventos no se pueden realizar durante los 25 d\u00edas anteriores a la celebraci\u00f3n de los comicios. Las PASO ser\u00e1n<\/p>\n","protected":false},"author":5,"featured_media":12116,"comment_status":"closed","ping_status":"closed","sticky":false,"template":"","format":"standard","meta":{"_jetpack_memberships_contains_paid_content":false,"footnotes":""},"categories":[6,1],"tags":[],"class_list":["post-90668","post","type-post","status-publish","format-standard","has-post-thumbnail","hentry","category-nacionales","category-portada"],"jetpack_featured_media_url":"https:\/\/i0.wp.com\/cdnoticias.com\/wp-content\/uploads\/2021\/01\/paso-1068x640.jpg?fit=1068%2C640&ssl=1","jetpack_sharing_enabled":true,"_links":{"self":[{"href":"https:\/\/cdnoticias.com\/index.php\/wp-json\/wp\/v2\/posts\/90668","targetHints":{"allow":["GET"]}}],"collection":[{"href":"https:\/\/cdnoticias.com\/index.php\/wp-json\/wp\/v2\/posts"}],"about":[{"href":"https:\/\/cdnoticias.com\/index.php\/wp-json\/wp\/v2\/types\/post"}],"author":[{"embeddable":true,"href":"https:\/\/cdnoticias.com\/index.php\/wp-json\/wp\/v2\/users\/5"}],"replies":[{"embeddable":true,"href":"https:\/\/cdnoticias.com\/index.php\/wp-json\/wp\/v2\/comments?post=90668"}],"version-history":[{"count":0,"href":"https:\/\/cdnoticias.com\/index.php\/wp-json\/wp\/v2\/posts\/90668\/revisions"}],"wp:featuredmedia":[{"embeddable":true,"href":"https:\/\/cdnoticias.com\/index.php\/wp-json\/wp\/v2\/media\/12116"}],"wp:attachment":[{"href":"https:\/\/cdnoticias.com\/index.php\/wp-json\/wp\/v2\/media?parent=90668"}],"wp:term":[{"taxonomy":"category","embeddable":true,"href":"https:\/\/cdnoticias.com\/index.php\/wp-json\/wp\/v2\/categories?post=90668"},{"taxonomy":"post_tag","embeddable":true,"href":"https:\/\/cdnoticias.com\/index.php\/wp-json\/wp\/v2\/tags?post=90668"}],"curies":[{"name":"wp","href":"https:\/\/api.w.org\/{rel}","templated":true}]}}