{"id":90665,"date":"2023-07-19T08:29:53","date_gmt":"2023-07-19T11:29:53","guid":{"rendered":"https:\/\/www.centraldenoticias.com.ar\/?p=90665"},"modified":"2023-07-19T08:29:53","modified_gmt":"2023-07-19T11:29:53","slug":"la-directora-del-banco-nacion-estara-en-la-union-industrial-de-olavarria","status":"publish","type":"post","link":"https:\/\/cdnoticias.com\/index.php\/2023\/07\/19\/la-directora-del-banco-nacion-estara-en-la-union-industrial-de-olavarria\/","title":{"rendered":"La directora del Banco Naci\u00f3n estar\u00e1 en la Uni\u00f3n Industrial de Olavarr\u00eda"},"content":{"rendered":"<p>Ser\u00e1 este mi\u00e9rcoles a las 18:30 en la sede de Coronel Su\u00e1rez 2543. Julia Strada estar\u00e1 acompa\u00f1ada por Maximiliano Wesner.<!--more--><\/p>\n<hr \/>\n<p>Este mi\u00e9rcoles 19 de julio a las 18:30 la <strong>directora del Banco Naci\u00f3n, Julia Strada,<\/strong> estar\u00e1 en la sede de la Uni\u00f3n Industrial de Olavarr\u00eda.<\/p>\n<p>&nbsp;<\/p>\n<p>Junto a Maximiliano Wesner se reunir\u00e1 con socios clientes y no clientes de la entidad bancaria. El encuentro ser\u00e1 en la sede de<strong> Coronel Su\u00e1rez 2543.<\/strong><\/p>\n<p>&nbsp;<\/p>\n<p>Destacaron que el objetivo es <strong>&#8220;brindarles informaci\u00f3n, escuchar inquietudes y acercarles herramientas&#8221;.<\/strong><\/p>\n","protected":false},"excerpt":{"rendered":"<p>Ser\u00e1 este mi\u00e9rcoles a las 18:30 en la sede de Coronel Su\u00e1rez 2543. Julia Strada estar\u00e1 acompa\u00f1ada por Maximiliano Wesner.<\/p>\n","protected":false},"author":5,"featured_media":90666,"comment_status":"closed","ping_status":"closed","sticky":false,"template":"","format":"standard","meta":{"_jetpack_memberships_contains_paid_content":false,"footnotes":""},"categories":[5,1],"tags":[],"class_list":["post-90665","post","type-post","status-publish","format-standard","has-post-thumbnail","hentry","category-informacion-general","category-portada"],"jetpack_featured_media_url":"https:\/\/i0.wp.com\/cdnoticias.com\/wp-content\/uploads\/2023\/07\/julia-strada.jpg?fit=800%2C445&ssl=1","jetpack_sharing_enabled":true,"_links":{"self":[{"href":"https:\/\/cdnoticias.com\/index.php\/wp-json\/wp\/v2\/posts\/90665","targetHints":{"allow":["GET"]}}],"collection":[{"href":"https:\/\/cdnoticias.com\/index.php\/wp-json\/wp\/v2\/posts"}],"about":[{"href":"https:\/\/cdnoticias.com\/index.php\/wp-json\/wp\/v2\/types\/post"}],"author":[{"embeddable":true,"href":"https:\/\/cdnoticias.com\/index.php\/wp-json\/wp\/v2\/users\/5"}],"replies":[{"embeddable":true,"href":"https:\/\/cdnoticias.com\/index.php\/wp-json\/wp\/v2\/comments?post=90665"}],"version-history":[{"count":0,"href":"https:\/\/cdnoticias.com\/index.php\/wp-json\/wp\/v2\/posts\/90665\/revisions"}],"wp:featuredmedia":[{"embeddable":true,"href":"https:\/\/cdnoticias.com\/index.php\/wp-json\/wp\/v2\/media\/90666"}],"wp:attachment":[{"href":"https:\/\/cdnoticias.com\/index.php\/wp-json\/wp\/v2\/media?parent=90665"}],"wp:term":[{"taxonomy":"category","embeddable":true,"href":"https:\/\/cdnoticias.com\/index.php\/wp-json\/wp\/v2\/categories?post=90665"},{"taxonomy":"post_tag","embeddable":true,"href":"https:\/\/cdnoticias.com\/index.php\/wp-json\/wp\/v2\/tags?post=90665"}],"curies":[{"name":"wp","href":"https:\/\/api.w.org\/{rel}","templated":true}]}}