{"id":90610,"date":"2023-07-19T08:24:20","date_gmt":"2023-07-19T11:24:20","guid":{"rendered":"https:\/\/www.centraldenoticias.com.ar\/?p=90610"},"modified":"2023-07-19T09:20:34","modified_gmt":"2023-07-19T12:20:34","slug":"encuentro-minero-2023-el-balance-es-muy-positivo","status":"publish","type":"post","link":"https:\/\/cdnoticias.com\/index.php\/2023\/07\/19\/encuentro-minero-2023-el-balance-es-muy-positivo\/","title":{"rendered":"Encuentro Minero 2023: \u201cEl balance es muy positivo\u201d"},"content":{"rendered":"<p>As\u00ed lo expres\u00f3 el director de Miner\u00eda de la Municipalidad, Daniel Lencina. El encuentro reuni\u00f3 a m\u00e1s de 80 empresas mineras y de servicios.<!--more--><\/p>\n<hr \/>\n<p>Durante la jornada del pasado viernes el Centro de Convenciones Municipal fue sede de una<a href=\"https:\/\/cdnoticias.com\/index.php\/2023\/07\/14\/se-inauguro-el-encuentro-minero-con-mas-de-100-empresas\/\" target=\"_blank\" rel=\"noopener\"> nueva edici\u00f3n del Encuentro Minero<\/a>, evento que c<strong>onvoc\u00f3 a m\u00e1s de 80 empresas mineras y de servicios a la miner\u00eda, ofreciendo no s\u00f3lo un espacio de visibilidad, sino tambi\u00e9n de di\u00e1logo y vinculaci\u00f3n.<\/strong><\/p>\n<p>&nbsp;<\/p>\n<p><strong>\u201cEl balance es muy positivo\u201d<\/strong>, expres\u00f3 el <strong>director de Miner\u00eda de la Municipalidad de Olavarr\u00eda Daniel Lencina<\/strong>, quien detall\u00f3 que fueron alrededor de 300 las personas que concurrieron al evento que se inici\u00f3 a primera hora de la ma\u00f1ana y se prolong\u00f3 hasta el cierre de la tarde.<\/p>\n<p>&nbsp;<\/p>\n<p>Uno de los puntos sobresalientes de la jornada fue la concreci\u00f3n de ruedas de negocios, marco en el que se generaron <strong>m\u00e1s de 420 reuniones.<\/strong> Tal es as\u00ed que los encuentros se prolongaron durante m\u00e1s de 4 horas. \u201cLas empresas manifestaban que necesitaban de estos eventos para dialogar y realizar reuniones de negocios\u201d, se\u00f1al\u00f3 Lencina, quien agreg\u00f3 que los empresarios \u201cnos solicitaron realizar un nuevo evento este a\u00f1o\u201d.<\/p>\n<p>&nbsp;<\/p>\n<p>Tambi\u00e9n fue relevante lo generado a partir de la muestra ADN Ra\u00edces Mineras y otras propuestas patrimoniales, encabezada desde la Facultad de Ciencias Sociales, puntualmente por el Programa Interdisciplinario de Estudio del Patrimonio. \u201cSe gener\u00f3 intercambios e investigaci\u00f3n con empresas, lo que permitir\u00e1 seguir componiendo el patrimonio hist\u00f3rico cultural de la historia de la miner\u00eda y las localidades serranas\u201d, celebr\u00f3 el Director de Miner\u00eda de la Municipalidad de Olavarr\u00eda.<\/p>\n<p>&nbsp;<\/p>\n<p>La muestra, titulada<strong> \u201cPatrimonio cultural y miner\u00eda. Investigaci\u00f3n, comunicaci\u00f3n y transferencia\u201d<\/strong>, fue recorrida por m\u00e1s de 200 personas, entre las que estuvieron estudiantes de la Tecnicatura en Miner\u00eda.<\/p>\n<p>&nbsp;<\/p>\n<p><strong>\u201cVamos a seguir trabajando, con ambas unidades acad\u00e9micas\u201d<\/strong>, agreg\u00f3 y sum\u00f3 a la menci\u00f3n la labor que se realiza tambi\u00e9n desde la Facultad de Ingenier\u00eda, con el objetivo en \u201cdesarrollar propuestas que contribuyan a la vinculaci\u00f3n y a la transferencia de conocimientos aplicados al territorio.<\/p>\n<p>&nbsp;<\/p>\n<p>A la par, detall\u00f3 que esa vinculaci\u00f3n es no solo entre el Municipio y las Facultades, sino tambi\u00e9n por parte de las empresas y la C\u00e1mara de la Piedra, desde donde se puso el acento en la importancia tanto del v\u00ednculo entre actores clave como as\u00ed tambi\u00e9n en la generaci\u00f3n de mano de obra calificada.<\/p>\n<p>&nbsp;<\/p>\n<p>Vale mencionar que adem\u00e1s de los stands, conferencias y rondas de negocios que se desarrollaron en el interior del CCO, en los patios exteriores se llev\u00f3 a cabo una exposici\u00f3n de maquinarias.<\/p>\n<p>&nbsp;<\/p>\n<p>Por \u00faltimo, durante el evento tambi\u00e9n se realizaron <strong>conferencias<\/strong> en las que disertaron especialistas de distintas tem\u00e1ticas y la reuni\u00f3n de la C\u00e1mara de la Piedra, la cual fue protagonizada por representantes de 16 empresas.<\/p>\n<p>&nbsp;<\/p>\n<blockquote class=\"wp-embedded-content\" data-secret=\"gtRqTa8iU7\"><p><a href=\"https:\/\/cdnoticias.com\/index.php\/2023\/07\/14\/se-inauguro-el-encuentro-minero-con-mas-de-100-empresas\/\">Se inaugur\u00f3 el Encuentro Minero con m\u00e1s de 100 empresas<\/a><\/p><\/blockquote>\n<p><iframe loading=\"lazy\" class=\"wp-embedded-content\" sandbox=\"allow-scripts\" security=\"restricted\" style=\"position: absolute; clip: rect(1px, 1px, 1px, 1px);\" title=\"&#8220;Se inaugur\u00f3 el Encuentro Minero con m\u00e1s de 100 empresas&#8221; &#8212; Central de Noticias | Olavarr\u00eda\" src=\"https:\/\/cdnoticias.com\/index.php\/2023\/07\/14\/se-inauguro-el-encuentro-minero-con-mas-de-100-empresas\/embed\/#?secret=y1ExaPJNzb#?secret=gtRqTa8iU7\" data-secret=\"gtRqTa8iU7\" width=\"600\" height=\"338\" frameborder=\"0\" marginwidth=\"0\" marginheight=\"0\" scrolling=\"no\"><\/iframe><\/p>\n<p>&nbsp;<\/p>\n","protected":false},"excerpt":{"rendered":"<p>As\u00ed lo expres\u00f3 el director de Miner\u00eda de la Municipalidad, Daniel Lencina. El encuentro reuni\u00f3 a m\u00e1s de 80 empresas<\/p>\n","protected":false},"author":5,"featured_media":90612,"comment_status":"closed","ping_status":"closed","sticky":false,"template":"","format":"standard","meta":{"_jetpack_memberships_contains_paid_content":false,"footnotes":""},"categories":[5,1],"tags":[],"class_list":["post-90610","post","type-post","status-publish","format-standard","has-post-thumbnail","hentry","category-informacion-general","category-portada"],"jetpack_featured_media_url":"https:\/\/i0.wp.com\/cdnoticias.com\/wp-content\/uploads\/2023\/07\/daniel-lencina.jpg?fit=800%2C445&ssl=1","jetpack_sharing_enabled":true,"_links":{"self":[{"href":"https:\/\/cdnoticias.com\/index.php\/wp-json\/wp\/v2\/posts\/90610","targetHints":{"allow":["GET"]}}],"collection":[{"href":"https:\/\/cdnoticias.com\/index.php\/wp-json\/wp\/v2\/posts"}],"about":[{"href":"https:\/\/cdnoticias.com\/index.php\/wp-json\/wp\/v2\/types\/post"}],"author":[{"embeddable":true,"href":"https:\/\/cdnoticias.com\/index.php\/wp-json\/wp\/v2\/users\/5"}],"replies":[{"embeddable":true,"href":"https:\/\/cdnoticias.com\/index.php\/wp-json\/wp\/v2\/comments?post=90610"}],"version-history":[{"count":0,"href":"https:\/\/cdnoticias.com\/index.php\/wp-json\/wp\/v2\/posts\/90610\/revisions"}],"wp:featuredmedia":[{"embeddable":true,"href":"https:\/\/cdnoticias.com\/index.php\/wp-json\/wp\/v2\/media\/90612"}],"wp:attachment":[{"href":"https:\/\/cdnoticias.com\/index.php\/wp-json\/wp\/v2\/media?parent=90610"}],"wp:term":[{"taxonomy":"category","embeddable":true,"href":"https:\/\/cdnoticias.com\/index.php\/wp-json\/wp\/v2\/categories?post=90610"},{"taxonomy":"post_tag","embeddable":true,"href":"https:\/\/cdnoticias.com\/index.php\/wp-json\/wp\/v2\/tags?post=90610"}],"curies":[{"name":"wp","href":"https:\/\/api.w.org\/{rel}","templated":true}]}}