{"id":90609,"date":"2023-07-18T12:46:43","date_gmt":"2023-07-18T15:46:43","guid":{"rendered":"https:\/\/www.centraldenoticias.com.ar\/?p=90609"},"modified":"2023-07-18T17:00:14","modified_gmt":"2023-07-18T20:00:14","slug":"suba-de-507-en-las-tasas-municipales","status":"publish","type":"post","link":"https:\/\/cdnoticias.com\/index.php\/2023\/07\/18\/suba-de-507-en-las-tasas-municipales\/","title":{"rendered":"Suba de 50,7% en las tasas municipales"},"content":{"rendered":"<p>Lo inform\u00f3 la Secretar\u00eda de Econom\u00eda y Hacienda. Rigen desde el 1\u00ba de julio. Se liquidar\u00e1 un retroactivo en dos cuotas a vencer en los meses de agosto y septiembre.<\/p>\n<p><!--more--><\/p>\n<hr \/>\n<p>La <strong>Secretar\u00eda de Econom\u00eda y Hacienda<\/strong> informa que la liquidaci\u00f3n de la <strong>Tasa de Servicios Generales Urbanos<\/strong> en conjunto con la <strong>Tasa de Protecci\u00f3n Ciudadana y Defensa Civil<\/strong> que <strong>vence en el mes de agosto<\/strong> incluye los <strong>nuevos valores<\/strong> determinados por <strong>Decreto 3766<\/strong> de fecha 17 de julio de 2023.<\/p>\n<p>&nbsp;<\/p>\n<p>En este sentido, indicaron que<strong> el incremento de los valores m\u00ednimos ser\u00e1 del 50,7%<\/strong>, de acuerdo a la potestad que surge del art\u00edculo 23 de la Ordenanza Fiscal N\u00ba 2.460\/99 y sus modificatorias, receptando el \u00edndice inflacionario IPC nivel general publicado por el INDEC por el semestre enero a junio de 2023.<\/p>\n<p>&nbsp;<\/p>\n<blockquote><p>Asimismo, y en funci\u00f3n que los valores aprobados en el mismo rigen a partir del 1 de julio del a\u00f1o en curso, se liquidar\u00e1 un retroactivo en dos cuotas a vencer en los meses de agosto y septiembre respectivamente, y correspondiente al mes de julio de 2023 equivalente al diferencial entre los nuevos valores y el liquidado para dicho mes oportunamente.<\/p><\/blockquote>\n<p>&nbsp;<\/p>\n<p>El incremento del 50.7% mencionado anteriormente <strong>rige para otros tributos y tasas municipales<\/strong> tales como la tasa de Servicios Generales Rurales, la Tasa de Seguridad e Higiene, entre otras.<\/p>\n<p>&nbsp;<\/p>\n","protected":false},"excerpt":{"rendered":"<p>Lo inform\u00f3 la Secretar\u00eda de Econom\u00eda y Hacienda. Rigen desde el 1\u00ba de julio. Se liquidar\u00e1 un retroactivo en dos<\/p>\n","protected":false},"author":4,"featured_media":16934,"comment_status":"closed","ping_status":"closed","sticky":false,"template":"","format":"standard","meta":{"_jetpack_memberships_contains_paid_content":false,"footnotes":""},"categories":[5,1],"tags":[],"class_list":["post-90609","post","type-post","status-publish","format-standard","has-post-thumbnail","hentry","category-informacion-general","category-portada"],"jetpack_featured_media_url":"https:\/\/i0.wp.com\/cdnoticias.com\/wp-content\/uploads\/2021\/03\/municipalidad00.jpg?fit=800%2C445&ssl=1","jetpack_sharing_enabled":true,"_links":{"self":[{"href":"https:\/\/cdnoticias.com\/index.php\/wp-json\/wp\/v2\/posts\/90609","targetHints":{"allow":["GET"]}}],"collection":[{"href":"https:\/\/cdnoticias.com\/index.php\/wp-json\/wp\/v2\/posts"}],"about":[{"href":"https:\/\/cdnoticias.com\/index.php\/wp-json\/wp\/v2\/types\/post"}],"author":[{"embeddable":true,"href":"https:\/\/cdnoticias.com\/index.php\/wp-json\/wp\/v2\/users\/4"}],"replies":[{"embeddable":true,"href":"https:\/\/cdnoticias.com\/index.php\/wp-json\/wp\/v2\/comments?post=90609"}],"version-history":[{"count":0,"href":"https:\/\/cdnoticias.com\/index.php\/wp-json\/wp\/v2\/posts\/90609\/revisions"}],"wp:featuredmedia":[{"embeddable":true,"href":"https:\/\/cdnoticias.com\/index.php\/wp-json\/wp\/v2\/media\/16934"}],"wp:attachment":[{"href":"https:\/\/cdnoticias.com\/index.php\/wp-json\/wp\/v2\/media?parent=90609"}],"wp:term":[{"taxonomy":"category","embeddable":true,"href":"https:\/\/cdnoticias.com\/index.php\/wp-json\/wp\/v2\/categories?post=90609"},{"taxonomy":"post_tag","embeddable":true,"href":"https:\/\/cdnoticias.com\/index.php\/wp-json\/wp\/v2\/tags?post=90609"}],"curies":[{"name":"wp","href":"https:\/\/api.w.org\/{rel}","templated":true}]}}