{"id":90561,"date":"2023-07-17T20:26:02","date_gmt":"2023-07-17T23:26:02","guid":{"rendered":"https:\/\/www.centraldenoticias.com.ar\/?p=90561"},"modified":"2023-07-17T20:26:02","modified_gmt":"2023-07-17T23:26:02","slug":"wesner-y-el-presidente-del-instituto-de-la-vivienda-recorrieron-dos-barrios-en-ejecucion","status":"publish","type":"post","link":"https:\/\/cdnoticias.com\/index.php\/2023\/07\/17\/wesner-y-el-presidente-del-instituto-de-la-vivienda-recorrieron-dos-barrios-en-ejecucion\/","title":{"rendered":"Wesner y el presidente del Instituto de la Vivienda recorrieron dos barrios en ejecuci\u00f3n"},"content":{"rendered":"<p>Recorrieron las obras en el barrio Educadores y el barrio CECO III con m\u00e1s de 100 viviendas en construcci\u00f3n, que se acerque a la primera certificaci\u00f3n.<!--more--><\/p>\n<hr \/>\n<p>Este lunes, <strong>el precandidato a intendente de Uni\u00f3n por la Patria (UxP), Maximiliano Wesner, acompa\u00f1\u00f3 al administrador del Instituto de la Vivienda de la provincia de Buenos Aires, Diego Men\u00e9ndez<\/strong>, durante su visita a Olavarr\u00eda.<\/p>\n<p>&nbsp;<\/p>\n<p>Los funcionarios <strong>recorrieron el barrio Educadores que ya se encuentra en su etapa final<\/strong>. <em>&#8220;En muy poco tiempo nuevas familias podr\u00e1n disfrutar de su hogar, trata de la \u00faltima entrega de las 21 viviendas que hicieron&#8221;<\/em>, destac\u00f3 el candidato.<\/p>\n<p>&nbsp;<\/p>\n<blockquote><p>Luego visitaron la obra del nuevo barrio CECO III de 100 viviendas que, explicaron, ya est\u00e1n avanzando hacia la primera certificaci\u00f3n y se est\u00e1n trabajando en las plateas.<\/p><\/blockquote>\n<p>&nbsp;<\/p>\n<p><strong><em>&#8220;Estas inversiones significan m\u00e1s empleo y un aumento en las ventas para los corralones de materiales y comercios ligados al rubro de la construcci\u00f3n&#8221;<\/em><\/strong>, remarc\u00f3 Wesner.<\/p>\n<p>&nbsp;<\/p>\n<p><img data-recalc-dims=\"1\" loading=\"lazy\" decoding=\"async\" class=\"alignnone size-large wp-image-90563\" src=\"https:\/\/i0.wp.com\/cdnoticias.com\/wp-content\/uploads\/2023\/07\/WhatsApp-Image-2023-07-17-at-20.10.17.jpeg?resize=800%2C532&#038;ssl=1\" alt=\"\" width=\"800\" height=\"532\" srcset=\"https:\/\/i0.wp.com\/cdnoticias.com\/wp-content\/uploads\/2023\/07\/WhatsApp-Image-2023-07-17-at-20.10.17.jpeg?resize=1024%2C681&amp;ssl=1 1024w, https:\/\/i0.wp.com\/cdnoticias.com\/wp-content\/uploads\/2023\/07\/WhatsApp-Image-2023-07-17-at-20.10.17.jpeg?resize=300%2C200&amp;ssl=1 300w, https:\/\/i0.wp.com\/cdnoticias.com\/wp-content\/uploads\/2023\/07\/WhatsApp-Image-2023-07-17-at-20.10.17.jpeg?resize=768%2C511&amp;ssl=1 768w, https:\/\/i0.wp.com\/cdnoticias.com\/wp-content\/uploads\/2023\/07\/WhatsApp-Image-2023-07-17-at-20.10.17.jpeg?resize=1536%2C1021&amp;ssl=1 1536w, https:\/\/i0.wp.com\/cdnoticias.com\/wp-content\/uploads\/2023\/07\/WhatsApp-Image-2023-07-17-at-20.10.17.jpeg?resize=272%2C182&amp;ssl=1 272w, https:\/\/i0.wp.com\/cdnoticias.com\/wp-content\/uploads\/2023\/07\/WhatsApp-Image-2023-07-17-at-20.10.17.jpeg?w=1600&amp;ssl=1 1600w\" sizes=\"auto, (max-width: 800px) 100vw, 800px\" \/><\/p>\n<p>&nbsp;<\/p>\n<p>Y anticip\u00f3:<em> &#8220;Junto al Ministerio de H\u00e1bitat y Desarrollo Urbano bonaerense estamos evaluando nuevos proyectos para Olavarr\u00eda para continuar dando respuestas a la demanda habitacional&#8221;.<\/em><\/p>\n<p>&nbsp;<\/p>\n<p>El acceso a la vivienda es uno de los ejes de la candidatura a intendente de Wesner. <strong>El dirigente asegura que, si es elegido como jefe comunal, el municipio garantizar\u00e1 la construcci\u00f3n de 100 viviendas por a\u00f1o bajo distintos sistemas modelos y sistemas de construcci\u00f3n y gesti\u00f3n.<\/strong><\/p>\n","protected":false},"excerpt":{"rendered":"<p>Recorrieron las obras en el barrio Educadores y el barrio CECO III con m\u00e1s de 100 viviendas en construcci\u00f3n, que<\/p>\n","protected":false},"author":2,"featured_media":90562,"comment_status":"closed","ping_status":"closed","sticky":false,"template":"","format":"standard","meta":{"_jetpack_memberships_contains_paid_content":false,"footnotes":""},"categories":[4,1],"tags":[],"class_list":["post-90561","post","type-post","status-publish","format-standard","has-post-thumbnail","hentry","category-politica","category-portada"],"jetpack_featured_media_url":"https:\/\/i0.wp.com\/cdnoticias.com\/wp-content\/uploads\/2023\/07\/WhatsApp-Image-2023-07-17-at-20.10.18.jpeg?fit=1600%2C1064&ssl=1","jetpack_sharing_enabled":true,"_links":{"self":[{"href":"https:\/\/cdnoticias.com\/index.php\/wp-json\/wp\/v2\/posts\/90561","targetHints":{"allow":["GET"]}}],"collection":[{"href":"https:\/\/cdnoticias.com\/index.php\/wp-json\/wp\/v2\/posts"}],"about":[{"href":"https:\/\/cdnoticias.com\/index.php\/wp-json\/wp\/v2\/types\/post"}],"author":[{"embeddable":true,"href":"https:\/\/cdnoticias.com\/index.php\/wp-json\/wp\/v2\/users\/2"}],"replies":[{"embeddable":true,"href":"https:\/\/cdnoticias.com\/index.php\/wp-json\/wp\/v2\/comments?post=90561"}],"version-history":[{"count":0,"href":"https:\/\/cdnoticias.com\/index.php\/wp-json\/wp\/v2\/posts\/90561\/revisions"}],"wp:featuredmedia":[{"embeddable":true,"href":"https:\/\/cdnoticias.com\/index.php\/wp-json\/wp\/v2\/media\/90562"}],"wp:attachment":[{"href":"https:\/\/cdnoticias.com\/index.php\/wp-json\/wp\/v2\/media?parent=90561"}],"wp:term":[{"taxonomy":"category","embeddable":true,"href":"https:\/\/cdnoticias.com\/index.php\/wp-json\/wp\/v2\/categories?post=90561"},{"taxonomy":"post_tag","embeddable":true,"href":"https:\/\/cdnoticias.com\/index.php\/wp-json\/wp\/v2\/tags?post=90561"}],"curies":[{"name":"wp","href":"https:\/\/api.w.org\/{rel}","templated":true}]}}