{"id":90546,"date":"2023-07-17T20:13:55","date_gmt":"2023-07-17T23:13:55","guid":{"rendered":"https:\/\/www.centraldenoticias.com.ar\/?p=90546"},"modified":"2023-07-17T20:13:55","modified_gmt":"2023-07-17T23:13:55","slug":"la-provincia-entrego-15-viviendas-en-laprida","status":"publish","type":"post","link":"https:\/\/cdnoticias.com\/index.php\/2023\/07\/17\/la-provincia-entrego-15-viviendas-en-laprida\/","title":{"rendered":"La Provincia entreg\u00f3 15 viviendas en Laprida"},"content":{"rendered":"<p>Se trata de la segunda etapa de un barrio de 31 casas, financiado por el Gobierno bonaerense. El acto de entrega fue encabezado por el administrador general del Instituto de la Vivienda, Diego Men\u00e9ndez, y el intendente Pablo Torres.<!--more--><\/p>\n<hr \/>\n<p>El administrador general del Instituto de la Vivienda (IVBA), Diego Men\u00e9ndez, el intendente Pablo Torres y el senador y precandidato a intendente por Uni\u00f3n por la Patria en Laprida, Alfredo Fisher,<strong> entregaron 15 viviendas en la localidad de Laprida<\/strong>. Se trata de la <strong>finalizaci\u00f3n de un barrio de 31 casas:<\/strong> 14 fueron entregadas a fines de 2022 y las \u00faltimas dos est\u00e1n en etapa de finalizaci\u00f3n.<\/p>\n<p>&nbsp;<\/p>\n<p><em><strong>\u201cCuando las obras est\u00e1n, las palabras sobran. Siempre es muy gratificante la entrega de casas, y esto no ser\u00eda posible sin un Estado provincial que financie la construcci\u00f3n\u201d<\/strong><\/em> expres\u00f3 Men\u00e9ndez.<\/p>\n<p>&nbsp;<\/p>\n<p>Esta obra se suma a la construcci\u00f3n de otras 100 viviendas, que se llevar\u00e1n adelante a partir de un convenio que el Ministerio de H\u00e1bitat y Desarrollo Urbano firm\u00f3 con el Municipio en el mes de abril. Para realizar el proyecto, el gobierno de <strong>Axel Kicillof invertir\u00e1 m\u00e1s de $1.400 millones.<\/strong><\/p>\n<p>&nbsp;<\/p>\n<p><img data-recalc-dims=\"1\" loading=\"lazy\" decoding=\"async\" class=\"aligncenter wp-image-90549 size-large\" src=\"https:\/\/i0.wp.com\/cdnoticias.com\/wp-content\/uploads\/2023\/07\/3V5A0349.jpg?resize=800%2C534&#038;ssl=1\" alt=\"\" width=\"800\" height=\"534\" srcset=\"https:\/\/i0.wp.com\/cdnoticias.com\/wp-content\/uploads\/2023\/07\/3V5A0349-scaled.jpg?resize=1024%2C683&amp;ssl=1 1024w, https:\/\/i0.wp.com\/cdnoticias.com\/wp-content\/uploads\/2023\/07\/3V5A0349-scaled.jpg?resize=300%2C200&amp;ssl=1 300w, https:\/\/i0.wp.com\/cdnoticias.com\/wp-content\/uploads\/2023\/07\/3V5A0349-scaled.jpg?resize=768%2C512&amp;ssl=1 768w, https:\/\/i0.wp.com\/cdnoticias.com\/wp-content\/uploads\/2023\/07\/3V5A0349-scaled.jpg?resize=1536%2C1024&amp;ssl=1 1536w, https:\/\/i0.wp.com\/cdnoticias.com\/wp-content\/uploads\/2023\/07\/3V5A0349-scaled.jpg?resize=2048%2C1365&amp;ssl=1 2048w, https:\/\/i0.wp.com\/cdnoticias.com\/wp-content\/uploads\/2023\/07\/3V5A0349-scaled.jpg?resize=272%2C182&amp;ssl=1 272w, https:\/\/i0.wp.com\/cdnoticias.com\/wp-content\/uploads\/2023\/07\/3V5A0349-scaled.jpg?w=1600&amp;ssl=1 1600w, https:\/\/i0.wp.com\/cdnoticias.com\/wp-content\/uploads\/2023\/07\/3V5A0349-scaled.jpg?w=2400&amp;ssl=1 2400w\" sizes=\"auto, (max-width: 800px) 100vw, 800px\" \/><\/p>\n<p>&nbsp;<\/p>\n<p>Durante el acto, el Intendente agradeci\u00f3 a Men\u00e9ndez, a la autoridad a cargo del Ministerio, Agust\u00edn Simone, y al Gobernador por \u201cla decisi\u00f3n de hacer casas en toda la provincia de Buenos Aires\u201d y record\u00f3: <em><strong>\u201cHubo tiempos en que no se hac\u00edan viviendas, por eso este aporte de la Provincia es vital para tantas y tantos lapridenses que esperan por el derecho a la casa propia\u201d.<\/strong><\/em><\/p>\n<p>&nbsp;<\/p>\n<p>En la sexta secci\u00f3n electoral, la Provincia tiene m\u00e1s de 1.500 viviendas en marcha, que se suman a otras 500 que ya fueron entregadas. Entre los proyectos m\u00e1s importantes se encuentran la construcci\u00f3n de 145 casas en Bah\u00eda Blanca, junto a la cooperativa \u201c15 de diciembre\u201d; y la ejecuci\u00f3n de otras 130 en Tres Arroyos, a trav\u00e9s del programa Terminaciones y Renegociaciones, que busca finalizar las obras que fueron paralizadas durante el gobierno anterior.<\/p>\n<p>&nbsp;<\/p>\n<p>Asimismo, con el fin de promover el <strong>cuidado del medioambiente<\/strong>, el Organismo Provincial de Integraci\u00f3n Social y Urbana (OPISU) entreg\u00f3 plantines para huerta y plantas nativas bonaerenses a las familias beneficiarias.<\/p>\n<p>&nbsp;<\/p>\n<p><img data-recalc-dims=\"1\" loading=\"lazy\" decoding=\"async\" class=\"aligncenter wp-image-90548 size-large\" src=\"https:\/\/i0.wp.com\/cdnoticias.com\/wp-content\/uploads\/2023\/07\/3V5A0946.jpg?resize=800%2C534&#038;ssl=1\" alt=\"\" width=\"800\" height=\"534\" srcset=\"https:\/\/i0.wp.com\/cdnoticias.com\/wp-content\/uploads\/2023\/07\/3V5A0946-scaled.jpg?resize=1024%2C683&amp;ssl=1 1024w, https:\/\/i0.wp.com\/cdnoticias.com\/wp-content\/uploads\/2023\/07\/3V5A0946-scaled.jpg?resize=300%2C200&amp;ssl=1 300w, https:\/\/i0.wp.com\/cdnoticias.com\/wp-content\/uploads\/2023\/07\/3V5A0946-scaled.jpg?resize=768%2C512&amp;ssl=1 768w, https:\/\/i0.wp.com\/cdnoticias.com\/wp-content\/uploads\/2023\/07\/3V5A0946-scaled.jpg?resize=1536%2C1024&amp;ssl=1 1536w, https:\/\/i0.wp.com\/cdnoticias.com\/wp-content\/uploads\/2023\/07\/3V5A0946-scaled.jpg?resize=2048%2C1365&amp;ssl=1 2048w, https:\/\/i0.wp.com\/cdnoticias.com\/wp-content\/uploads\/2023\/07\/3V5A0946-scaled.jpg?resize=272%2C182&amp;ssl=1 272w, https:\/\/i0.wp.com\/cdnoticias.com\/wp-content\/uploads\/2023\/07\/3V5A0946-scaled.jpg?w=1600&amp;ssl=1 1600w, https:\/\/i0.wp.com\/cdnoticias.com\/wp-content\/uploads\/2023\/07\/3V5A0946-scaled.jpg?w=2400&amp;ssl=1 2400w\" sizes=\"auto, (max-width: 800px) 100vw, 800px\" \/><\/p>\n<p>&nbsp;<\/p>\n<p>Al igual que sucede en cada entrega de viviendas, y con el objetivo de democratizar el acceso a la lectura y a los derechos culturales<strong>, las familias recibieron libros de distintas editoriales bonaerenses y cuadros con r\u00e9plicas de distintas obras de arte,<\/strong> de la mano del Instituto Cultural provincial y del Ministerio de Cultura nacional, y bajo la curadur\u00eda del Museo de Bellas Artes Emilio Pettoruti. Tambi\u00e9n particip\u00f3 del acto el delegado del IVBA en Bah\u00eda Blanca, Ricardo Kloster.<\/p>\n","protected":false},"excerpt":{"rendered":"<p>Se trata de la segunda etapa de un barrio de 31 casas, financiado por el Gobierno bonaerense. El acto de<\/p>\n","protected":false},"author":6,"featured_media":90547,"comment_status":"closed","ping_status":"closed","sticky":false,"template":"","format":"standard","meta":{"_jetpack_memberships_contains_paid_content":false,"footnotes":""},"categories":[6,1],"tags":[],"class_list":["post-90546","post","type-post","status-publish","format-standard","has-post-thumbnail","hentry","category-nacionales","category-portada"],"jetpack_featured_media_url":"https:\/\/i0.wp.com\/cdnoticias.com\/wp-content\/uploads\/2023\/07\/3V5A0844-scaled.jpg?fit=2560%2C1707&ssl=1","jetpack_sharing_enabled":true,"_links":{"self":[{"href":"https:\/\/cdnoticias.com\/index.php\/wp-json\/wp\/v2\/posts\/90546","targetHints":{"allow":["GET"]}}],"collection":[{"href":"https:\/\/cdnoticias.com\/index.php\/wp-json\/wp\/v2\/posts"}],"about":[{"href":"https:\/\/cdnoticias.com\/index.php\/wp-json\/wp\/v2\/types\/post"}],"author":[{"embeddable":true,"href":"https:\/\/cdnoticias.com\/index.php\/wp-json\/wp\/v2\/users\/6"}],"replies":[{"embeddable":true,"href":"https:\/\/cdnoticias.com\/index.php\/wp-json\/wp\/v2\/comments?post=90546"}],"version-history":[{"count":0,"href":"https:\/\/cdnoticias.com\/index.php\/wp-json\/wp\/v2\/posts\/90546\/revisions"}],"wp:featuredmedia":[{"embeddable":true,"href":"https:\/\/cdnoticias.com\/index.php\/wp-json\/wp\/v2\/media\/90547"}],"wp:attachment":[{"href":"https:\/\/cdnoticias.com\/index.php\/wp-json\/wp\/v2\/media?parent=90546"}],"wp:term":[{"taxonomy":"category","embeddable":true,"href":"https:\/\/cdnoticias.com\/index.php\/wp-json\/wp\/v2\/categories?post=90546"},{"taxonomy":"post_tag","embeddable":true,"href":"https:\/\/cdnoticias.com\/index.php\/wp-json\/wp\/v2\/tags?post=90546"}],"curies":[{"name":"wp","href":"https:\/\/api.w.org\/{rel}","templated":true}]}}