{"id":90539,"date":"2023-07-17T19:30:29","date_gmt":"2023-07-17T22:30:29","guid":{"rendered":"https:\/\/www.centraldenoticias.com.ar\/?p=90539"},"modified":"2023-07-17T19:30:29","modified_gmt":"2023-07-17T22:30:29","slug":"el-objetivo-es-que-exploren-las-distintas-disciplinas-del-circo","status":"publish","type":"post","link":"https:\/\/cdnoticias.com\/index.php\/2023\/07\/17\/el-objetivo-es-que-exploren-las-distintas-disciplinas-del-circo\/","title":{"rendered":"&#8220;El objetivo es que exploren las distintas disciplinas del circo&#8221;"},"content":{"rendered":"<p>Llegaron las vacaciones de invierno y en Chamula se dictar\u00e1 un taller de circo para las infancias. Marianela Foti dialog\u00f3 con Central de Noticias sobre la propuesta y c\u00f3mo participar.<br \/>\n<!--more--><\/p>\n<hr \/>\n<p>En <strong>Chamula, Tierra de las Artes,<\/strong> se dictar\u00e1 un <strong>taller de circo destinado a las infancias<\/strong> dictado por <strong>Marianela Foti y Pedro Chirino<\/strong>.\u00a0Las clases ser\u00e1n los <strong>martes y jueves a partir de las 18 horas<\/strong> y el valor por clase es de $1200.<\/p>\n<p>&nbsp;<\/p>\n<p><em>Central de Noticias<\/em> dialog\u00f3 con Marianela Foti, tallerista a cargo, quien cont\u00f3 que &#8220;<em>la idea de taller surgi\u00f3 con mi compa\u00f1ero Pedro, con quien hacemos circo y est\u00e1 destinado para peques de entre 5 y 12 a\u00f1os&#8221;<\/em>.<\/p>\n<p>&nbsp;<\/p>\n<p>A la par, agreg\u00f3 que &#8220;<em><strong>el objetivo es que exploren las distintas disciplinas del circo, poder brindarles herramientas y tambi\u00e9n que aprendan<\/strong><\/em>&#8220;. El taller se inici\u00f3 en marzo y continuar\u00e1 todo el a\u00f1o, aunque la convocatoria se volvi\u00f3 a lanzar en estas vacaciones de invierno.<\/p>\n<p>&nbsp;<\/p>\n<p>Por \u00faltimo, el taller de circo adem\u00e1s contiene &#8220;<strong>teatro, acrobacia, malabares, acrobacia \u00e1rea, acrobacia de suelo, danza y yoga<\/strong>&#8221; cont\u00f3 Foti. Para m\u00e1s informaci\u00f3n se pueden comunicar al tel\u00e9fono 2284-269231.<\/p>\n","protected":false},"excerpt":{"rendered":"<p>Llegaron las vacaciones de invierno y en Chamula se dictar\u00e1 un taller de circo para las infancias. Marianela Foti dialog\u00f3<\/p>\n","protected":false},"author":6,"featured_media":90543,"comment_status":"closed","ping_status":"closed","sticky":false,"template":"","format":"standard","meta":{"_jetpack_memberships_contains_paid_content":false,"footnotes":""},"categories":[9,1],"tags":[],"class_list":["post-90539","post","type-post","status-publish","format-standard","has-post-thumbnail","hentry","category-cultura","category-portada"],"jetpack_featured_media_url":"https:\/\/i0.wp.com\/cdnoticias.com\/wp-content\/uploads\/2023\/07\/Diseno-sin-titulo-87.jpg?fit=1920%2C1080&ssl=1","jetpack_sharing_enabled":true,"_links":{"self":[{"href":"https:\/\/cdnoticias.com\/index.php\/wp-json\/wp\/v2\/posts\/90539","targetHints":{"allow":["GET"]}}],"collection":[{"href":"https:\/\/cdnoticias.com\/index.php\/wp-json\/wp\/v2\/posts"}],"about":[{"href":"https:\/\/cdnoticias.com\/index.php\/wp-json\/wp\/v2\/types\/post"}],"author":[{"embeddable":true,"href":"https:\/\/cdnoticias.com\/index.php\/wp-json\/wp\/v2\/users\/6"}],"replies":[{"embeddable":true,"href":"https:\/\/cdnoticias.com\/index.php\/wp-json\/wp\/v2\/comments?post=90539"}],"version-history":[{"count":0,"href":"https:\/\/cdnoticias.com\/index.php\/wp-json\/wp\/v2\/posts\/90539\/revisions"}],"wp:featuredmedia":[{"embeddable":true,"href":"https:\/\/cdnoticias.com\/index.php\/wp-json\/wp\/v2\/media\/90543"}],"wp:attachment":[{"href":"https:\/\/cdnoticias.com\/index.php\/wp-json\/wp\/v2\/media?parent=90539"}],"wp:term":[{"taxonomy":"category","embeddable":true,"href":"https:\/\/cdnoticias.com\/index.php\/wp-json\/wp\/v2\/categories?post=90539"},{"taxonomy":"post_tag","embeddable":true,"href":"https:\/\/cdnoticias.com\/index.php\/wp-json\/wp\/v2\/tags?post=90539"}],"curies":[{"name":"wp","href":"https:\/\/api.w.org\/{rel}","templated":true}]}}