{"id":90532,"date":"2023-07-17T18:30:20","date_gmt":"2023-07-17T21:30:20","guid":{"rendered":"https:\/\/www.centraldenoticias.com.ar\/?p=90532"},"modified":"2023-07-17T18:30:59","modified_gmt":"2023-07-17T21:30:59","slug":"dirigentes-de-evolucion-radical-olavarria-destacaron-el-triunfo-de-maximiliano-pullaro-en-santa-fe","status":"publish","type":"post","link":"https:\/\/cdnoticias.com\/index.php\/2023\/07\/17\/dirigentes-de-evolucion-radical-olavarria-destacaron-el-triunfo-de-maximiliano-pullaro-en-santa-fe\/","title":{"rendered":"Dirigentes de Evoluci\u00f3n Radical Olavarr\u00eda destacaron el triunfo de Pullaro en Santa Fe"},"content":{"rendered":"<p>El precandidato a gobernador se impuso ante el peronismo por m\u00e1s de 30 puntos en las PASO.<!--more--><\/p>\n<hr \/>\n<p>Dirigentes y precandidatos de <strong>Evoluci\u00f3n Radical Olavarr\u00eda destacaron el triunfo del precandidato a gobernador Maximiliano Pullaro en la provincia de Santa Fe<\/strong>, quien se impuso ante el peronismo por m\u00e1s de 30 puntos en las PASO.<\/p>\n<p>&nbsp;<\/p>\n<p>En este sentido, la concejal y presidenta de la UCR,<strong> Bel\u00e9n Vergel,<\/strong> se\u00f1al\u00f3 que &#8220;<em>lo de Maxi es una gran alegr\u00eda, vemos con esperanza que el frente traiga la paz a la Provincia de Santa Fe, de la mano de un gran militante radical. Evoluciona la Argentina y eso no puede dejar de ponernos felices, cada vez m\u00e1s cerca de dar vuelta nuestro pa\u00eds&#8221;.<\/em><\/p>\n<p>&nbsp;<\/p>\n<p>En esta misma l\u00ednea, el edil <strong>Sebasti\u00e1n Matrella<\/strong> expres\u00f3 que esta victoria en Santa Fe <em><strong>&#8220;se suma a otras provincias que est\u00e1n viendo en nuestro espacio la oportunidad de generar el verdadero cambio que nuestro pa\u00eds necesita<\/strong><\/em>&#8220;. Y a\u00f1adi\u00f3 que &#8220;particularmente Rosario est\u00e1 pasando un problema complejo de inseguridad y hay que ponerse a trabajar urgente en ese flagelo&#8221;.<\/p>\n<p>&nbsp;<\/p>\n<p>Por su parte, el dirigente y precandidato a concejal,<strong> Francisco Gonz\u00e1lez,<\/strong> afirm\u00f3: &#8220;Es para destacar el triunfo de Juntos por el Cambio y la diferencia aplastante que tuvo contra la actual fuerza gobernante en esa provincia. Pero fundamentalmente, hablando para dentro de Juntos, creo que el mensaje deja que hay que plantear un discurso moderado, hay que demostrar la posibilidad de gestionar, y eso es lo que mostr\u00f3 Maxi desde su funci\u00f3n como Ministro de Seguridad. Sin ir al choque, sin ir a la confrontaci\u00f3n con quienes son hoy circunstanciales adversarios internos&#8221;.<\/p>\n<p>&nbsp;<\/p>\n<p><img data-recalc-dims=\"1\" loading=\"lazy\" decoding=\"async\" class=\"aligncenter wp-image-90533 size-large\" src=\"https:\/\/i0.wp.com\/cdnoticias.com\/wp-content\/uploads\/2023\/07\/20230717_173439.jpg?resize=800%2C552&#038;ssl=1\" alt=\"\" width=\"800\" height=\"552\" srcset=\"https:\/\/i0.wp.com\/cdnoticias.com\/wp-content\/uploads\/2023\/07\/20230717_173439.jpg?resize=1024%2C707&amp;ssl=1 1024w, https:\/\/i0.wp.com\/cdnoticias.com\/wp-content\/uploads\/2023\/07\/20230717_173439.jpg?resize=300%2C207&amp;ssl=1 300w, https:\/\/i0.wp.com\/cdnoticias.com\/wp-content\/uploads\/2023\/07\/20230717_173439.jpg?resize=768%2C530&amp;ssl=1 768w, https:\/\/i0.wp.com\/cdnoticias.com\/wp-content\/uploads\/2023\/07\/20230717_173439.jpg?resize=1536%2C1061&amp;ssl=1 1536w, https:\/\/i0.wp.com\/cdnoticias.com\/wp-content\/uploads\/2023\/07\/20230717_173439.jpg?resize=130%2C90&amp;ssl=1 130w, https:\/\/i0.wp.com\/cdnoticias.com\/wp-content\/uploads\/2023\/07\/20230717_173439.jpg?w=1600&amp;ssl=1 1600w\" sizes=\"auto, (max-width: 800px) 100vw, 800px\" \/><\/p>\n<p>&nbsp;<\/p>\n<p><strong>Victoria Torino,<\/strong> presidenta de la Juventud Radical y precandidata a concejal, felicit\u00f3 a la f\u00f3rmula Pullaro &#8211; Scaglia por &#8220;el enorme triunfo en estas PASO&#8221; y dijo: &#8220;Los santafesinos y santafesinas dieron un mensaje contundente: <strong>basta de normalizar tener que convivir con el miedo y la violencia.<\/strong> Maxi est\u00e1 m\u00e1s que listo para encarar este proyecto colectivo de reconstrucci\u00f3n y desarrollo de la provincia con su trabajo, experiencia y trayectoria&#8221;.<\/p>\n<p>&nbsp;<\/p>\n<p>Asimismo,<strong> Luc\u00eda Pereira,<\/strong> Secretaria General de la UCR y precandidata a Consejera Escolar, opin\u00f3 que el triunfo de Pullaro &#8220;es el resultado del trabajo territorial y del conocimiento real de la provincia&#8221;. Adem\u00e1s, formul\u00f3 que &#8220;la gente eligi\u00f3 una forma de hacer pol\u00edtica que habla de la cercan\u00eda, del di\u00e1logo, de la escucha. La sociedad busca eso y lo est\u00e1 demostrando a trav\u00e9s de la democracia y el voto. Con lo vivido ayer en Santa Fe y en las \u00faltimas elecciones provinciales, la gente eligi\u00f3&#8221;.<\/p>\n<p>&nbsp;<\/p>\n<p>En tanto,<strong> Mar\u00eda Jos\u00e9 Laurenz,<\/strong> precandidata a diputada provincial, subray\u00f3 que fue <em><strong>&#8220;un triunfo contundente dentro del propio frente de Juntos por el Cambio y creo que no hay lugar a dudas de que ser\u00e1 el pr\u00f3ximo Gobernador de la Provincia de Santa Fe&#8221;.<\/strong><\/em><\/p>\n<p>&nbsp;<\/p>\n<p>Por \u00faltimo, <strong>Nicol\u00e1s Moriones<\/strong>, precandidato a concejal, agradeci\u00f3 a &#8220;todos los santafesinos que votaron por este cambio que se est\u00e1 asomando en Argentina, esa Argentina que todos queremos&#8221;.<\/p>\n","protected":false},"excerpt":{"rendered":"<p>El precandidato a gobernador se impuso ante el peronismo por m\u00e1s de 30 puntos en las PASO.<\/p>\n","protected":false},"author":6,"featured_media":90534,"comment_status":"closed","ping_status":"closed","sticky":false,"template":"","format":"standard","meta":{"_jetpack_memberships_contains_paid_content":false,"footnotes":""},"categories":[4,1],"tags":[],"class_list":["post-90532","post","type-post","status-publish","format-standard","has-post-thumbnail","hentry","category-politica","category-portada"],"jetpack_featured_media_url":"https:\/\/i0.wp.com\/cdnoticias.com\/wp-content\/uploads\/2023\/07\/20230717_173441.jpg?fit=1600%2C1079&ssl=1","jetpack_sharing_enabled":true,"_links":{"self":[{"href":"https:\/\/cdnoticias.com\/index.php\/wp-json\/wp\/v2\/posts\/90532","targetHints":{"allow":["GET"]}}],"collection":[{"href":"https:\/\/cdnoticias.com\/index.php\/wp-json\/wp\/v2\/posts"}],"about":[{"href":"https:\/\/cdnoticias.com\/index.php\/wp-json\/wp\/v2\/types\/post"}],"author":[{"embeddable":true,"href":"https:\/\/cdnoticias.com\/index.php\/wp-json\/wp\/v2\/users\/6"}],"replies":[{"embeddable":true,"href":"https:\/\/cdnoticias.com\/index.php\/wp-json\/wp\/v2\/comments?post=90532"}],"version-history":[{"count":0,"href":"https:\/\/cdnoticias.com\/index.php\/wp-json\/wp\/v2\/posts\/90532\/revisions"}],"wp:featuredmedia":[{"embeddable":true,"href":"https:\/\/cdnoticias.com\/index.php\/wp-json\/wp\/v2\/media\/90534"}],"wp:attachment":[{"href":"https:\/\/cdnoticias.com\/index.php\/wp-json\/wp\/v2\/media?parent=90532"}],"wp:term":[{"taxonomy":"category","embeddable":true,"href":"https:\/\/cdnoticias.com\/index.php\/wp-json\/wp\/v2\/categories?post=90532"},{"taxonomy":"post_tag","embeddable":true,"href":"https:\/\/cdnoticias.com\/index.php\/wp-json\/wp\/v2\/tags?post=90532"}],"curies":[{"name":"wp","href":"https:\/\/api.w.org\/{rel}","templated":true}]}}