{"id":90516,"date":"2023-07-20T17:01:01","date_gmt":"2023-07-20T20:01:01","guid":{"rendered":"https:\/\/www.centraldenoticias.com.ar\/?p=90516"},"modified":"2023-07-20T17:01:01","modified_gmt":"2023-07-20T20:01:01","slug":"adrian-barilari-se-presentara-en-el-teatro-municipal","status":"publish","type":"post","link":"https:\/\/cdnoticias.com\/index.php\/2023\/07\/20\/adrian-barilari-se-presentara-en-el-teatro-municipal\/","title":{"rendered":"Adri\u00e1n Barilari se presentar\u00e1 en el Teatro Municipal"},"content":{"rendered":"<p>Ser\u00e1 este domingo 23 a partir de las 20 horas. Su show &#8220;Canciones Doradas&#8221; tendr\u00e1 un repertorio que incluye los &#8220;cl\u00e1sicos de siempre&#8221;. <!--more--><\/p>\n<hr \/>\n<p>Este <strong>domingo 23<\/strong> a partir de las <strong>20 horas<\/strong> se presentar\u00e1 en el <strong>Teatro Municipal <\/strong>el cantante <strong>Adri\u00e1n Barilari<\/strong> son su show &#8220;<em><strong>Canciones Doradas&#8221;.<\/strong><\/em><\/p>\n<p>&nbsp;<\/p>\n<p>El repertorio, seg\u00fan se indic\u00f3, contar\u00e1 con los &#8220;<strong>cl\u00e1sicos de siempre<\/strong>&#8221; y <strong>cl\u00e1sicos de rock cantados en espa\u00f1ol<\/strong>. En el setlist se podr\u00e1n encontrar temas como<em> \u201c<\/em>I still have found<em>\u201d<\/em> de U2, \u201cPretty Woman\u201d, \u201cLo haremos a mi modo\u201d de Lenny Kravitz, \u201cComo yo nadie te ha amado\u201d de Bon Jovi, \u201cEl Show debe continuar\u201d de Queen, \u201cI do it for you\u201d de Bryan Adams, \u201cLe das mal nombre al amor\u201d de Bon Jovi, de Eric Clapton, \u201cA\u00fan tengo blues\u201d, \u201cQuiero saber qu\u00e9 es el amor\u201d, entre otros covers y uno de los temas que lo lanz\u00f3 a la fama, \u201cMujer amante\u201d y &#8220;Volviendo a Casa&#8221; de Rata Blanca.<\/p>\n<p>&nbsp;<\/p>\n<p>La banda que acompa\u00f1a a el artista est\u00e1 conformada por Norberto \u201cBeto\u201d Topini (bater\u00eda), Demi\u00e1n Baez (guitarra y coros), Facundo Collado (teclados y coros), Javier Bisione (bajo y coros) y Ariel Vergara (guitarra).<\/p>\n<p>&nbsp;<\/p>\n<p><strong>Entrada general (sin numerar): $ 6600.<\/strong> Por la compra online deber\u00e1 sumarse el 5% por el cargo por servicio de Articket. Venta en el Teatro con tarjetas de cr\u00e9dito y d\u00e9bito. Venta online www.articket.com.ar con cr\u00e9dito y d\u00e9bito. Venta en Tecnocentro (Rivadavia 3065) en efectivo<\/p>\n","protected":false},"excerpt":{"rendered":"<p>Ser\u00e1 este domingo 23 a partir de las 20 horas. Su show &#8220;Canciones Doradas&#8221; tendr\u00e1 un repertorio que incluye los<\/p>\n","protected":false},"author":6,"featured_media":90519,"comment_status":"closed","ping_status":"closed","sticky":false,"template":"","format":"standard","meta":{"_jetpack_memberships_contains_paid_content":false,"footnotes":""},"categories":[9,1],"tags":[],"class_list":["post-90516","post","type-post","status-publish","format-standard","has-post-thumbnail","hentry","category-cultura","category-portada"],"jetpack_featured_media_url":"https:\/\/i0.wp.com\/cdnoticias.com\/wp-content\/uploads\/2023\/07\/Diseno-sin-titulo-86.jpg?fit=1920%2C1080&ssl=1","jetpack_sharing_enabled":true,"_links":{"self":[{"href":"https:\/\/cdnoticias.com\/index.php\/wp-json\/wp\/v2\/posts\/90516","targetHints":{"allow":["GET"]}}],"collection":[{"href":"https:\/\/cdnoticias.com\/index.php\/wp-json\/wp\/v2\/posts"}],"about":[{"href":"https:\/\/cdnoticias.com\/index.php\/wp-json\/wp\/v2\/types\/post"}],"author":[{"embeddable":true,"href":"https:\/\/cdnoticias.com\/index.php\/wp-json\/wp\/v2\/users\/6"}],"replies":[{"embeddable":true,"href":"https:\/\/cdnoticias.com\/index.php\/wp-json\/wp\/v2\/comments?post=90516"}],"version-history":[{"count":0,"href":"https:\/\/cdnoticias.com\/index.php\/wp-json\/wp\/v2\/posts\/90516\/revisions"}],"wp:featuredmedia":[{"embeddable":true,"href":"https:\/\/cdnoticias.com\/index.php\/wp-json\/wp\/v2\/media\/90519"}],"wp:attachment":[{"href":"https:\/\/cdnoticias.com\/index.php\/wp-json\/wp\/v2\/media?parent=90516"}],"wp:term":[{"taxonomy":"category","embeddable":true,"href":"https:\/\/cdnoticias.com\/index.php\/wp-json\/wp\/v2\/categories?post=90516"},{"taxonomy":"post_tag","embeddable":true,"href":"https:\/\/cdnoticias.com\/index.php\/wp-json\/wp\/v2\/tags?post=90516"}],"curies":[{"name":"wp","href":"https:\/\/api.w.org\/{rel}","templated":true}]}}