{"id":90510,"date":"2023-07-20T09:27:40","date_gmt":"2023-07-20T12:27:40","guid":{"rendered":"https:\/\/www.centraldenoticias.com.ar\/?p=90510"},"modified":"2023-07-20T09:27:40","modified_gmt":"2023-07-20T12:27:40","slug":"presentacion-del-libro-tramas-y-geometrias","status":"publish","type":"post","link":"https:\/\/cdnoticias.com\/index.php\/2023\/07\/20\/presentacion-del-libro-tramas-y-geometrias\/","title":{"rendered":"Presentaci\u00f3n del libro &#8220;Tramas y geometr\u00edas&#8221;"},"content":{"rendered":"<p>Ser\u00e1 el 22 de julio en la Biblioteca &#8220;Rinc\u00f3n de los sue\u00f1os&#8221;\u00a0 ubicada en calle Corrientes 1351, Loma Negra. La jornada contar\u00e1 tambi\u00e9n con la participaci\u00f3n especial de Diego Javier Rojas.<!--more--><\/p>\n<hr \/>\n<p>El <strong>s\u00e1bado 22 de julio<\/strong> se llevar\u00e1 a cabo la presentaci\u00f3n del libro &#8220;<em><strong>Tramas y geometr\u00edas<\/strong><\/em>&#8221; de la escritora <strong>Adriana Abadie.<\/strong> La jornada est\u00e1 organizada por La Comisi\u00f3n Casa de Cultura y Turismo VAF Loma Negra.<\/p>\n<p>&nbsp;<\/p>\n<p><em>&#8220;No es m\u00e1s que ruido ese martillo sobre el metal buscando modelar lo que hace tiempo dej\u00f3 de tener forma&#8221;<\/em> expresa la escritora.<\/p>\n<p>&nbsp;<\/p>\n<p>La cita ser\u00e1 en la <strong>Biblioteca &#8220;Rinc\u00f3n de los sue\u00f1os&#8221;<\/strong> ubicada en calle Corrientes 1351, Loma Negra a partir de las <strong>17 horas<\/strong> y contar\u00e1 con la participaci\u00f3n especial de Diego Javier Rojas.<\/p>\n<p>&nbsp;<\/p>\n","protected":false},"excerpt":{"rendered":"<p>Ser\u00e1 el 22 de julio en la Biblioteca &#8220;Rinc\u00f3n de los sue\u00f1os&#8221;\u00a0 ubicada en calle Corrientes 1351, Loma Negra. La<\/p>\n","protected":false},"author":6,"featured_media":90772,"comment_status":"closed","ping_status":"closed","sticky":false,"template":"","format":"standard","meta":{"_jetpack_memberships_contains_paid_content":false,"footnotes":""},"categories":[9,1],"tags":[],"class_list":["post-90510","post","type-post","status-publish","format-standard","has-post-thumbnail","hentry","category-cultura","category-portada"],"jetpack_featured_media_url":"https:\/\/i0.wp.com\/cdnoticias.com\/wp-content\/uploads\/2023\/07\/tramas-loma-negra.jpg?fit=800%2C445&ssl=1","jetpack_sharing_enabled":true,"_links":{"self":[{"href":"https:\/\/cdnoticias.com\/index.php\/wp-json\/wp\/v2\/posts\/90510","targetHints":{"allow":["GET"]}}],"collection":[{"href":"https:\/\/cdnoticias.com\/index.php\/wp-json\/wp\/v2\/posts"}],"about":[{"href":"https:\/\/cdnoticias.com\/index.php\/wp-json\/wp\/v2\/types\/post"}],"author":[{"embeddable":true,"href":"https:\/\/cdnoticias.com\/index.php\/wp-json\/wp\/v2\/users\/6"}],"replies":[{"embeddable":true,"href":"https:\/\/cdnoticias.com\/index.php\/wp-json\/wp\/v2\/comments?post=90510"}],"version-history":[{"count":0,"href":"https:\/\/cdnoticias.com\/index.php\/wp-json\/wp\/v2\/posts\/90510\/revisions"}],"wp:featuredmedia":[{"embeddable":true,"href":"https:\/\/cdnoticias.com\/index.php\/wp-json\/wp\/v2\/media\/90772"}],"wp:attachment":[{"href":"https:\/\/cdnoticias.com\/index.php\/wp-json\/wp\/v2\/media?parent=90510"}],"wp:term":[{"taxonomy":"category","embeddable":true,"href":"https:\/\/cdnoticias.com\/index.php\/wp-json\/wp\/v2\/categories?post=90510"},{"taxonomy":"post_tag","embeddable":true,"href":"https:\/\/cdnoticias.com\/index.php\/wp-json\/wp\/v2\/tags?post=90510"}],"curies":[{"name":"wp","href":"https:\/\/api.w.org\/{rel}","templated":true}]}}