{"id":90500,"date":"2023-07-17T19:53:17","date_gmt":"2023-07-17T22:53:17","guid":{"rendered":"https:\/\/www.centraldenoticias.com.ar\/?p=90500"},"modified":"2023-07-17T19:53:17","modified_gmt":"2023-07-17T22:53:17","slug":"alta-tributaria-para-un-sector-de-parque-arano","status":"publish","type":"post","link":"https:\/\/cdnoticias.com\/index.php\/2023\/07\/17\/alta-tributaria-para-un-sector-de-parque-arano\/","title":{"rendered":"Alta tributaria para un sector de Parque Arano"},"content":{"rendered":"<p>En el Decreto N\u00ba 3433\/23 figura el listado detallado que comprende 35 inmuebles. Se puede consultar en la p\u00e1gina web del Municipio.<\/p>\n<p><!--more--><\/p>\n<hr \/>\n<p>Desde la Direcci\u00f3n de Rentas de la Municipalidad de Olavarr\u00eda, dependiente de la Secretar\u00eda de Econom\u00eda y Hacienda, se inform\u00f3 que <strong>se aplicar\u00e1 el alta tributaria en un sector de Parque Arano.<\/strong><\/p>\n<p>&nbsp;<\/p>\n<p>El Decreto N\u00ba 3433\/23 se puede consultar en el apartado de <a href=\"https:\/\/www.olavarria.gov.ar\/documentos-publicos\/\" target=\"_blank\" rel=\"noopener\">\u201cDocumentos\u201d<\/a>, sobre la columna izquierda de la p\u00e1gina oficial de la Municipalidad de Olavarr\u00eda www.olavarria.gov.ar<\/p>\n<p>&nbsp;<\/p>\n<p>Tal como se\u00f1ala el documento, se dispuso el alta para la Tasa de Servicios Generales Urbanos y Suburbanos, <strong>a partir del 1\u00ba de julio de 2023, para 35 inmuebles<\/strong> ubicados en el mencionado sector.<\/p>\n<p>&nbsp;<\/p>\n","protected":false},"excerpt":{"rendered":"<p>En el Decreto N\u00ba 3433\/23 figura el listado detallado que comprende 35 inmuebles. Se puede consultar en la p\u00e1gina web<\/p>\n","protected":false},"author":4,"featured_media":16934,"comment_status":"closed","ping_status":"closed","sticky":false,"template":"","format":"standard","meta":{"_jetpack_memberships_contains_paid_content":false,"footnotes":""},"categories":[5,1],"tags":[],"class_list":["post-90500","post","type-post","status-publish","format-standard","has-post-thumbnail","hentry","category-informacion-general","category-portada"],"jetpack_featured_media_url":"https:\/\/i0.wp.com\/cdnoticias.com\/wp-content\/uploads\/2021\/03\/municipalidad00.jpg?fit=800%2C445&ssl=1","jetpack_sharing_enabled":true,"_links":{"self":[{"href":"https:\/\/cdnoticias.com\/index.php\/wp-json\/wp\/v2\/posts\/90500","targetHints":{"allow":["GET"]}}],"collection":[{"href":"https:\/\/cdnoticias.com\/index.php\/wp-json\/wp\/v2\/posts"}],"about":[{"href":"https:\/\/cdnoticias.com\/index.php\/wp-json\/wp\/v2\/types\/post"}],"author":[{"embeddable":true,"href":"https:\/\/cdnoticias.com\/index.php\/wp-json\/wp\/v2\/users\/4"}],"replies":[{"embeddable":true,"href":"https:\/\/cdnoticias.com\/index.php\/wp-json\/wp\/v2\/comments?post=90500"}],"version-history":[{"count":0,"href":"https:\/\/cdnoticias.com\/index.php\/wp-json\/wp\/v2\/posts\/90500\/revisions"}],"wp:featuredmedia":[{"embeddable":true,"href":"https:\/\/cdnoticias.com\/index.php\/wp-json\/wp\/v2\/media\/16934"}],"wp:attachment":[{"href":"https:\/\/cdnoticias.com\/index.php\/wp-json\/wp\/v2\/media?parent=90500"}],"wp:term":[{"taxonomy":"category","embeddable":true,"href":"https:\/\/cdnoticias.com\/index.php\/wp-json\/wp\/v2\/categories?post=90500"},{"taxonomy":"post_tag","embeddable":true,"href":"https:\/\/cdnoticias.com\/index.php\/wp-json\/wp\/v2\/tags?post=90500"}],"curies":[{"name":"wp","href":"https:\/\/api.w.org\/{rel}","templated":true}]}}